{"id":68715,"date":"2025-08-24T09:52:09","date_gmt":"2025-08-24T09:52:09","guid":{"rendered":"https:\/\/www.europesays.com\/es\/68715\/"},"modified":"2025-08-24T09:52:09","modified_gmt":"2025-08-24T09:52:09","slug":"guerra-ucrania-rusia-ultima-hora-en-directo-ucrania-lanza-un-ataque-con-drones-sobre-la-central-nuclear-de-kursk-y-provoca-un-incendio-en-sus-inmediaciones","status":"publish","type":"post","link":"https:\/\/www.europesays.com\/es\/68715\/","title":{"rendered":"Guerra Ucrania-Rusia \u00faltima hora en directo | Ucrania lanza un ataque con drones sobre la central nuclear de Kursk y provoca un incendio en sus inmediaciones"},"content":{"rendered":"<p><a href=\"https:\/\/www.elmundo.es\/autor\/ismael-poveda.html\" aria-hidden=\"true\" rel=\"nofollow noopener\" target=\"_blank\"><img loading=\"lazy\" decoding=\"async\" width=\"80\" height=\"80\" class=\"ue-c-author-profile__photo-img\" alt=\"Ismael Poveda\" src=\"https:\/\/phantom-elmundo.uecdn.es\/0aebd75a2d81618fc5184b7fcbb7e0cd\/crop\/911x94\/2270x1453\/f\/image\/jpeg\/b6e2bc98970ea78af263801b48cdd879\/crop\/911x94\/2270x1453\/resize\/600\/assets\/multimedia\/imagenes\/2024\/03\/05\/17096435233688.jpg\"\/><\/a><\/p>\n<p> Domingo,<br \/>\n24<br \/>\nagosto<br \/>\n2025<br \/>\n&#8211;<br \/>\n11:43<\/p>\n<p class=\"ue-c-article__paragraph\">Se cumplen tres a\u00f1os y medio de la invasi\u00f3n de <strong>Rusia<\/strong> a <a href=\"https:\/\/www.elmundo.es\/internacional\/2025\/08\/23\/68a8a678e4d4d853498b457e.html\" target=\"_blank\" rel=\"nofollow noopener\">Ucrania<\/a>. El conflicto avanza con ataques constantes desde ambos bandos que tratan de da\u00f1ar las infraestructuras del enemigo. El ej\u00e9rcito ucraniano trat\u00f3 de bombardear con drones, aunque sin un gran \u00e9xito, una central nuclear situada en la estrat\u00e9gica regi\u00f3n de <strong>Kursk<\/strong>. <\/p>\n<p class=\"ue-c-article__paragraph\">Rusia, por su parte, lanz\u00f3 un misil bal\u00edstico <strong>Iskander-M<\/strong> y <strong>73 drones<\/strong> sobre diferentes puntos del territorio enemigo. 48 de esos aparatos no tripulados fueron derribados o interceptados por las defensas ucranianas. Se registraron impactos de misil y de dron en diez emplazamientos diferentes, cuya localizaci\u00f3n no fue especificada por las autoridades. Adem\u00e1s, en la jornada de ayer, el ej\u00e9rcito ruso tom\u00f3 dos asentamientos situados en la regi\u00f3n de <strong>Donestk<\/strong>. <\/p>\n<p class=\"ue-c-article__paragraph\">En medio de ese intercambio de fuego constante, el presidente de Ucrania, <strong>Volodimir Zelenski<\/strong>, cont\u00ednua en su empe\u00f1o por reunirse de forma personal con el invasor de su territorio, <strong>Vladimir Putin<\/strong>, para negociar un acuerdo por la paz entre ambos pa\u00edses. Desde el Kremlin, pese a no descartar la posibilidad de que dicho encuentro llegue a producirse, evitan dar una respuesta contundente sobre ello y retrasan la cumbre a la creaci\u00f3n de una agenda, <strong>\u00abque est\u00e1 muy lejos de estar lista\u00bb<\/strong>, en la que se determinen los puntos a tratar.<\/p>\n","protected":false},"excerpt":{"rendered":"Domingo, 24 agosto 2025 &#8211; 11:43 Se cumplen tres a\u00f1os y medio de la invasi\u00f3n de Rusia a&hellip;\n","protected":false},"author":2,"featured_media":68716,"comment_status":"","ping_status":"","sticky":false,"template":"","format":"standard","meta":{"footnotes":""},"categories":[42],"tags":[27629,17,18,352,13,14,15996,11,61,62,63,64,19,20,9,10,15,16,1614,12,7081,21,22,7083,14181,65,66,67],"class_list":{"0":"post-68715","1":"post","2":"type-post","3":"status-publish","4":"format-standard","5":"has-post-thumbnail","7":"category-internacional","8":"tag-articulos-ismael-poveda","9":"tag-breaking-news","10":"tag-breakingnews","11":"tag-donald-trump","12":"tag-featured-news","13":"tag-featurednews","14":"tag-guerra-ucrania-rusia","15":"tag-headlines","16":"tag-internacional","17":"tag-international","18":"tag-international-news","19":"tag-internationalnews","20":"tag-latest-news","21":"tag-latestnews","22":"tag-news","23":"tag-noticias","24":"tag-noticias-destacadas","25":"tag-noticiasdestacadas","26":"tag-rusia","27":"tag-titulares","28":"tag-ucrania","29":"tag-ultimas-noticias","30":"tag-ultimasnoticias","31":"tag-vladimir-putin","32":"tag-volodimir-zelenski","33":"tag-world","34":"tag-world-news","35":"tag-worldnews"},"share_on_mastodon":{"url":"","error":""},"_links":{"self":[{"href":"https:\/\/www.europesays.com\/es\/wp-json\/wp\/v2\/posts\/68715","targetHints":{"allow":["GET"]}}],"collection":[{"href":"https:\/\/www.europesays.com\/es\/wp-json\/wp\/v2\/posts"}],"about":[{"href":"https:\/\/www.europesays.com\/es\/wp-json\/wp\/v2\/types\/post"}],"author":[{"embeddable":true,"href":"https:\/\/www.europesays.com\/es\/wp-json\/wp\/v2\/users\/2"}],"replies":[{"embeddable":true,"href":"https:\/\/www.europesays.com\/es\/wp-json\/wp\/v2\/comments?post=68715"}],"version-history":[{"count":0,"href":"https:\/\/www.europesays.com\/es\/wp-json\/wp\/v2\/posts\/68715\/revisions"}],"wp:featuredmedia":[{"embeddable":true,"href":"https:\/\/www.europesays.com\/es\/wp-json\/wp\/v2\/media\/68716"}],"wp:attachment":[{"href":"https:\/\/www.europesays.com\/es\/wp-json\/wp\/v2\/media?parent=68715"}],"wp:term":[{"taxonomy":"category","embeddable":true,"href":"https:\/\/www.europesays.com\/es\/wp-json\/wp\/v2\/categories?post=68715"},{"taxonomy":"post_tag","embeddable":true,"href":"https:\/\/www.europesays.com\/es\/wp-json\/wp\/v2\/tags?post=68715"}],"curies":[{"name":"wp","href":"https:\/\/api.w.org\/{rel}","templated":true}]}}