{"id":68717,"date":"2025-08-24T09:53:14","date_gmt":"2025-08-24T09:53:14","guid":{"rendered":"https:\/\/www.europesays.com\/es\/68717\/"},"modified":"2025-08-24T09:53:14","modified_gmt":"2025-08-24T09:53:14","slug":"la-emocion-politica-de-un-librepensador","status":"publish","type":"post","link":"https:\/\/www.europesays.com\/es\/68717\/","title":{"rendered":"La emoci\u00f3n pol\u00edtica de un librepensador"},"content":{"rendered":"<p class=\"c-paragraph\">Cuando alguien a quien queremos se muere, nos invade un profundo dolor. Sentimos que nos quedamos m\u00e1s solos. Ese es el sentimiento que albergo ahora cuando escribo algo que no quer\u00eda escribir. Habr\u00eda dado lo que fuera para no tener que hacerlo:\u00a0<b><b>mi despedida final a Javier Lamb\u00e1n, expresidente del Gobierno de Arag\u00f3n<\/b><\/b>.<\/p>\n<p class=\"c-paragraph\">\u00c9l sab\u00eda desde hac\u00eda tiempo que su vida se estaba agotando. Los dem\u00e1s tambi\u00e9n, pero fing\u00edamos ignorarlo. Quiz\u00e1s confi\u00e1bamos ingenuamente en un golpe de suerte, en una sorpresa, en una \u00faltima esperanza que restableciera su salud, pero no fue as\u00ed.<\/p>\n<p class=\"c-paragraph\">Muri\u00f3 como vivi\u00f3. <b>Afront\u00f3 su final con discreci\u00f3n, con naturalidad, con la misma entereza y coraje que hab\u00eda demostrado a lo largo de su vida<\/b>. Y muri\u00f3 con las botas puestas. Pese a conocer la gravedad de sus dolencias, que le llevaron a un visible deterioro f\u00edsico al que \u00e9l mismo no daba importancia, sigui\u00f3 hasta el \u00faltimo suspiro concediendo entrevistas, publicando art\u00edculos\u00a0\u2014el \u00faltimo lo envi\u00f3 a HERALDO pocos d\u00edas antes de morir\u2014\u00a0y participando en las redes sociales con su habitual franqueza y claridad. Su \u00e1nimo era admirable.<\/p>\n<p class=\"c-paragraph\">Recuerdo nuestras fuertes y enconadas discusiones. <b>L<\/b><b>as relaciones que mantuve como editor independiente de prensa con un pol\u00edtico de la envergadura y la responsabilidad de Javier no siempre resultaron f\u00e1ciles. Eran las cl\u00e1sicas relaciones tormentosas entre Prensa y Poder<\/b>. \u00c9l ejerc\u00eda como socialista y yo como liberal. Defend\u00edamos nuestras ideas con vehemencia y a veces hasta de forma provocativa, pero <b>siempre prevalecieron entre nosotros una enorme consideraci\u00f3n, cari\u00f1o y lealtad<\/b>. Y me sent\u00eda a la vez muy orgulloso como aragon\u00e9s de ver en otros editores de nuestro pa\u00eds, incluso en pol\u00edticos de distinta ideolog\u00eda a la de Javier, el afecto y reconocimiento que le ten\u00edan por su nobleza, coherencia y valent\u00eda.<\/p>\n<p class=\"c-paragraph\">A pesar de nuestras diferencias y de venir de mundos distintos, <b>compart\u00edamos el respeto y la admiraci\u00f3n a la Transici\u00f3n democr\u00e1tica, ese prodigio pol\u00edtico que permiti\u00f3 a Espa\u00f1a consolidar un Estado de derecho cimentado en la Constituci\u00f3n de 1978<\/b>, sin duda la mejor que ha tenido nuestro pa\u00eds en toda su historia. Esta Ley Fundamental nos un\u00eda a ambos sin fisuras porque consagraba los derechos y libertades de los espa\u00f1oles, fortalec\u00eda la unidad de Espa\u00f1a, la igualdad entre sus ciudadanos, asentaba la Monarqu\u00eda parlamentaria, apostaba por la solidaridad nacional y la convivencia y establec\u00eda una clara divisi\u00f3n de poderes.<\/p>\n<p class=\"c-paragraph\">Fue presidente de Arag\u00f3n durante ocho a\u00f1os. Seguramente, los mejores de su vida pol\u00edtica, aunque tambi\u00e9n los m\u00e1s espinosos; pero esto encajaba con su personalidad vehemente y apasionada. Mientras otros compa\u00f1eros prefirieron la sumisi\u00f3n en vez de la discusi\u00f3n, el silencio en lugar del debate o la obediencia donde cab\u00eda pensamiento cr\u00edtico,<b> Javier, un historiador culto y un librepensador en estado puro, no se dobleg\u00f3 y siempre dijo lo que pensaba.<\/b><\/p>\n<p class=\"c-paragraph\"><b>Se mostr\u00f3 desde el principio intransigente y duro; por ejemplo, contra la amnist\u00eda concedida a los golpistas catalanes<\/b>, contra los pactos alcanzados con los independentistas de Catalu\u00f1a y con Bildu por mera ambici\u00f3n de poder o contra la nueva financiaci\u00f3n singular para nuestra comunidad vecina. Y lo hizo porque sab\u00eda que da\u00f1aban el n\u00facleo esencial de la Constituci\u00f3n y, por tanto, la convivencia y armon\u00eda entre espa\u00f1oles.<\/p>\n<p class=\"c-paragraph\"><b>Como socialdem\u00f3crata aut\u00e9ntico que era, a\u00f1oraba a ese PSOE responsable que hizo posible la Transici\u00f3n, y no se encontraba c\u00f3modo con la deriva de la c\u00fapula actual del partido<\/b> a la que acusaba de anteponer los intereses partidistas a los del Estado. Sent\u00eda que ya no se pod\u00eda disentir, ni discutir ni opinar en contra del argumentario oficial y del pensamiento \u00fanico. Pero Javier, ni por car\u00e1cter, ni por formaci\u00f3n, ni por trayectoria, ni por principios estaba dispuesto a asumir esta situaci\u00f3n. <b>Fue siempre un hombre fiel a sus valores. Esa era una de sus principales virtudes y no iba a renunciar a ella al final de su vida.<\/b><\/p>\n<p class=\"c-paragraph\">Lo dec\u00eda Unamuno: \u00abYo no he cambiado. Los que han cambiado han sido todos ustedes\u00bb. Era exactamente as\u00ed. Un hombre que ejerci\u00f3 la tolerancia y el respeto durante toda su existencia. Un hombre que hizo de la lealtad institucional una de sus principales banderas pol\u00edticas. Se declaraba republicano puro, pero por esa fidelidad, que tanto se echa de menos en otras comunidades aut\u00f3nomas,<b> fue capaz de darse cuenta del papel tan fundamental que para nuestra democracia desempe\u00f1a la Monarqu\u00eda parlamentaria<\/b>; y lleg\u00f3 a trabar una buena amistad con el rey Felipe VI, con quien sol\u00eda mantener contactos peri\u00f3dicos.<\/p>\n<p class=\"c-paragraph\"><b>Siempre les agradecer\u00e9 profundamente a ambos, a Javier y al Rey, el apoyo absoluto que me dieron con motivo del Congreso Mundial de Editores que celebramos en Zaragoza en el oto\u00f1o de 2022<\/b> y que logr\u00e9 traer a nuestra ciudad cuando era presidente de esa organizaci\u00f3n.<\/p>\n<p class=\"c-paragraph\">Nunca le podr\u00e9 corresponder tampoco a Javier Lamb\u00e1n por su cordialidad y su afecto personal, ni agradecerle lo suficiente la complicidad que teji\u00f3 conmigo como aragoneses para defender los intereses de nuestra tierra. Por eso <b>s<\/b><b>iempre admir\u00e9 tambi\u00e9n su tenacidad, llevada hasta las \u00faltimas consecuencias, por anteponer los intereses de Arag\u00f3n sobre otros cualesquiera.<\/b><\/p>\n<p class=\"c-paragraph\">Nuestra Comunidad ha perdido a un hombre de una pieza, honrado, \u00edntegro y de admirable tes\u00f3n. Pasar\u00e1 a la historia como un gran presidente auton\u00f3mico. Yo pierdo a un buen amigo al que no olvidar\u00e9 nunca. Era un hombre del que pod\u00eda decirse lo que merecen muy pocos: <b>\u00abSi tuvi\u00e9semos a quince m\u00e1s como \u00e9l, la pol\u00edtica espa\u00f1ola ser\u00eda mucho mejor y m\u00e1s digna\u00bb. Descansa en paz.<\/b><\/p>\n","protected":false},"excerpt":{"rendered":"Cuando alguien a quien queremos se muere, nos invade un profundo dolor. Sentimos que nos quedamos m\u00e1s solos.&hellip;\n","protected":false},"author":2,"featured_media":68718,"comment_status":"","ping_status":"","sticky":false,"template":"","format":"standard","meta":{"footnotes":""},"categories":[8],"tags":[17,18,18266,25,24,13,14,11,19,20,27630,9,10,15,16,952,23,12,21,22],"class_list":{"0":"post-68717","1":"post","2":"type-post","3":"status-publish","4":"format-standard","5":"has-post-thumbnail","7":"category-espana","8":"tag-breaking-news","9":"tag-breakingnews","10":"tag-emocion","11":"tag-es","12":"tag-espana","13":"tag-featured-news","14":"tag-featurednews","15":"tag-headlines","16":"tag-latest-news","17":"tag-latestnews","18":"tag-librepensador","19":"tag-news","20":"tag-noticias","21":"tag-noticias-destacadas","22":"tag-noticiasdestacadas","23":"tag-politica","24":"tag-spain","25":"tag-titulares","26":"tag-ultimas-noticias","27":"tag-ultimasnoticias"},"share_on_mastodon":{"url":"","error":""},"_links":{"self":[{"href":"https:\/\/www.europesays.com\/es\/wp-json\/wp\/v2\/posts\/68717","targetHints":{"allow":["GET"]}}],"collection":[{"href":"https:\/\/www.europesays.com\/es\/wp-json\/wp\/v2\/posts"}],"about":[{"href":"https:\/\/www.europesays.com\/es\/wp-json\/wp\/v2\/types\/post"}],"author":[{"embeddable":true,"href":"https:\/\/www.europesays.com\/es\/wp-json\/wp\/v2\/users\/2"}],"replies":[{"embeddable":true,"href":"https:\/\/www.europesays.com\/es\/wp-json\/wp\/v2\/comments?post=68717"}],"version-history":[{"count":0,"href":"https:\/\/www.europesays.com\/es\/wp-json\/wp\/v2\/posts\/68717\/revisions"}],"wp:featuredmedia":[{"embeddable":true,"href":"https:\/\/www.europesays.com\/es\/wp-json\/wp\/v2\/media\/68718"}],"wp:attachment":[{"href":"https:\/\/www.europesays.com\/es\/wp-json\/wp\/v2\/media?parent=68717"}],"wp:term":[{"taxonomy":"category","embeddable":true,"href":"https:\/\/www.europesays.com\/es\/wp-json\/wp\/v2\/categories?post=68717"},{"taxonomy":"post_tag","embeddable":true,"href":"https:\/\/www.europesays.com\/es\/wp-json\/wp\/v2\/tags?post=68717"}],"curies":[{"name":"wp","href":"https:\/\/api.w.org\/{rel}","templated":true}]}}