{"id":68721,"date":"2025-08-24T09:56:12","date_gmt":"2025-08-24T09:56:12","guid":{"rendered":"https:\/\/www.europesays.com\/es\/68721\/"},"modified":"2025-08-24T09:56:12","modified_gmt":"2025-08-24T09:56:12","slug":"bolsin-taurino-de-alba-juan-manuel-vidal-ganador-2025-salamancartv-al-dia","status":"publish","type":"post","link":"https:\/\/www.europesays.com\/es\/68721\/","title":{"rendered":"Bols\u00edn Taurino de Alba: Juan Manuel Vidal, ganador 2025 &#8211; SALAMANCArtv AL D\u00cdA"},"content":{"rendered":"<p class=\"prip\">El certamen, enmarcado en las fiestas de la Transverberaci\u00f3n, concluy\u00f3 con una final en la que tambi\u00e9n participaron Diego Mateos, Hugo de Juana y Gitano Rey.<\/p>\n<p class=\"prip\"><strong>Fotograf\u00edas: Ricardo Tejedor Vicente<\/strong><\/p>\n<p>La plaza de toros de <strong>Alba de Tormes<\/strong> fue testigo este s\u00e1bado, 24 de agosto, de la gran final del <strong>VIII Bols\u00edn Taurino &#8216;Botijo de Filigrana&#8217;<\/strong>, un certamen que se ha consolidado como un escaparate para las j\u00f3venes promesas del toreo. En una tarde de gran expectaci\u00f3n, el novillero <strong>Juan Manuel Vidal Cancela<\/strong> se proclam\u00f3 ganador tras una destacada actuaci\u00f3n.<\/p>\n<p>El evento, enmarcado en las fiestas de la Transverberaci\u00f3n, atrajo a un gran n\u00famero de aficionados y visitantes que no quisieron perderse la culminaci\u00f3n de un certamen que ha demostrado, una edici\u00f3n m\u00e1s, el alto nivel de la cantera taurina.<\/p>\n<p>La novillada final cont\u00f3 con un cartel de cuatro prometedores aspirantes que hab\u00edan superado las fases previas, demostrando su val\u00eda y talento en el ruedo. Se lidiaron novillos de Jos\u00e9 Enrique Fraile de Valdefresno, Juan Luis Fraile, El Gustal de Campocerrado y Mar\u00eda Casc\u00f3n.<\/p>\n<p><img loading=\"lazy\" decoding=\"async\" class=\"tinymceimage\" width=\"800\" height=\"566\"   src=\"https:\/\/www.europesays.com\/es\/wp-content\/uploads\/2025\/08\/a24_250824111423.webp.webp\" alt=\"El 'Botijo de Filigrana' ya tiene due\u00f1o: Juan Manuel Vidal Cancela | Imagen 1\"\/><\/p>\n<p>Un impulso para las j\u00f3venes promesas del toreo<\/p>\n<p>El \u00e9xito del bols\u00edn es fruto de la colaboraci\u00f3n entre el <strong>Ayuntamiento de Alba de Tormes<\/strong> y la <strong>Asociaci\u00f3n Cultural Taurina 15 de octubre<\/strong>, entidades organizadoras que, con el respaldo fundamental de la <strong>Diputaci\u00f3n de Salamanca<\/strong>, apuestan decididamente por el futuro de la fiesta.<\/p>\n","protected":false},"excerpt":{"rendered":"El certamen, enmarcado en las fiestas de la Transverberaci\u00f3n, concluy\u00f3 con una final en la que tambi\u00e9n participaron&hellip;\n","protected":false},"author":2,"featured_media":68722,"comment_status":"","ping_status":"","sticky":false,"template":"","format":"standard","meta":{"footnotes":""},"categories":[277],"tags":[9777,27631,373,168,25,24,27632,4494,23,167,374],"class_list":{"0":"post-68721","1":"post","2":"type-post","3":"status-publish","4":"format-standard","5":"has-post-thumbnail","7":"category-toreo","8":"tag-alba-de-tormes","9":"tag-bolsin-taurino-botijo-de-filigrana","10":"tag-bullfighting","11":"tag-deportes","12":"tag-es","13":"tag-espana","14":"tag-juan-manuel-vidal-cancela","15":"tag-novillada","16":"tag-spain","17":"tag-sports","18":"tag-toreo"},"share_on_mastodon":{"url":"","error":""},"_links":{"self":[{"href":"https:\/\/www.europesays.com\/es\/wp-json\/wp\/v2\/posts\/68721","targetHints":{"allow":["GET"]}}],"collection":[{"href":"https:\/\/www.europesays.com\/es\/wp-json\/wp\/v2\/posts"}],"about":[{"href":"https:\/\/www.europesays.com\/es\/wp-json\/wp\/v2\/types\/post"}],"author":[{"embeddable":true,"href":"https:\/\/www.europesays.com\/es\/wp-json\/wp\/v2\/users\/2"}],"replies":[{"embeddable":true,"href":"https:\/\/www.europesays.com\/es\/wp-json\/wp\/v2\/comments?post=68721"}],"version-history":[{"count":0,"href":"https:\/\/www.europesays.com\/es\/wp-json\/wp\/v2\/posts\/68721\/revisions"}],"wp:featuredmedia":[{"embeddable":true,"href":"https:\/\/www.europesays.com\/es\/wp-json\/wp\/v2\/media\/68722"}],"wp:attachment":[{"href":"https:\/\/www.europesays.com\/es\/wp-json\/wp\/v2\/media?parent=68721"}],"wp:term":[{"taxonomy":"category","embeddable":true,"href":"https:\/\/www.europesays.com\/es\/wp-json\/wp\/v2\/categories?post=68721"},{"taxonomy":"post_tag","embeddable":true,"href":"https:\/\/www.europesays.com\/es\/wp-json\/wp\/v2\/tags?post=68721"}],"curies":[{"name":"wp","href":"https:\/\/api.w.org\/{rel}","templated":true}]}}