{"id":68723,"date":"2025-08-24T09:59:23","date_gmt":"2025-08-24T09:59:23","guid":{"rendered":"https:\/\/www.europesays.com\/es\/68723\/"},"modified":"2025-08-24T09:59:23","modified_gmt":"2025-08-24T09:59:23","slug":"alcaraz-prepara-el-gran-golpe-en-nueva-york","status":"publish","type":"post","link":"https:\/\/www.europesays.com\/es\/68723\/","title":{"rendered":"Alcaraz prepara el gran golpe en Nueva York"},"content":{"rendered":"<p class=\"ft-text\">Y ser\u00e1 en <strong>Flushing Meadows<\/strong>, el escenario en el que <a class=\"ft-link ft-link--decoration\" href=\"https:\/\/www.informacion.es\/tags\/carlos-alcaraz\/\" rel=\"nofollow noopener\" target=\"_blank\">Carlos Alcaraz<\/a> asalt\u00f3 por primera vez el trono del tenis, donde la corona mundial vuelva a estar en juego. Han pasado <strong>1077 d\u00edas<\/strong> desde que un joven tenista murciano de apenas <strong>18 a\u00f1os<\/strong>, con poca experiencia en estos escenarios pero talento a raudales, escalara por primera vez la cima m\u00e1s alta de todas, precisamente en <strong>Nueva York<\/strong>. Y ahora, despu\u00e9s de lo que ha podido parecer una eternidad, el destino parece hab\u00e9rselas ingeniado para que el n\u00famero dos protagonice el gran golpe ante <a class=\"ft-link ft-link--decoration\" href=\"https:\/\/www.informacion.es\/tags\/jannik-sinner\/\" rel=\"nofollow noopener\" target=\"_blank\"><strong>Jannik Sinner<\/strong><\/a><strong> <\/strong>justo donde todo empez\u00f3.<\/p>\n<p class=\"ft-text\">Ser\u00e1 la primera vez en 57 a\u00f1os, desde el nacimiento de la Era Abierta, que el Grand Slam estadounidense se <strong>estrene un domingo<\/strong>. Lo har\u00e1, sin embargo, cargado de emociones fuertes; desde el sue\u00f1o americano de <strong>Ben Shelton<\/strong> a la esperanza de <strong>Alexander Zverev<\/strong>, del ascenso de la clase estadounidense a uno de los \u00faltimos bailes de <strong>Novak Djokovic<\/strong> en el circuito&#8230; pero, sobre todo, ser\u00e1 el <a class=\"ft-link ft-link--decoration\" href=\"https:\/\/www.informacion.es\/tags\/us-open\/\" rel=\"nofollow noopener\" target=\"_blank\">US Open<\/a> donde <strong>Carlos Alcaraz<\/strong> intente completar la caza del n\u00famero uno ante Jannik Sinner. <strong>La historia de siempre, pero esta vez en Nueva York.<\/strong><\/p>\n<p>Oportunidad de oro para recuperar el trono<\/p>\n<p class=\"ft-text\">Y es que por primera vez desde que perdiese su corona el 10 de septiembre de 2023 ante<strong> <\/strong><a class=\"ft-link ft-link--decoration\" href=\"https:\/\/www.informacion.es\/tags\/novak-djokovic\/\" rel=\"nofollow noopener\" target=\"_blank\">Novak Djokovic<\/a>, el murciano tiene en sus manos poder recuperar el trono mundial. La teor\u00eda dice que tendremos que esperar hasta una hipot\u00e9tica final contra <strong>Jannik Sinner<\/strong> -aquella que se viene repitiendo de manera inevitable estos \u00faltimos tiempos- para saber si <strong>Alcaraz <\/strong>sale de Nueva York como n\u00famero uno; de superar ambos la tercera ronda, el murciano tendr\u00eda que igualar o superar el resultado que obtenga el de San Candido en Nueva York <strong>para ser n\u00famero uno<\/strong>. Y viendo el nivel de ambos -tambi\u00e9n el de los dem\u00e1s aspirantes-, que <strong>Flushing Meadows <\/strong>viva otra vez la final de siempre parece inevitable.<\/p>\n<p><img decoding=\"async\" src=\"https:\/\/www.europesays.com\/es\/wp-content\/uploads\/2025\/08\/9b22c89a-07e4-4b28-9a89-6696dcd7bb13_alta-libre-aspect-ratio_default_0.jpg\" width=\"1200\" height=\"675\" alt=\"Carlos Alcaraz, entrenando en el US Open\" class=\"ft-helper-img-rd\" loading=\"lazy\" hasdataaida=\"true\"\/><\/p>\n<p class=\"ft-helper-fontColor-quaternary ft-helper-fontSize-body-S ft-helper-spacer-t-xxs\">Carlos Alcaraz, entrenando en el US Open  \/ X<\/p>\n<p class=\"ft-text\">Esta vez lo tendr\u00e1 m\u00e1s complicado <strong>Carlos Alcaraz<\/strong> poder llegar al d\u00eda marcado en fuego en la Arhur Ashe. Si en <strong>Roland Garros<\/strong> o <strong>Wimbledon <\/strong>el murciano ten\u00eda un sorteo m\u00e1s amigable que su eterno rival, en el <strong>US Open<\/strong> ha sido totalmente al contrario. Desde unos octavos de final ante <strong>Medvedev<\/strong>, otros cuartos dur\u00edsimos ante Ben Shelton o unas semifinales ante <strong>Djokovic <\/strong>o <strong>Fritz<\/strong>&#8230; el n\u00famero dos del mundo tiene esta vez un cuadro m\u00e1s complicado que Jannik, que tiene la \u00fanica amenaza real marcada en semis contra <strong>Zverev<\/strong>.<\/p>\n<p class=\"ft-text\">La buena noticia para Alcaraz es que llega a <strong>Nueva York<\/strong> en un estado de forma inmejorable. Se perdi\u00f3 <strong>Toronto <\/strong>-como tambi\u00e9n lo hizo Sinner- para llegar en buenas condiciones a la gira norteamericana. Y su apuesta le sali\u00f3 cara; en un torneo que fue de menos a m\u00e1s para el murciano, finalmente pudo coronarse con el t\u00edtulo en <strong>Cincinnati <\/strong>ante Jannik. Las sensaciones son positivas, especialmente estos \u00faltimos d\u00edas, aunque Carlos no esconde que deber\u00e1 estar alerta por el <strong>mareante n\u00famero de partidos que deber\u00e1 disputar hasta final de a\u00f1o<\/strong>.<\/p>\n<p><img decoding=\"async\" src=\"https:\/\/www.europesays.com\/es\/wp-content\/uploads\/2025\/08\/9362a7b6-0aea-44c1-b570-3b721b5c0434_alta-libre-aspect-ratio_default_0.jpg\" width=\"1200\" height=\"675\" alt=\"Jannik Sinner entrenando en las pistas de Nueva York\" class=\"ft-helper-img-rd\" loading=\"lazy\" hasdataaida=\"true\"\/><\/p>\n<p class=\"ft-helper-fontColor-quaternary ft-helper-fontSize-body-S ft-helper-spacer-t-xxs\">Jannik Sinner entrenando en las pistas de Nueva York  \/ Agencias<\/p>\n<p class=\"ft-text\">Y Jannik, por el contrario, aterriz\u00f3 en La Gran Manzana entre algodones. Se tuvo que retirar antes de tiempo de la final en <strong>Cincinnati <\/strong>contra Alcaraz por una fuerte fiebre, pero su recuperaci\u00f3n en este sentido ha avanzado en sentido correcto. A pesar de no estar en su plenitud f\u00edsica, el n\u00famero uno espera poder llegar a punto para el inicio del torneo. <strong>Y cuando lo haga, ser\u00e1 imparable para la mayor\u00eda de los mortales. <\/strong>Para todos, menos para Alcaraz<strong>.<\/strong><\/p>\n<p>Sabalenka tiene competencia<\/p>\n<p class=\"ft-text\">Si el cuadro masculino parece cosa de dos -con permiso del incombustible <strong>Novak Djokovic<\/strong>-, el femenino tendr\u00e1 a tres grandes protagonistas en liza para coronar <strong>Flushing Meadows. <\/strong>Es inevitable bautizar a Aryna Sabalenka como la favorita para esta ocasi\u00f3n, aunque tanto <strong>Coco Gauff<\/strong> -campeona en Roland Garros- como<strong> Iga Swiatek<\/strong> -campeona en Wimbledon- han dado un paso adelante estos \u00faltimos meses para poder plantar cara a la bielorrusa.<\/p>\n<p><img decoding=\"async\" src=\"https:\/\/www.europesays.com\/es\/wp-content\/uploads\/2025\/08\/29fac1db-4743-4901-99c9-a394061a4b4c_alta-libre-aspect-ratio_default_0.jpg\" width=\"1200\" height=\"675\" alt=\"Sabalenka cumpli\u00f3 un sue\u00f1o ganando el US Open\" class=\"ft-helper-img-rd\" loading=\"lazy\" hasdataaida=\"true\"\/><\/p>\n<p class=\"ft-helper-fontColor-quaternary ft-helper-fontSize-body-S ft-helper-spacer-t-xxs\">Sabalenka cumpli\u00f3 un sue\u00f1o ganando el US Open  \/ EFE<\/p>\n<p class=\"ft-text\">Y en el pa\u00eds del espect\u00e1culo, quien robar\u00e1 todos los focos ser\u00e1 <strong>Venus Williams<\/strong>. Se convertir\u00e1 en la participante de mayor edad en Nueva York desde 1981 en uno de los regresos m\u00e1s esperados de los \u00faltimos tiempos. Narrativas \u00e9picas, tenistas en su esplendor, partidos cargados de dinamita&#8230; <strong>sea bienvenido este US Open 2025 y que depare, como siempre, mucho espect\u00e1culo.<\/strong><\/p>\n","protected":false},"excerpt":{"rendered":"Y ser\u00e1 en Flushing Meadows, el escenario en el que Carlos Alcaraz asalt\u00f3 por primera vez el trono&hellip;\n","protected":false},"author":2,"featured_media":68724,"comment_status":"","ping_status":"","sticky":false,"template":"","format":"standard","meta":{"footnotes":""},"categories":[274],"tags":[4736,545,168,25,24,13654,3956,544,795,5936,23,167,327,326,541],"class_list":{"0":"post-68723","1":"post","2":"type-post","3":"status-publish","4":"format-standard","5":"has-post-thumbnail","7":"category-tenis","8":"tag-alcaraz","9":"tag-carlos-alcaraz","10":"tag-deportes","11":"tag-es","12":"tag-espana","13":"tag-golpe","14":"tag-gran","15":"tag-jannik-sinner","16":"tag-nueva","17":"tag-prepara","18":"tag-spain","19":"tag-sports","20":"tag-tenis","21":"tag-tennis","22":"tag-us-open"},"share_on_mastodon":{"url":"","error":""},"_links":{"self":[{"href":"https:\/\/www.europesays.com\/es\/wp-json\/wp\/v2\/posts\/68723","targetHints":{"allow":["GET"]}}],"collection":[{"href":"https:\/\/www.europesays.com\/es\/wp-json\/wp\/v2\/posts"}],"about":[{"href":"https:\/\/www.europesays.com\/es\/wp-json\/wp\/v2\/types\/post"}],"author":[{"embeddable":true,"href":"https:\/\/www.europesays.com\/es\/wp-json\/wp\/v2\/users\/2"}],"replies":[{"embeddable":true,"href":"https:\/\/www.europesays.com\/es\/wp-json\/wp\/v2\/comments?post=68723"}],"version-history":[{"count":0,"href":"https:\/\/www.europesays.com\/es\/wp-json\/wp\/v2\/posts\/68723\/revisions"}],"wp:featuredmedia":[{"embeddable":true,"href":"https:\/\/www.europesays.com\/es\/wp-json\/wp\/v2\/media\/68724"}],"wp:attachment":[{"href":"https:\/\/www.europesays.com\/es\/wp-json\/wp\/v2\/media?parent=68723"}],"wp:term":[{"taxonomy":"category","embeddable":true,"href":"https:\/\/www.europesays.com\/es\/wp-json\/wp\/v2\/categories?post=68723"},{"taxonomy":"post_tag","embeddable":true,"href":"https:\/\/www.europesays.com\/es\/wp-json\/wp\/v2\/tags?post=68723"}],"curies":[{"name":"wp","href":"https:\/\/api.w.org\/{rel}","templated":true}]}}