{"id":68727,"date":"2025-08-24T10:01:19","date_gmt":"2025-08-24T10:01:19","guid":{"rendered":"https:\/\/www.europesays.com\/es\/68727\/"},"modified":"2025-08-24T10:01:19","modified_gmt":"2025-08-24T10:01:19","slug":"para-eficiencia-la-de-piastri-en-el-gp-de-belgica-de-f1-formula-1-deportes","status":"publish","type":"post","link":"https:\/\/www.europesays.com\/es\/68727\/","title":{"rendered":"Para eficiencia, la de Piastri en el GP de B\u00e9lgica de F1 | F\u00f3rmula 1 | Deportes"},"content":{"rendered":"<p class=\"\">En la F\u00f3rmula 1 rige un principio que no es nada original, porque se puede aplicar a la mayor\u00eda de disciplinas del deporte: la b\u00fasqueda de la eficiencia m\u00e1xima. Lo que ocurre es que este ideal se ha convertido en pr\u00e1cticamente una entelequia en la era moderna, en la que el componente tecnol\u00f3gico se ha establecido como el m\u00e1s determinante en la relaci\u00f3n coche-piloto. Esa eficiencia pasa por el talento del corredor y su tino en una jornada concreta; por la competitividad del monoplaza que conduce y por el acierto de la escuder\u00eda, tanto en el ensamblaje y la configuraci\u00f3n del b\u00f3lido. Y luego hay esas piezas que se rompen cuando no deber\u00edan, y que mandan retrete abajo lo bien que se haya podido hacer todo lo anterior. En esa cruzada hacia la excelencia, Red Bull y Max Verstappen figuran al frente de esa tabla imaginaria, una impresi\u00f3n que se intu\u00eda perfectamente durante los cuatro \u00faltimos a\u00f1os, en los que se coron\u00f3 campe\u00f3n de forma consecutiva, y que todav\u00eda es menos cuestionable ahora que el holand\u00e9s no gana o lo hace menos. En el lado opuesto, en las catacumbas de estad\u00edstica se pueden situar a varios, aunque en estos momentos probablemente sea Aston Martin quien abandere el desatino. <\/p>\n<p class=\"\">El brutal desarrollo llevado a cabo por McLaren durante los \u00faltimos dos cursos ha dado como resultado un coche tan dominador como antes lo fue el del b\u00fafalo rojo, y un ciclo m\u00e1s atr\u00e1s el Mercedes<a href=\"https:\/\/elpais.com\/deportes\/formula-1\/2025-07-27\/la-carrera-del-gp-de-belgica-en-directo-el-mundial-de-f1-en-vivo.html\" target=\"_blank\" rel=\"noreferrer nofollow noopener\" title=\"https:\/\/elpais.com\/deportes\/formula-1\/2025-07-27\/la-carrera-del-gp-de-belgica-en-directo-el-mundial-de-f1-en-vivo.html\">. Oscar Piastri y Lando Norris, la pareja del equipo de Woking<\/a> (Gran Breta\u00f1a), andan metidos en una especie de combate de boxeo con intercambios de golpes cruzados. Hablando de eficiencia, entre los dos acumulan diez victorias de trece posibles, con cuatro para el brit\u00e1nico y seis para el australiano, l\u00edder del certamen con 16 puntos de margen sobre su vecino de taller tras superar, este domingo en Spa, el ecuador de la temporada. En B\u00e9lgica, el joven de Melbourne lo ten\u00eda todo a favor para prolongar su momento dulce y encadenar su tercer triunfo consecutivo. Sin embargo, la ventaja de la \u2018pole\u2019 que cuadr\u00f3 el s\u00e1bado qued\u00f3 muy minimizada por el arranque de la prueba larga, que se produjo con una hora y veinte de retraso y en formaci\u00f3n, detr\u00e1s del coche de seguridad, por culpa de una tormenta que hizo que los comisarios entraran en p\u00e1nico. <\/p>\n<p class=\"\">Pegado a la caja de cambios del b\u00f3lido de Norris, que <a href=\"https:\/\/elpais.com\/deportes\/formula-1\/2025-07-27\/la-carrera-del-gp-de-belgica-en-directo-el-mundial-de-f1-en-vivo.html\" target=\"_blank\" rel=\"noreferrer nofollow noopener\" title=\"https:\/\/elpais.com\/deportes\/formula-1\/2025-07-27\/la-carrera-del-gp-de-belgica-en-directo-el-mundial-de-f1-en-vivo.html\">se qued\u00f3 clavado en la primera curva del trazado<\/a>, la previa a la bajada y a Eau Rouge, Piastri se tir\u00f3 a por \u00e9l en la primera vuelta lanzada para ponerse al frente del pelot\u00f3n, la posici\u00f3n m\u00e1s privilegiada que a\u00fan lo es m\u00e1s con la pista mojada y espray por todos lados. Ese adelantamiento no solo le permiti\u00f3 al chico de Victoria correr sin problemas de visibilidad, sino que tambi\u00e9n le dio preferencia en el momento de la \u00fanica parada que se hizo. Ese derecho que Piastri se gan\u00f3 en la subida hacia \u2018Les Combes\u2019 le permiti\u00f3 dar carpetazo al gran premio de la forma m\u00e1s solvente posible. Ni el contraataque de Norris, que busc\u00f3 jugar a la contra al elegir unos compuestos m\u00e1s duros, puso en jaque real el sexto triunfo de su vecino de taller, que se las apa\u00f1\u00f3 para controlar la degradaci\u00f3n de sus gomas sin demasiados apuros. Entre eso, y los peque\u00f1os errores de conducci\u00f3n del actual subcampe\u00f3n, que clav\u00f3 los frenos en dos ocasiones que le costaron dos segundos y medio mientras trataba de recuperar el terreno perdido, la cosa qued\u00f3 vista para sentencia. Independientemente del orden en el que terminaron los coches papaya, este supone el sexto doblete para McLaren, una cifra que teletransporta a la estructura brit\u00e1nica hasta aquellos tiempos explosivos de Senna y Prost (1988). <\/p>\n<p class=\"\">El podio lo cerr\u00f3 Charles Leclerc, que logr\u00f3 mantener a raya a Verstappen (cuarto) durante toda la carrera, a pesar de los achuchones de \u2018Mad Max\u2019, como siempre, un perro de presa. En uno de los peores eventos del a\u00f1o para Aston Martin, Fernando Alonso cruz\u00f3 la meta el 17\u00ba, justo por delante de Carlos Sainz, que lo hizo el 18\u00ba. <\/p>\n","protected":false},"excerpt":{"rendered":"En la F\u00f3rmula 1 rige un principio que no es nada original, porque se puede aplicar a la&hellip;\n","protected":false},"author":2,"featured_media":68728,"comment_status":"","ping_status":"","sticky":false,"template":"","format":"standard","meta":{"footnotes":""},"categories":[270],"tags":[1763,1762,168,1764,25,1761,24,306,271,272,1758,1759,1760,23,167],"class_list":{"0":"post-68727","1":"post","2":"type-post","3":"status-publish","4":"format-standard","5":"has-post-thumbnail","7":"category-formula-1","8":"tag-automovilismo","9":"tag-circuitos-velocidad","10":"tag-deportes","11":"tag-deportes-motor","12":"tag-es","13":"tag-escuderias","14":"tag-espana","15":"tag-f1","16":"tag-formula-1","17":"tag-formula1","18":"tag-gp-belgica","19":"tag-mundial-formula-1","20":"tag-pilotos-deportivos","21":"tag-spain","22":"tag-sports"},"share_on_mastodon":{"url":"","error":""},"_links":{"self":[{"href":"https:\/\/www.europesays.com\/es\/wp-json\/wp\/v2\/posts\/68727","targetHints":{"allow":["GET"]}}],"collection":[{"href":"https:\/\/www.europesays.com\/es\/wp-json\/wp\/v2\/posts"}],"about":[{"href":"https:\/\/www.europesays.com\/es\/wp-json\/wp\/v2\/types\/post"}],"author":[{"embeddable":true,"href":"https:\/\/www.europesays.com\/es\/wp-json\/wp\/v2\/users\/2"}],"replies":[{"embeddable":true,"href":"https:\/\/www.europesays.com\/es\/wp-json\/wp\/v2\/comments?post=68727"}],"version-history":[{"count":0,"href":"https:\/\/www.europesays.com\/es\/wp-json\/wp\/v2\/posts\/68727\/revisions"}],"wp:featuredmedia":[{"embeddable":true,"href":"https:\/\/www.europesays.com\/es\/wp-json\/wp\/v2\/media\/68728"}],"wp:attachment":[{"href":"https:\/\/www.europesays.com\/es\/wp-json\/wp\/v2\/media?parent=68727"}],"wp:term":[{"taxonomy":"category","embeddable":true,"href":"https:\/\/www.europesays.com\/es\/wp-json\/wp\/v2\/categories?post=68727"},{"taxonomy":"post_tag","embeddable":true,"href":"https:\/\/www.europesays.com\/es\/wp-json\/wp\/v2\/tags?post=68727"}],"curies":[{"name":"wp","href":"https:\/\/api.w.org\/{rel}","templated":true}]}}