{"id":68729,"date":"2025-08-24T10:02:22","date_gmt":"2025-08-24T10:02:22","guid":{"rendered":"https:\/\/www.europesays.com\/es\/68729\/"},"modified":"2025-08-24T10:02:22","modified_gmt":"2025-08-24T10:02:22","slug":"mas-de-media-plantilla-sera-nueva","status":"publish","type":"post","link":"https:\/\/www.europesays.com\/es\/68729\/","title":{"rendered":"m\u00e1s de media plantilla ser\u00e1 nueva"},"content":{"rendered":"<p>    Noticias relacionadas<\/p>\n<p class=\"paragraph\" id=\"paragraph_1\"><a href=\"https:\/\/cronicaglobal.elespanol.com\/culemania\/secciones\/20250822\/barca-basket-incorporacion-ansiado-ala-pivot-problema-extracomunitarios\/1003742683170_0.html?utm_cmp_rs=linksinline\" target=\"_blank\" rel=\"nofollow noopener\">El Bar\u00e7a de basket<\/a> ha fichado a cinco jugadores (<strong>Juani Marcos,<\/strong> <a href=\"https:\/\/cronicaglobal.elespanol.com\/culemania\/secciones\/20250818\/crisis-barca-basket-factura-navarro-negocia-fichajes\/1003742682156_0.html?utm_cmp_rs=linksinline\" target=\"_blank\" rel=\"nofollow noopener\">Tornike Shengelia<\/a><strong>, Will Clyburn, Miles Cale y Miles Norris<\/strong>) y ha repescado a uno que hab\u00eda despedido en junio (<strong>Youssoupha Fall<\/strong>). La mayor\u00eda son contrataciones de perfil bajo para un equipo que ha reducido los salarios en casi tres millones de euros (de 31,5 millones a 28,7).<\/p>\n<p class=\"paragraph\" id=\"paragraph_2\"><strong>Juan Carlos Navarro<\/strong>, manager general, ha tenido que hacer malabares con una econom\u00eda de guerra. El m\u00e1ximo ejecutivo tambi\u00e9n est\u00e1 bajo sospecha y <a href=\"https:\/\/cronicaglobal.elespanol.com\/culemania\/palco\/20250822\/laporta-recorta-presupuesto-barca-basket-nuevo-palau\/1003742682706_0.html?utm_cmp_rs=linksinline\" target=\"_blank\" rel=\"nofollow noopener\"><strong>Joan Laporta<\/strong> <\/a>quiere fichar a un director general, con m\u00e1s autoridad y mando. Dentro de un a\u00f1o, el presidente del Bar\u00e7a proyecta la gran revoluci\u00f3n, con un t\u00e9cnico top y fichajes de primer nivel.<\/p>\n<p>El regreso de Pascual<\/p>\n<p class=\"paragraph\" id=\"paragraph_3\"><strong>Joan Pe\u00f1arroya<\/strong> cumplir\u00e1, salvo sorpresa, el a\u00f1o de contrato que le queda. La temporada pasada del Bar\u00e7a fue decepcionante, pero el club apost\u00f3 por su continuidad por motivos econ\u00f3micos. <strong>El gran sue\u00f1o de Laporta es <a href=\"https:\/\/cronicaglobal.elespanol.com\/culemania\/secciones\/20250331\/pesic-scariolo-xavi-pascual-laporta-penarroya-barca\/935406478_0.html?utm_cmp_rs=linksinline\" target=\"_blank\" rel=\"nofollow noopener\">Xavi Pascual<\/a>, el t\u00e9cnico de la segunda Euroliga<\/strong>. El entrenador de Gav\u00e0 se deja querer y ya ha manifestado que si el presidente le llama, no habr\u00e1 problemas para llegar a un acuerdo.<\/p>\n<p><img decoding=\"async\" alt=\"Xavi Pascual\" data-imgm=\"true\" height=\"240\" loading=\"lazy\"  src=\"https:\/\/www.europesays.com\/es\/wp-content\/uploads\/2025\/08\/860674002_13044483_854x640.jpg\"  width=\"320\"\/><\/p>\n<p class=\"paragraph\" id=\"paragraph_4\">Tambi\u00e9n habr\u00e1 muchas piezas nuevas en la plantilla. Cuatro cracks, todos con m\u00e1s de 30 a\u00f1os, acaban contrato y, posiblemente, ninguna seguir\u00e1 en el Bar\u00e7a: <strong>Tomas Satoransky, Nico Laprovittola, Willy Hernang\u00f3mez y Jan Vessely<\/strong>.<\/p>\n<p>El gran recorte<\/p>\n<p class=\"paragraph\" id=\"paragraph_5\">El Bar\u00e7a tambi\u00e9n podr\u00eda prescindir de jugadores que han llegado este verano al Palau, con un contrato por un a\u00f1o, como <strong>Cale, Norris, Clyburn y Fall. Y Juan N\u00fa\u00f1ez, con contrato hasta 2027, mantiene su apuesta de jugar a corto plazo en la NBA<\/strong>.<\/p>\n<p><img decoding=\"async\" alt=\"Joan Pe\u00f1arroya da indicaciones a los jugadores del Bar\u00e7a de basket en el partido contra el M\u00f3naco\" data-imgm=\"true\" height=\"180\" loading=\"lazy\"  src=\"https:\/\/www.europesays.com\/es\/wp-content\/uploads\/2025\/08\/1003742676662_14983325_1024x576.jpg\"  width=\"320\"\/><\/p>\n<p>                                                            Joan Pe\u00f1arroya da indicaciones a los jugadores del Bar\u00e7a de basket en el partido contra el M\u00f3naco<\/p>\n<p>                    FCB<\/p>\n<p class=\"paragraph\" id=\"paragraph_6\">Laporta ha recortado 10 millones de euros en salarios en apenas tres a\u00f1os. Desmont\u00f3 un equipo campe\u00f3n, con <strong>Jasikevicius<\/strong> de entrenador y <strong>Mirotic<\/strong> como gran estrella, por motivos econ\u00f3micos. En unos meses espera aumentar la partida para reconstruir una secci\u00f3n en horas muy bajas.<\/p>\n","protected":false},"excerpt":{"rendered":"Noticias relacionadas El Bar\u00e7a de basket ha fichado a cinco jugadores (Juani Marcos, Tornike Shengelia, Will Clyburn, Miles&hellip;\n","protected":false},"author":2,"featured_media":68730,"comment_status":"","ping_status":"","sticky":false,"template":"","format":"standard","meta":{"footnotes":""},"categories":[269],"tags":[299,298,168,25,24,4469,4468,4470,23,167],"class_list":{"0":"post-68729","1":"post","2":"type-post","3":"status-publish","4":"format-standard","5":"has-post-thumbnail","7":"category-baloncesto","8":"tag-baloncesto","9":"tag-basketball","10":"tag-deportes","11":"tag-es","12":"tag-espana","13":"tag-fcb-basket","14":"tag-juan-carlos-navarro","15":"tag-secciones","16":"tag-spain","17":"tag-sports"},"share_on_mastodon":{"url":"","error":""},"_links":{"self":[{"href":"https:\/\/www.europesays.com\/es\/wp-json\/wp\/v2\/posts\/68729","targetHints":{"allow":["GET"]}}],"collection":[{"href":"https:\/\/www.europesays.com\/es\/wp-json\/wp\/v2\/posts"}],"about":[{"href":"https:\/\/www.europesays.com\/es\/wp-json\/wp\/v2\/types\/post"}],"author":[{"embeddable":true,"href":"https:\/\/www.europesays.com\/es\/wp-json\/wp\/v2\/users\/2"}],"replies":[{"embeddable":true,"href":"https:\/\/www.europesays.com\/es\/wp-json\/wp\/v2\/comments?post=68729"}],"version-history":[{"count":0,"href":"https:\/\/www.europesays.com\/es\/wp-json\/wp\/v2\/posts\/68729\/revisions"}],"wp:featuredmedia":[{"embeddable":true,"href":"https:\/\/www.europesays.com\/es\/wp-json\/wp\/v2\/media\/68730"}],"wp:attachment":[{"href":"https:\/\/www.europesays.com\/es\/wp-json\/wp\/v2\/media?parent=68729"}],"wp:term":[{"taxonomy":"category","embeddable":true,"href":"https:\/\/www.europesays.com\/es\/wp-json\/wp\/v2\/categories?post=68729"},{"taxonomy":"post_tag","embeddable":true,"href":"https:\/\/www.europesays.com\/es\/wp-json\/wp\/v2\/tags?post=68729"}],"curies":[{"name":"wp","href":"https:\/\/api.w.org\/{rel}","templated":true}]}}