{"id":68736,"date":"2025-08-24T10:07:44","date_gmt":"2025-08-24T10:07:44","guid":{"rendered":"https:\/\/www.europesays.com\/es\/68736\/"},"modified":"2025-08-24T10:07:44","modified_gmt":"2025-08-24T10:07:44","slug":"un-soltero-deja-en-shock-a-su-cita-en-first-dates-al-rechazarla-por-llevar-una-pulsera-con-la-bandera-de-espana-es-una-red-flag","status":"publish","type":"post","link":"https:\/\/www.europesays.com\/es\/68736\/","title":{"rendered":"Un soltero deja en shock a su cita en First Dates al rechazarla por llevar una pulsera con la bandera de Espa\u00f1a: Es una red flag"},"content":{"rendered":"<p class=\"ft-text\">Cualquier peque\u00f1o detalle es v\u00e1lido para arruinar una cita y eso lo saben bien en<a class=\"ft-link ft-link--decoration\" href=\"https:\/\/www.elperiodico.com\/es\/temas\/first-dates-27234\" target=\"_blank\" rel=\"nofollow noopener\"><strong> &#8216;First Dates&#8217;<\/strong><\/a><strong>.<\/strong> El programa acogi\u00f3 la cita entre <strong>Carolina<\/strong> y <strong>Alejandro<\/strong> y dej\u00f3 sorprendido a los espectadores por el motivo que hizo que el joven rechazara a su cita: llevar una pulsera con la bandera de Espa\u00f1a.<\/p>\n<p class=\"ft-text\">Los solteros sin embargo, no hab\u00edan mostrado ning\u00fan tipo de conexi\u00f3n antes de que saltara a la vista este detalle y desde el primer momento en el que se vieron, ninguno estuvo conforme con el estilo del otro. \u00ab<strong>Creo que ha venido demasiado fiestera\u00bb, <\/strong>coment\u00f3 Alejandro.<\/p>\n<p class=\"ft-text\">Ya sentados en la mesa, el joven se fij\u00f3 en la pulsera con los colores de la bandera de Espa\u00f1a que llevaba puesta su cita en la mano derecha. \u00ab<strong>Para m\u00ed es una red flag. Es la pulsera de la discordia\u00bb, <\/strong>dijo, a\u00f1adiendo que la bandera se asocia \u201ca ciertos comportamientos que, en general, son perjudiciales para los colectivos oprimidos\u201d.<\/p>\n<p class=\"ft-text\">El comentario dej\u00f3 en shcok a Carolina, que lejos de amendrentarse, defendi\u00f1o su elecci\u00f3n: \u00ab<strong>Yo es que estoy muy orgullosa de mi pa\u00eds\u00bb. <\/strong>Sin embargo, no fue lo \u00fanico que diferenci\u00f3 a los solteros, ya que hubo otro tema que tambi\u00e9n tuvo mucho peso para echar por tierra el intento de conseguir pareja, la diferencia de edad entre ambos. \u00ab<strong>Eso s\u00ed que es un problema para m\u00ed. \u00c9l, si quiere, ya puede formar una familia\u00bb<\/strong>, coment\u00f3 la joven de 19 a\u00f1os.<\/p>\n<p class=\"ft-text\">En la decisi\u00f3n final, los estilos de vida tan dispares fueron determinantes junto a los detalles de la pulsera y la diferencia de edad para confirmar lo que ya se ve\u00eda venir durante la cita: no habr\u00e1 segunda vez para Carolina y Alejandro.<\/p>\n","protected":false},"excerpt":{"rendered":"Cualquier peque\u00f1o detalle es v\u00e1lido para arruinar una cita y eso lo saben bien en &#8216;First Dates&#8217;. El&hellip;\n","protected":false},"author":2,"featured_media":68737,"comment_status":"","ping_status":"","sticky":false,"template":"","format":"standard","meta":{"footnotes":""},"categories":[171],"tags":[13281,15601,8165,7716,2721,51,146,147,25,24,2720,2759,6745,27634,23,692,214],"class_list":{"0":"post-68736","1":"post","2":"type-post","3":"status-publish","4":"format-standard","5":"has-post-thumbnail","7":"category-tv","8":"tag-bandera","9":"tag-banderas","10":"tag-carlos-sobera","11":"tag-cita","12":"tag-dates","13":"tag-deja","14":"tag-entertainment","15":"tag-entretenimiento","16":"tag-es","17":"tag-espana","18":"tag-first","19":"tag-first-dates","20":"tag-shock","21":"tag-soltero","22":"tag-spain","23":"tag-telecinco","24":"tag-tv"},"share_on_mastodon":{"url":"","error":""},"_links":{"self":[{"href":"https:\/\/www.europesays.com\/es\/wp-json\/wp\/v2\/posts\/68736","targetHints":{"allow":["GET"]}}],"collection":[{"href":"https:\/\/www.europesays.com\/es\/wp-json\/wp\/v2\/posts"}],"about":[{"href":"https:\/\/www.europesays.com\/es\/wp-json\/wp\/v2\/types\/post"}],"author":[{"embeddable":true,"href":"https:\/\/www.europesays.com\/es\/wp-json\/wp\/v2\/users\/2"}],"replies":[{"embeddable":true,"href":"https:\/\/www.europesays.com\/es\/wp-json\/wp\/v2\/comments?post=68736"}],"version-history":[{"count":0,"href":"https:\/\/www.europesays.com\/es\/wp-json\/wp\/v2\/posts\/68736\/revisions"}],"wp:featuredmedia":[{"embeddable":true,"href":"https:\/\/www.europesays.com\/es\/wp-json\/wp\/v2\/media\/68737"}],"wp:attachment":[{"href":"https:\/\/www.europesays.com\/es\/wp-json\/wp\/v2\/media?parent=68736"}],"wp:term":[{"taxonomy":"category","embeddable":true,"href":"https:\/\/www.europesays.com\/es\/wp-json\/wp\/v2\/categories?post=68736"},{"taxonomy":"post_tag","embeddable":true,"href":"https:\/\/www.europesays.com\/es\/wp-json\/wp\/v2\/tags?post=68736"}],"curies":[{"name":"wp","href":"https:\/\/api.w.org\/{rel}","templated":true}]}}