{"id":68742,"date":"2025-08-24T10:12:11","date_gmt":"2025-08-24T10:12:11","guid":{"rendered":"https:\/\/www.europesays.com\/es\/68742\/"},"modified":"2025-08-24T10:12:11","modified_gmt":"2025-08-24T10:12:11","slug":"makoke-rompe-su-silencio-tras-posponer-su-boda-con-gonzalo-es-un-tema-delicado","status":"publish","type":"post","link":"https:\/\/www.europesays.com\/es\/68742\/","title":{"rendered":"Makoke rompe su silencio tras posponer su boda con Gonzalo: \u00abEs un tema delicado\u00bb"},"content":{"rendered":"<p>24\/08\/2025 a las 10:48h.<\/p>\n<p>      <a href=\"https:\/\/www.abc.es\/gente\/javascript:void(0)\" data-voc-component=\"modal-open\" data-target=\"open-comments\" class=\"voc-social__icon voc-social__icon--comments nibara-element\" title=\"Comentarios\" rel=\"nofollow noopener\" target=\"_blank\"><\/p>\n<p><\/a><\/p>\n<p class=\"voc-save-news__paragraph\">Esta funcionalidad es s\u00f3lo para suscriptores<\/p>\n<p><a href=\"https:\/\/secure.abc.es\/suscripcion#vca=suscribete&amp;vso=abc&amp;vmc=on&amp;vli=comentarios-btn-flujo\" data-voc-vtm-id=\"comienzoSuscripcionON\" data-voc-vtm-info=\"btncomentar\" class=\"voc-btn voc-btn--w voc-btn--xs voc-save-news__btn\" rel=\"nofollow noopener\" target=\"_blank\"><br \/>\nSuscribete<br \/>\n<\/a><\/p>\n<p class=\"voc-p\" style=\"\">Makoke ha reaparecido este fin de semana ante los medios de comunicaci\u00f3n para abordar su situaci\u00f3n personal y aclarar los rumores de su boda. Hace unos d\u00edas comunicaba a trav\u00e9s de sus redes sociales que su boda con Gonzalo para este mes de septiembre se pospon\u00eda debido a un tema familiar.<\/p>\n<p class=\"voc-btn__text\">\nVer comentarios<br \/>\n(0)\n<\/p>\n<p>Reportar un error<\/p>\n<p class=\"voc-save-news__paragraph\">Esta funcionalidad es s\u00f3lo para suscriptores<\/p>\n<p><a href=\"https:\/\/secure.abc.es\/suscripcion#vca=suscribete&amp;vso=abc&amp;vmc=on&amp;vli=comentarios-btn-flujo\" data-voc-vtm-id=\"comienzoSuscripcionON\" data-voc-vtm-info=\"btncomentar\" class=\"voc-btn voc-btn--w voc-btn--xs voc-save-news__btn\" rel=\"nofollow noopener\" target=\"_blank\"><br \/>\nSuscribete<br \/>\n<\/a><\/p>\n","protected":false},"excerpt":{"rendered":"24\/08\/2025 a las 10:48h. Esta funcionalidad es s\u00f3lo para suscriptores Suscribete Makoke ha reaparecido este fin de semana&hellip;\n","protected":false},"author":2,"featured_media":68743,"comment_status":"","ping_status":"","sticky":false,"template":"","format":"standard","meta":{"footnotes":""},"categories":[91],"tags":[3158,16929,146,147,25,24,4799,15187,27635,105,2807,23,9732,575],"class_list":{"0":"post-68742","1":"post","2":"type-post","3":"status-publish","4":"format-standard","5":"has-post-thumbnail","7":"category-entretenimiento","8":"tag-boda","9":"tag-delicado","10":"tag-entertainment","11":"tag-entretenimiento","12":"tag-es","13":"tag-espana","14":"tag-gonzalo","15":"tag-makoke","16":"tag-posponer","17":"tag-rompe","18":"tag-silencio","19":"tag-spain","20":"tag-tema","21":"tag-tras"},"share_on_mastodon":{"url":"","error":""},"_links":{"self":[{"href":"https:\/\/www.europesays.com\/es\/wp-json\/wp\/v2\/posts\/68742","targetHints":{"allow":["GET"]}}],"collection":[{"href":"https:\/\/www.europesays.com\/es\/wp-json\/wp\/v2\/posts"}],"about":[{"href":"https:\/\/www.europesays.com\/es\/wp-json\/wp\/v2\/types\/post"}],"author":[{"embeddable":true,"href":"https:\/\/www.europesays.com\/es\/wp-json\/wp\/v2\/users\/2"}],"replies":[{"embeddable":true,"href":"https:\/\/www.europesays.com\/es\/wp-json\/wp\/v2\/comments?post=68742"}],"version-history":[{"count":0,"href":"https:\/\/www.europesays.com\/es\/wp-json\/wp\/v2\/posts\/68742\/revisions"}],"wp:featuredmedia":[{"embeddable":true,"href":"https:\/\/www.europesays.com\/es\/wp-json\/wp\/v2\/media\/68743"}],"wp:attachment":[{"href":"https:\/\/www.europesays.com\/es\/wp-json\/wp\/v2\/media?parent=68742"}],"wp:term":[{"taxonomy":"category","embeddable":true,"href":"https:\/\/www.europesays.com\/es\/wp-json\/wp\/v2\/categories?post=68742"},{"taxonomy":"post_tag","embeddable":true,"href":"https:\/\/www.europesays.com\/es\/wp-json\/wp\/v2\/tags?post=68742"}],"curies":[{"name":"wp","href":"https:\/\/api.w.org\/{rel}","templated":true}]}}