{"id":687423,"date":"2026-07-31T19:23:11","date_gmt":"2026-07-31T19:23:11","guid":{"rendered":"https:\/\/www.europesays.com\/es\/687423\/"},"modified":"2026-07-31T19:23:11","modified_gmt":"2026-07-31T19:23:11","slug":"la-magia-sigue-en-la-acb-ricky-rubio-renueva-por-la-penya-baloncesto-deportes","status":"publish","type":"post","link":"https:\/\/www.europesays.com\/es\/687423\/","title":{"rendered":"La magia sigue en la ACB: Ricky Rubio renueva por la Penya | Baloncesto | Deportes"},"content":{"rendered":"<p class=\"\">La ACB conservar\u00e1 la magia al menos una temporada m\u00e1s. El Asisa Joventut ha anunciado mediante un v\u00eddeo que Ricky Rubio, de 35 a\u00f1os, seguir\u00e1 de verdiblanco. <a href=\"https:\/\/elpais.com\/deportes\/baloncesto\/2025-10-05\/ricky-rubio-vuelve-a-jugar-donde-todo-empezo.html\" target=\"_self\" rel=\"nofollow noopener\" title=\"https:\/\/elpais.com\/deportes\/baloncesto\/2025-10-05\/ricky-rubio-vuelve-a-jugar-donde-todo-empezo.html\">Si el a\u00f1o pasado fue el del regreso a su casa 16 a\u00f1os despu\u00e9s de marchar<\/a>, este es el de la continuidad con la Penya, donde ha demostrado que quiere poner la \u00faltima puntada a su excelsa trayectoria deportiva. Su rendimiento fue excelente. Ricky promedi\u00f3 13,8 puntos, 3,5 rebotes, 5,1 asistencias y 1,4 recuperaciones. Su valoraci\u00f3n media alcanz\u00f3 los 17,3 puntos, el mejor del equipo. El base dirigi\u00f3 a la Penya hasta las semifinales de la Liga y a los cuartos de final de la Copa del Rey,<\/p>\n<p class=\"\">Antes de rubricar su renovaci\u00f3n, el jugador de El Masnou explic\u00f3 ante el micr\u00f3fono de TV3 <a href=\"https:\/\/elpais.com\/deportes\/baloncesto\/2026-06-12\/ricky-rubio-mucho-mas-que-un-gran-baloncesto.html\" target=\"_self\" rel=\"nofollow noopener\" title=\"https:\/\/elpais.com\/deportes\/baloncesto\/2026-06-12\/ricky-rubio-mucho-mas-que-un-gran-baloncesto.html\">que no hab\u00eda vuelto a Badalona \u00fanicamente a jugar al baloncesto sino que sus pretensiones iban m\u00e1s all\u00e1<\/a>. \u201cQuiero dejar un legado como yo pienso que se tiene que dejar\u201d, dijo. El v\u00eddeo de su renovaci\u00f3n, adem\u00e1s, abunda en t\u00e9rminos como el compromiso o la pertenencia. \u201cM\u00e1s all\u00e1 de una presencia f\u00edsica, implica pertenencia, constancia e identificaci\u00f3n con una causa, una comunidad o unos valores. No se limita a ser en un \u00fanico papel o momento. Porque Jo hi ser\u00e9 (yo estar\u00e9) es una manera de sentirse parte de una cosa que perdura\u201d, se escucha con la voz en off de Ricky Rubio.<\/p>\n<p class=\"\">No parecen pesarle los 20 a\u00f1os que lleva en la \u00e9lite. Y este verano, despu\u00e9s de sus grandes prestaciones durante la pasada temporada, viendo las emociones que transmite su juego, la chispa que a\u00fan encierra su baloncesto, ha recibido alguna oferta de importantes clubes europeos. A todas ha dicho que no. \u00c9l ya est\u00e1 donde quiere estar, en Badalona.<\/p>\n<p class=\"\">A\u00edto Garcia Reneses le hizo debutar all\u00ed antes de cumplir los 15 a\u00f1os. Ricky Rubio jug\u00f3 cuatro temporadas en la Penya y despu\u00e9s cruz\u00f3 de acera para militar en el Barcelona de 2009 a 2011. Luego vino la NBA, donde cautiv\u00f3 su fantas\u00eda, su visi\u00f3n de juego, su rapidez y hasta su peinado. Entre 2011 y 2023, cinco equipos, dos lesiones graves y problemas de salud mental que le llevaron a tomarse alg\u00fan periodo sab\u00e1tico. En 2024 volvi\u00f3 a ponerse la camiseta del Bar\u00e7a y un a\u00f1o despu\u00e9s, en 2025, regres\u00f3 a casa seva. Otra vez en Badalona.<\/p>\n<p class=\"\">Los aficionados vibraron con su \u00eddolo vestido otra vez de verdinegro, como en los buenos tiempos, cuando Ricky hac\u00eda volar a Rudy Fern\u00e1ndez y el Ol\u00edmpic se pon\u00eda en pie. Ahora, dos d\u00e9cadas despu\u00e9s, su baloncesto sigue traspasando la epidermis de los aficionados y la pr\u00f3xima temporada, ademas, tendr\u00e1 a Nico Laprovittola, procedente del Barcelona, como compa\u00f1ero. \u201cUna asistencia de Ricky vale m\u00e1s que muchos partidos enteros\u201d, respond\u00eda uno de sus seguidores en X al v\u00eddeo del Asisa Joventut. <a href=\"https:\/\/elpais.com\/deportes\/baloncesto\/2026-06-07\/la-magia-de-ricky-convierte-al-joventut-en-semifinalista.html\" target=\"_self\" rel=\"nofollow noopener\" title=\"https:\/\/elpais.com\/deportes\/baloncesto\/2026-06-07\/la-magia-de-ricky-convierte-al-joventut-en-semifinalista.html\">La magia no se pierde<\/a>.<\/p>\n","protected":false},"excerpt":{"rendered":"La ACB conservar\u00e1 la magia al menos una temporada m\u00e1s. El Asisa Joventut ha anunciado mediante un v\u00eddeo&hellip;\n","protected":false},"author":2,"featured_media":687424,"comment_status":"","ping_status":"","sticky":false,"template":"","format":"standard","meta":{"footnotes":""},"categories":[269],"tags":[302,299,298,1540,168,25,24,16012,8283,665,4080,23,167],"class_list":["post-687423","post","type-post","status-publish","format-standard","has-post-thumbnail","category-baloncesto","tag-acb","tag-baloncesto","tag-basketball","tag-competiciones","tag-deportes","tag-es","tag-espana","tag-joventut-badalona","tag-jugadores-baloncesto","tag-liga-endesa","tag-ricky-rubio","tag-spain","tag-sports"],"share_on_mastodon":{"url":"https:\/\/pubeurope.com\/@es\/117016225931868272","error":""},"_links":{"self":[{"href":"https:\/\/www.europesays.com\/es\/wp-json\/wp\/v2\/posts\/687423","targetHints":{"allow":["GET"]}}],"collection":[{"href":"https:\/\/www.europesays.com\/es\/wp-json\/wp\/v2\/posts"}],"about":[{"href":"https:\/\/www.europesays.com\/es\/wp-json\/wp\/v2\/types\/post"}],"author":[{"embeddable":true,"href":"https:\/\/www.europesays.com\/es\/wp-json\/wp\/v2\/users\/2"}],"replies":[{"embeddable":true,"href":"https:\/\/www.europesays.com\/es\/wp-json\/wp\/v2\/comments?post=687423"}],"version-history":[{"count":0,"href":"https:\/\/www.europesays.com\/es\/wp-json\/wp\/v2\/posts\/687423\/revisions"}],"wp:featuredmedia":[{"embeddable":true,"href":"https:\/\/www.europesays.com\/es\/wp-json\/wp\/v2\/media\/687424"}],"wp:attachment":[{"href":"https:\/\/www.europesays.com\/es\/wp-json\/wp\/v2\/media?parent=687423"}],"wp:term":[{"taxonomy":"category","embeddable":true,"href":"https:\/\/www.europesays.com\/es\/wp-json\/wp\/v2\/categories?post=687423"},{"taxonomy":"post_tag","embeddable":true,"href":"https:\/\/www.europesays.com\/es\/wp-json\/wp\/v2\/tags?post=687423"}],"curies":[{"name":"wp","href":"https:\/\/api.w.org\/{rel}","templated":true}]}}