{"id":68749,"date":"2025-08-24T10:19:09","date_gmt":"2025-08-24T10:19:09","guid":{"rendered":"https:\/\/www.europesays.com\/es\/68749\/"},"modified":"2025-08-24T10:19:09","modified_gmt":"2025-08-24T10:19:09","slug":"herido-grave-un-hombre-de-66-anos-tras-una-cornada-en-un-festejo-taurino-celebrado-en-guadalupe","status":"publish","type":"post","link":"https:\/\/www.europesays.com\/es\/68749\/","title":{"rendered":"Herido grave un hombre de 66 a\u00f1os tras una cornada en un festejo taurino celebrado en Guadalupe"},"content":{"rendered":"<p class=\"v-mdl-ath__p v-mdl-ath__p--6\">\nDomingo, 24 de agosto 2025, 10:11<\/p>\n<p class=\"v-p\">Un hombre de 66 a\u00f1os de edad ha resultado herido grave por asta de toro durante un festejo taurino celebrado en la localidad cacere\u00f1a de Guadalupe.<\/p>\n<p class=\"v-p\">Seg\u00fan ha informado el servicio de Emergencias 112 de Extremadura, el suceso ha tenido lugar este s\u00e1bado en torno a las ocho y media de la tarde durante un espect\u00e1culo taurino que se estaba desarrollando en la plaza Santa Mar\u00eda de la citada poblaci\u00f3n. Tras recibir el aviso, hasta el lugar de los hechos se ha desplazado una Unidad Medicalizada de Emergencias as\u00ed como patrullas de la Guardia Civil.<\/p>\n<p class=\"v-p\">Como consecuencia del suceso, el herido fue asistido y trasladado al hospital Universitario de C\u00e1ceres en estado grave.<\/p>\n<p>Comenta<\/p>\n<p>Reporta un error<\/p>\n","protected":false},"excerpt":{"rendered":"Domingo, 24 de agosto 2025, 10:11 Un hombre de 66 a\u00f1os de edad ha resultado herido grave por&hellip;\n","protected":false},"author":2,"featured_media":68750,"comment_status":"","ping_status":"","sticky":false,"template":"","format":"standard","meta":{"footnotes":""},"categories":[277],"tags":[988,27636,373,18152,168,25,24,12760,12050,3982,53,366,8627,23,167,4953,374,913],"class_list":{"0":"post-68749","1":"post","2":"type-post","3":"status-publish","4":"format-standard","5":"has-post-thumbnail","7":"category-toreo","8":"tag-anos","9":"tag-asta","10":"tag-bullfighting","11":"tag-celebrado","12":"tag-deportes","13":"tag-es","14":"tag-espana","15":"tag-festejo","16":"tag-grave","17":"tag-guadalupe","18":"tag-herido","19":"tag-hombre","20":"tag-resulta","21":"tag-spain","22":"tag-sports","23":"tag-taurino","24":"tag-toreo","25":"tag-toro"},"share_on_mastodon":{"url":"","error":""},"_links":{"self":[{"href":"https:\/\/www.europesays.com\/es\/wp-json\/wp\/v2\/posts\/68749","targetHints":{"allow":["GET"]}}],"collection":[{"href":"https:\/\/www.europesays.com\/es\/wp-json\/wp\/v2\/posts"}],"about":[{"href":"https:\/\/www.europesays.com\/es\/wp-json\/wp\/v2\/types\/post"}],"author":[{"embeddable":true,"href":"https:\/\/www.europesays.com\/es\/wp-json\/wp\/v2\/users\/2"}],"replies":[{"embeddable":true,"href":"https:\/\/www.europesays.com\/es\/wp-json\/wp\/v2\/comments?post=68749"}],"version-history":[{"count":0,"href":"https:\/\/www.europesays.com\/es\/wp-json\/wp\/v2\/posts\/68749\/revisions"}],"wp:featuredmedia":[{"embeddable":true,"href":"https:\/\/www.europesays.com\/es\/wp-json\/wp\/v2\/media\/68750"}],"wp:attachment":[{"href":"https:\/\/www.europesays.com\/es\/wp-json\/wp\/v2\/media?parent=68749"}],"wp:term":[{"taxonomy":"category","embeddable":true,"href":"https:\/\/www.europesays.com\/es\/wp-json\/wp\/v2\/categories?post=68749"},{"taxonomy":"post_tag","embeddable":true,"href":"https:\/\/www.europesays.com\/es\/wp-json\/wp\/v2\/tags?post=68749"}],"curies":[{"name":"wp","href":"https:\/\/api.w.org\/{rel}","templated":true}]}}