{"id":68755,"date":"2025-08-24T10:26:13","date_gmt":"2025-08-24T10:26:13","guid":{"rendered":"https:\/\/www.europesays.com\/es\/68755\/"},"modified":"2025-08-24T10:26:13","modified_gmt":"2025-08-24T10:26:13","slug":"u-s-cremonese-en-directo-llega-el-debut-de-luka-modric-en-serie-a","status":"publish","type":"post","link":"https:\/\/www.europesays.com\/es\/68755\/","title":{"rendered":"U.S. Cremonese en directo: llega el debut de Luka Modric en Serie A"},"content":{"rendered":"\n<p class=\"ue-c-article__paragraph \"><strong>\u00a1Buenas tardes! \u00bfC\u00f3mo est\u00e1n? Bienvenidos a la Serie A<\/strong>. Bienvenidos al debut de<strong> Luka Modric <\/strong>con el Milan en el &#8216;Calcio&#8217;. Los rossoneri afrontan esta primera jornada recibiendo <strong>en San Siro al Cremonese a las 20:45 horas.<\/strong><\/p>\n<p class=\"ue-c-article__paragraph \">El croata llega a un conjunto lombardo que quiere renacer. En la temporada pasada,<strong> acab\u00f3 en octava posici\u00f3n en la tabla.<\/strong> Por tanto, un Milan si competici\u00f3n europea buscar\u00e1 reengancharse a la lucha por el &#8216;Scudetto&#8217;. Lo har\u00e1 con <strong>una plantilla renovada.<\/strong> Adem\u00e1s del croata, nombres como<strong> Jashari, Ricci, De Winter y Estupi\u00f1\u00e1n<\/strong> jugar\u00e1n en Mil\u00e1n.<\/p>\n<p class=\"ue-c-article__paragraph \">Igualmente, el siete veces campe\u00f3n de la Champions ha perdido efectivos. <strong>\u00c1lvaro Morata (Como) y Joao F\u00e9lix (Al Nassr) ya est\u00e1n lejos de San Siro<\/strong>. Se suman las bajas de<strong> Walker (Burnley), Theo Hern\u00e1ndez (Al Hilal) y Reijnders (Manchester City)<\/strong>. Un renovado Milan quiere recuperar su trono en Italia.<\/p>\n<p class=\"ue-c-article__paragraph \">Su primer paso, el Cremonese. <strong>Los de Davide Nicola vienen de ascender desde la Serie B <\/strong>y buscar\u00e1n ara\u00f1ar alg\u00fan punto a los &#8216;rossoneri&#8217;, dirigidos por Massimiliano Allegri, para arrancar de dulce la temporada. Aunque el partido a\u00fan no ha comenzado, <strong>en MARCA empezamos ya.<\/strong> Os mantendremos informados antes, durante y despu\u00e9s del encuentro. <strong>\u00a1Vamos, que esto empieza!<\/strong><\/p>\n","protected":false},"excerpt":{"rendered":"\u00a1Buenas tardes! \u00bfC\u00f3mo est\u00e1n? Bienvenidos a la Serie A. Bienvenidos al debut de Luka Modric con el Milan&hellip;\n","protected":false},"author":2,"featured_media":68756,"comment_status":"","ping_status":"","sticky":false,"template":"","format":"standard","meta":{"footnotes":""},"categories":[268],"tags":[8435,168,25,24,280,282,1698,25718,4523,281,23,167],"class_list":{"0":"post-68755","1":"post","2":"type-post","3":"status-publish","4":"format-standard","5":"has-post-thumbnail","7":"category-futbol","8":"tag-ac-milan","9":"tag-deportes","10":"tag-es","11":"tag-espana","12":"tag-football","13":"tag-futbol","14":"tag-futbol-internacional","15":"tag-luka-modric","16":"tag-serie-a","17":"tag-soccer","18":"tag-spain","19":"tag-sports"},"share_on_mastodon":{"url":"","error":""},"_links":{"self":[{"href":"https:\/\/www.europesays.com\/es\/wp-json\/wp\/v2\/posts\/68755","targetHints":{"allow":["GET"]}}],"collection":[{"href":"https:\/\/www.europesays.com\/es\/wp-json\/wp\/v2\/posts"}],"about":[{"href":"https:\/\/www.europesays.com\/es\/wp-json\/wp\/v2\/types\/post"}],"author":[{"embeddable":true,"href":"https:\/\/www.europesays.com\/es\/wp-json\/wp\/v2\/users\/2"}],"replies":[{"embeddable":true,"href":"https:\/\/www.europesays.com\/es\/wp-json\/wp\/v2\/comments?post=68755"}],"version-history":[{"count":0,"href":"https:\/\/www.europesays.com\/es\/wp-json\/wp\/v2\/posts\/68755\/revisions"}],"wp:featuredmedia":[{"embeddable":true,"href":"https:\/\/www.europesays.com\/es\/wp-json\/wp\/v2\/media\/68756"}],"wp:attachment":[{"href":"https:\/\/www.europesays.com\/es\/wp-json\/wp\/v2\/media?parent=68755"}],"wp:term":[{"taxonomy":"category","embeddable":true,"href":"https:\/\/www.europesays.com\/es\/wp-json\/wp\/v2\/categories?post=68755"},{"taxonomy":"post_tag","embeddable":true,"href":"https:\/\/www.europesays.com\/es\/wp-json\/wp\/v2\/tags?post=68755"}],"curies":[{"name":"wp","href":"https:\/\/api.w.org\/{rel}","templated":true}]}}