{"id":687599,"date":"2026-07-31T21:31:10","date_gmt":"2026-07-31T21:31:10","guid":{"rendered":"https:\/\/www.europesays.com\/es\/687599\/"},"modified":"2026-07-31T21:31:10","modified_gmt":"2026-07-31T21:31:10","slug":"rusia-advierte-de-que-el-aumento-de-los-ataques-ucranianos-pone-en-riesgo-cualquier-perspectiva-de-paz","status":"publish","type":"post","link":"https:\/\/www.europesays.com\/es\/687599\/","title":{"rendered":"Rusia advierte de que el aumento de los ataques ucranianos pone en riesgo cualquier \u00abperspectiva de paz\u00bb"},"content":{"rendered":"<p class=\"c-paragraph\">El Gobierno de <a href=\"https:\/\/www.20minutos.es\/tags\/lugares\/rusia.html\" rel=\"nofollow noopener\" target=\"_blank\">Rusia<\/a> ha denunciado este viernes el aumento de los ataques ucranianos y ha advertido de que <b>ponen en riesgo cualquier \u00abperspectiva de paz\u00bb<\/b>, en un momento en el que las conversaciones contin\u00faan suspensas mientras <a href=\"https:\/\/www.20minutos.es\/tags\/temas\/estados-unidos.html\" rel=\"nofollow noopener\" target=\"_blank\">Estados Unidos<\/a>, que ejerce de mediador, resuelva su propia guerra en Oriente Pr\u00f3ximo.<\/p>\n<p class=\"c-paragraph\">La portavoz del Ministerio de Exteriores de Rusia, Maria Zajarova, ha repasado estos \u00faltimos ataques de las fuerzas de Kiev y ha asegurado que en la \u00faltima semana han dejado 61 muertos, adem\u00e1s de 327 heridos, el mismo d\u00eda en el que el presidente ucraniano, <a href=\"https:\/\/www.20minutos.es\/tags\/personas\/volodimir-zelenski.html\" rel=\"nofollow noopener\" target=\"_blank\">Volodimir Zelenski<\/a>, ha sacado pecho de las 700.000 bajas que han infringido al Ej\u00e9rcito ruso desde la invasi\u00f3n en 2022.<\/p>\n<p class=\"c-paragraph\">Zajarova ha acusado a Kiev de <b>atacar espacios civiles de todo tipo<\/b>, como zonas comunitarias, instalaciones agr\u00edcolas, viviendas particulares y centros de culto, as\u00ed como de lanzar minas antipersona con drones para aumentar el n\u00famero de bajas civiles en varias zonas de Donb\u00e1s y de la regi\u00f3n conocida como Nueva Rusia, que abarca, entre otras, algunas \u00e1reas ahora ocupadas del este y sureste de Ucrania.<\/p>\n<p class=\"c-paragraph\">\u00abEste terror se perpetra con la plena aprobaci\u00f3n de los patrocinadores occidentales del r\u00e9gimen de Kiev, quienes suministran armas para atacar a la poblaci\u00f3n civil\u00bb, ha denunciado la portavoz, que ha advertido de que <b>deber\u00e1n rendir cuentas<\/b> \u00abtras el inevitable colapso de sus protegidos ucranianos\u00bb.<\/p>\n<p class=\"c-paragraph\">\u00abDeben comprender ahora que &#8216;jugar con fuego&#8217; solo agrava la situaci\u00f3n pol\u00edtica internacional y retrasa las perspectivas de paz y seguridad en nuestro continente\u00bb, ha se\u00f1alado Zajarova en un comunicado de Exteriores, en el que ha incidido en que Mosc\u00fa continuar\u00e1 haciendo lo que debe <b>para proteger a sus ciudadanos<\/b>. \u00abNuestro pa\u00eds cuenta con los recursos necesarios, la voluntad pol\u00edtica y la demanda popular para ello\u00bb, ha subrayado.<\/p>\n","protected":false},"excerpt":{"rendered":"El Gobierno de Rusia ha denunciado este viernes el aumento de los ataques ucranianos y ha advertido de&hellip;\n","protected":false},"author":2,"featured_media":687600,"comment_status":"","ping_status":"","sticky":false,"template":"","format":"standard","meta":{"footnotes":""},"categories":[42],"tags":[10854,5609,17,18,13,14,11,61,62,63,64,19,20,4417,9,10,15,16,2074,1614,12,21,22,65,66,67],"class_list":["post-687599","post","type-post","status-publish","format-standard","has-post-thumbnail","category-internacional","tag-advierte","tag-aumento","tag-breaking-news","tag-breakingnews","tag-featured-news","tag-featurednews","tag-headlines","tag-internacional","tag-international","tag-international-news","tag-internationalnews","tag-latest-news","tag-latestnews","tag-los","tag-news","tag-noticias","tag-noticias-destacadas","tag-noticiasdestacadas","tag-que","tag-rusia","tag-titulares","tag-ultimas-noticias","tag-ultimasnoticias","tag-world","tag-world-news","tag-worldnews"],"share_on_mastodon":{"url":"https:\/\/pubeurope.com\/@es\/117016729307828999","error":""},"_links":{"self":[{"href":"https:\/\/www.europesays.com\/es\/wp-json\/wp\/v2\/posts\/687599","targetHints":{"allow":["GET"]}}],"collection":[{"href":"https:\/\/www.europesays.com\/es\/wp-json\/wp\/v2\/posts"}],"about":[{"href":"https:\/\/www.europesays.com\/es\/wp-json\/wp\/v2\/types\/post"}],"author":[{"embeddable":true,"href":"https:\/\/www.europesays.com\/es\/wp-json\/wp\/v2\/users\/2"}],"replies":[{"embeddable":true,"href":"https:\/\/www.europesays.com\/es\/wp-json\/wp\/v2\/comments?post=687599"}],"version-history":[{"count":0,"href":"https:\/\/www.europesays.com\/es\/wp-json\/wp\/v2\/posts\/687599\/revisions"}],"wp:featuredmedia":[{"embeddable":true,"href":"https:\/\/www.europesays.com\/es\/wp-json\/wp\/v2\/media\/687600"}],"wp:attachment":[{"href":"https:\/\/www.europesays.com\/es\/wp-json\/wp\/v2\/media?parent=687599"}],"wp:term":[{"taxonomy":"category","embeddable":true,"href":"https:\/\/www.europesays.com\/es\/wp-json\/wp\/v2\/categories?post=687599"},{"taxonomy":"post_tag","embeddable":true,"href":"https:\/\/www.europesays.com\/es\/wp-json\/wp\/v2\/tags?post=687599"}],"curies":[{"name":"wp","href":"https:\/\/api.w.org\/{rel}","templated":true}]}}