{"id":687743,"date":"2026-07-31T23:38:26","date_gmt":"2026-07-31T23:38:26","guid":{"rendered":"https:\/\/www.europesays.com\/es\/687743\/"},"modified":"2026-07-31T23:38:26","modified_gmt":"2026-07-31T23:38:26","slug":"el-mvp-en-un-dia-historico-humberto-ruiz-el-mejor-de-espana-en-la-remontada-ante-grecia-youtube","status":"publish","type":"post","link":"https:\/\/www.europesays.com\/es\/687743\/","title":{"rendered":"\u00a1El MVP en un d\u00eda hist\u00f3rico! Humberto Ruiz, el mejor de Espa\u00f1a en la remontada ante Grecia &#8211; YouTube"},"content":{"rendered":"<ol>\n<li><a href=\"https:\/\/news.google.com\/rss\/articles\/CBMiVEFVX3lxTE9DRV9PbHhpS3Z0ZW1oeWRfNy1MY3dRcGtXcDc3SzlZS0hMdk9wWHlrNUdNdHlQa2pMQWdNUEY2bkJVa2pDSll5Z1lETUVFTnZDVzRuZA?oc=5\" target=\"_blank\" rel=\"nofollow noopener\">\u00a1El MVP en un d\u00eda hist\u00f3rico! Humberto Ruiz, el mejor de Espa\u00f1a en la remontada ante Grecia<\/a>&nbsp;&nbsp;YouTube<\/li>\n<li><a href=\"https:\/\/news.google.com\/rss\/articles\/CBMiqAFBVV95cUxQRVMxTlVaMFZ1MXlwb1JjcU9wckduZWNSNkhVR3Vxcy1MaUl5aFp3WHRWVlpfOVpfeUhBUE02Ul96RHluVVNKVGhyQVFaTWdPcmpLTjRNc0tacU44UEZELTF2ZjRHTWFTMGNyRmtuMGpmRHEtYktfNHU1VHowUS1ScGloZ290XzdRdlpETzFCZ05Rc0t4X09nR3JOVUVUSlBzdGdUUGFsLWvSAbwBQVVfeXFMUGFpM1lHSGVrbGJCTXpyS0F5NjNfS2djazVoQ2phZXctTWh0REY1VnFqdHBJdUt0UElUdVBqNmMwNS00SlFQUjhwQVJhV0ZncGdsTExOMXJ5TGdlUXNyN0JYRWFNWFBQR2JPUXlQUktJUVhGR0VXa3JoZlI1cHZDWlRzSkJvQXhzZ3dMTS1KVVl4QmMtWUk5a3NIRG9IbkRyellZY2Z1bHhMSnI5WWRKSS12NnBGSEFsS3c5bW4?oc=5\" target=\"_blank\" rel=\"nofollow noopener\">De la pesadilla al milagro: Espa\u00f1a remonta ante Grecia<\/a>&nbsp;&nbsp;Diario AS<\/li>\n<li><a href=\"https:\/\/news.google.com\/rss\/articles\/CBMisgFBVV95cUxNLUlPZE54SVJCRmktX29PaUVPVXc4MHN6X2M0UTJEMHlxcWpIXzR0VTM1VzNSMnJNVzFGMWg4RzJFSDlhSHY2OFdpYzg0anM3Wld3ZGdTTG50YzRhOFZ2bmlXdkJxb1JKbEsyQTFZdXpWQkdqb1pIaUlNSHl5TWFEQms2dzJ1RFlIRkpnb3M0WUFWWVhRX1BiZld5QmtuQnEwSjJsckUtS180Q0pvMjAxd0pR0gGyAUFVX3lxTE1XeWJUSVQ3Qmd3N2dLeE1WZFZ1bjhXQkowSzVtWDVuU2IzWXJkZFdlcHJ4bC1LRzZubU5tREZiMW5Dd0tlLWRvb0tiMmpXbnROOGFCSV9QUjB6Mk91emlWaGxCYVI5YTdpeXZKejZialJ3VXNHVzJ0bDdjMGJVRm1vNjFPckpaWFlST0hJMjN1T0I0RmRXa2hfc1lGWWtXbUFOeTZkQmtwRkNWU1NqUlVKeVE?oc=5\" target=\"_blank\" rel=\"nofollow noopener\">Espa\u00f1a se mete en semifinales tras completar una remontada hist\u00f3rica: \u00a1Iba perdiendo por 29 puntos!<\/a>&nbsp;&nbsp;marca.com<\/li>\n<li><a href=\"https:\/\/news.google.com\/rss\/articles\/CBMilAFBVV95cUxNejhpaldCV0YwdXdjeS13U2VvOFppRGh4YUZsMTdqRnE5VmI4NW1OSXVxZmpQeDkwdGtVNEszX2Y4Sk8zbTgxRGRPNVBnejZnVEY2VHBsRkk0NWZRZF9zS1dQS1BRMU9aVGFjc1hyODVOUnh4UWhFODFWWXVpZ0kybFFOY2xQWDZUY0Nvd3pFbVZlODAw?oc=5\" target=\"_blank\" rel=\"nofollow noopener\">99-66 | Espa\u00f1a entra en cuartos por la puerta grande<\/a>&nbsp;&nbsp;Federaci\u00f3n Espa\u00f1ola de Baloncesto<\/li>\n<li><a href=\"https:\/\/news.google.com\/rss\/articles\/CBMikgJBVV95cUxOQ2ZKTGxzV095OXhDdk1wYTVGLUl6YXctRFhCcGlIQmg0RnJfTEpSU0dJNFl6VGtxNDVNdDBNVXdyWEhJT1FGWUV5RkJCZDZZZ0VrVkdRQ2kxXzNyTUJlZGJGV2FGYTBjcy1IQ1RZeTJYRG9jNndRZGJoaVpiN2xqclZoOVE0eDcwaXpudTBBaU4tLWRaRVNSNHczWHZGYnN6cE1LaERYZkZLYmdpNzVfaFc2Ym9ERXUwR3pJb3p3d0w2UjI4b1J6a19rampkMzdIMUZYYmJDbG1vNGVCcC1JZ0hBMHlpXzJJalp0YjdhREFBaFpJaUpRQ0FjVkJNNC05NU5GQTZrRXN5dXBFMzRzY1h30gGfAkFVX3lxTE9HMjdfeEV3WDNJTUdGOEk4eURfMFRiOS01bG03SzdxNVFqOXJQZmJHa3YzNmNZVjFrNTZ5SWM4eW4ydEtDQ01UanVrSnpLMVJMTEUyMjhTUDRGUVd5UEZKNGJFdlNMZHBtZU1JOFd5Tm1fd2ZSQkR2cGFxSXN5bWFoXzZPVklWT1U1NXdiamFLUzZDblBTdW9tblphdUJrVFR5bVRlT1RzQlA0T255MVoxV0IwRURXNG5JS05WUzA5elcxc3R2Z2NpTXJNbWNrelZycF9Hak1xVzZJLUdjVXhqYjZ5MGllSEI3OENYdXNUUXVzU3lhd1RxSkhITDRBRzR5bWZsMnprc0hFZVBWYzFfWkNVdHRkTW9WbWNscFBR?oc=5\" target=\"_blank\" rel=\"nofollow noopener\">No juega la primera mitad, sale con el 55-30 y Espa\u00f1a remonta 29 puntos para meterse en semifinales: Javier Viguer, el hombre &#8216;clutch&#8217;<\/a>&nbsp;&nbsp;Mundo Deportivo<\/li>\n<\/ol>\n","protected":false},"excerpt":{"rendered":"\u00a1El MVP en un d\u00eda hist\u00f3rico! Humberto Ruiz, el mejor de Espa\u00f1a en la remontada ante Grecia&nbsp;&nbsp;YouTube De&hellip;\n","protected":false},"author":2,"featured_media":687744,"comment_status":"","ping_status":"","sticky":false,"template":"","format":"standard","meta":{"footnotes":""},"categories":[269],"tags":[299,298,121479,168,25,24,3601,121478,23,167,121481,2338,121480],"class_list":["post-687743","post","type-post","status-publish","format-standard","has-post-thumbnail","category-baloncesto","tag-baloncesto","tag-basketball","tag-camera-phone","tag-deportes","tag-es","tag-espana","tag-free","tag-sharing","tag-spain","tag-sports","tag-upload","tag-video","tag-video-phone"],"share_on_mastodon":{"url":"https:\/\/pubeurope.com\/@es\/117017228512839937","error":""},"_links":{"self":[{"href":"https:\/\/www.europesays.com\/es\/wp-json\/wp\/v2\/posts\/687743","targetHints":{"allow":["GET"]}}],"collection":[{"href":"https:\/\/www.europesays.com\/es\/wp-json\/wp\/v2\/posts"}],"about":[{"href":"https:\/\/www.europesays.com\/es\/wp-json\/wp\/v2\/types\/post"}],"author":[{"embeddable":true,"href":"https:\/\/www.europesays.com\/es\/wp-json\/wp\/v2\/users\/2"}],"replies":[{"embeddable":true,"href":"https:\/\/www.europesays.com\/es\/wp-json\/wp\/v2\/comments?post=687743"}],"version-history":[{"count":0,"href":"https:\/\/www.europesays.com\/es\/wp-json\/wp\/v2\/posts\/687743\/revisions"}],"wp:featuredmedia":[{"embeddable":true,"href":"https:\/\/www.europesays.com\/es\/wp-json\/wp\/v2\/media\/687744"}],"wp:attachment":[{"href":"https:\/\/www.europesays.com\/es\/wp-json\/wp\/v2\/media?parent=687743"}],"wp:term":[{"taxonomy":"category","embeddable":true,"href":"https:\/\/www.europesays.com\/es\/wp-json\/wp\/v2\/categories?post=687743"},{"taxonomy":"post_tag","embeddable":true,"href":"https:\/\/www.europesays.com\/es\/wp-json\/wp\/v2\/tags?post=687743"}],"curies":[{"name":"wp","href":"https:\/\/api.w.org\/{rel}","templated":true}]}}