{"id":687845,"date":"2026-08-01T01:09:14","date_gmt":"2026-08-01T01:09:14","guid":{"rendered":"https:\/\/www.europesays.com\/es\/687845\/"},"modified":"2026-08-01T01:09:14","modified_gmt":"2026-08-01T01:09:14","slug":"rumbo-al-us-open-ignacio-buse-debutara-en-segunda-ronda-del-masters-1000-de-montreal","status":"publish","type":"post","link":"https:\/\/www.europesays.com\/es\/687845\/","title":{"rendered":"Rumbo al US Open: Ignacio Buse debutar\u00e1 en segunda ronda del Masters 1000 de Montreal"},"content":{"rendered":"<p data-start=\"0\" data-end=\"360\"><a href=\"https:\/\/rpp.pe\/tenis\/mas-tenis\/ignacio-buse-sera-cabeza-de-serie-en-el-masters-1000-de-montreal-que-significa-y-cuando-debutara-noticia-1698732\" rel=\"nofollow noopener\" target=\"_blank\"><strong>Ignacio Buse <\/strong><\/a>comenzar\u00e1 su participaci\u00f3n en el <strong data-start=\"46\" data-end=\"74\">Masters 1000 de Montreal<\/strong> con una ventaja importante. El tenista peruano, ubicado en el <strong data-start=\"137\" data-end=\"166\">puesto 34 del ranking ATP<\/strong> y sembrado n\u00famero <strong data-start=\"185\" data-end=\"202\">29 del torneo<\/strong>, qued\u00f3 libre en la primera ronda gracias a su condici\u00f3n de cabeza de serie, por lo que har\u00e1 su debut directamente en la segunda fase del certamen canadiense.<\/p>\n<p data-start=\"362\" data-end=\"693\">En su estreno,<strong> Ignacio Buse <\/strong>se enfrentar\u00e1 al ganador del duelo entre el argentino\u00a0<strong data-start=\"436\" data-end=\"460\">Camilo Ugo Carabelli<\/strong> y el brit\u00e1nico <strong data-start=\"476\" data-end=\"494\">Cameron Norrie<\/strong> (juegan el domingo 2 de agosto), dos rivales de experiencia en el circuito. El peruano buscar\u00e1 superar ese exigente debut, programado para el martes 4 de agosto en horario por definir, para seguir avanzando en uno de los torneos m\u00e1s importantes de la gira norteamericana sobre superficie dura.<\/p>\n<p data-start=\"695\" data-end=\"959\">Si consigue la victoria en la segunda ronda, el panorama se volver\u00e1 a\u00fan m\u00e1s desafiante. En la tercera fase podr\u00eda medirse con el australiano <strong data-start=\"836\" data-end=\"854\">Alex de Mi\u00f1aur<\/strong>, sexto preclasificado del torneo y uno de los principales candidatos a pelear por el t\u00edtulo en Montreal.<\/p>\n<p>        <img decoding=\"async\" src=\"https:\/\/www.europesays.com\/es\/wp-content\/uploads\/2026\/08\/125612_1892328.jpg\"   alt=\"Ignacio Buse ya est\u00e1 en Montreal.\" title=\"Ignacio Buse\" loading=\"lazy\"\/><\/p>\n<p>    Ignacio Buse ya est\u00e1 en Montreal. |<br \/>\n    Fuente: Instagram Ignacio Buse   <\/p>\n<p>El US Open 2026 en la mira<\/p>\n<p data-start=\"961\" data-end=\"1284\">Adem\u00e1s de competir en el cuadro individual,\u00a0<strong>Ignacio Buse<\/strong> tambi\u00e9n disputar\u00e1 la modalidad de dobles con el objetivo de sumar m\u00e1s tiempo en cancha dura antes del\u00a0<strong data-start=\"1112\" data-end=\"1128\">US Open 2026<\/strong>. Para ello formar\u00e1 una dupla de lujo con el italiano <strong data-start=\"1182\" data-end=\"1200\">Flavio Cobolli<\/strong>, actual n\u00famero 9 del mundo y finalista de la m\u00e1s reciente edici\u00f3n de Roland Garros.<\/p>\n<p data-start=\"1286\" data-end=\"1618\">La presencia del peruano no se limitar\u00e1 a Montreal. Tambi\u00e9n jugar\u00e1 el\u00a0<strong data-start=\"1369\" data-end=\"1399\">Masters 1000 de Cincinnati<\/strong>, como parte de una planificaci\u00f3n orientada a llegar con el mayor ritmo competitivo posible al \u00faltimo Grand Slam de la temporada, aprovechando cada oportunidad para adaptarse a las condiciones de la gira estadounidense.<\/p>\n<p data-start=\"1620\" data-end=\"2014\" data-is-last-node=\"\" data-is-only-node=\"\">La gira norteamericana de Ignacio Buse continuar\u00e1 con el <strong data-start=\"1677\" data-end=\"1705\">ATP 250 de Winston-Salem<\/strong>, donde partir\u00e1 como <strong data-start=\"1726\" data-end=\"1752\">cuarto cabeza de serie<\/strong>, antes de afrontar el gran objetivo del segundo semestre: el <strong data-start=\"1814\" data-end=\"1830\">US Open 2026<\/strong>, que se disputar\u00e1 del <strong data-start=\"1853\" data-end=\"1889\">30 de agosto al 13 de septiembre<\/strong> en Nueva York. El peruano buscar\u00e1 consolidar su gran temporada y seguir representando al pa\u00eds en la \u00e9lite del tenis mundial.<\/p>\n<p>Te recomendamos<\/p>\n<p>                <a href=\"https:\/\/rpp.pe\/tenis\/mas-tenis\/juan-pablo-varillas-vs-mili-poljicak-en-vivo-a-que-hora-juegan-y-donde-ver-semifinal-san-marino-challenger-tv-atp-link-gratis-noticia-1699612\" data-category=\"M\u00e1s Tenis\" data-section=\"Te Recomendamos\" rel=\"nofollow noopener\" target=\"_blank\"><br \/>\n                   <img decoding=\"async\" src=\"https:\/\/www.europesays.com\/es\/wp-content\/uploads\/2026\/08\/474547_1892222.jpg\"   alt=\"Juan Pablo Varillas vs Mili Poljicak: \u00bfa qu\u00e9 hora juegan y d\u00f3nde ver EN VIVO la semifinal de San Marino Challenger?\" title=\"Juan Pablo Varillas vs Mili Poljicak: \u00bfa qu\u00e9 hora juegan y d\u00f3nde ver EN VIVO la semifinal de San Marino Challenger?\" width=\"75\" height=\"75\" loading=\"lazy\"\/><br \/>\n                <\/a><\/p>\n<p>                <a href=\"https:\/\/rpp.pe\/tenis\/mas-tenis\/gonzalo-bueno-vs-norbert-gombos-a-que-hora-juegan-y-donde-ver-en-vivo-semifinal-del-challenger-de-liberec-2026-atp-tour-link-gratis-challenger-tv-noticia-1699570\" data-category=\"M\u00e1s Tenis\" data-section=\"Te Recomendamos\" rel=\"nofollow noopener\" target=\"_blank\"><br \/>\n                   <img decoding=\"async\" src=\"https:\/\/www.europesays.com\/es\/wp-content\/uploads\/2026\/08\/105410_1892142.jpg\"   alt=\"Gonzalo Bueno vs. Norbert Gombos: \u00bfa qu\u00e9 hora juegan y d\u00f3nde ver EN VIVO semifinal de Challenger de Liberec 2026?\" title=\"Gonzalo Bueno vs. Norbert Gombos: \u00bfa qu\u00e9 hora juegan y d\u00f3nde ver EN VIVO semifinal de Challenger de Liberec 2026?\" width=\"75\" height=\"75\" loading=\"lazy\"\/><br \/>\n                <\/a><\/p>\n<p>            <a href=\"https:\/\/www.whatsapp.com\/channel\/0029VZztxLS3gvWYKY1YWN1I\" class=\"button button--whatsapp button--nothov button--block flex-1\" rel=\"noopener noreferrer nofollow\" target=\"_blank\"><\/p>\n<p>              \u00danete a nuestro canal en WhatsApp<br \/>\n            <\/a><br \/>\n            <a href=\"https:\/\/news.google.com\/publications\/CAAiEPS-1PTwo1fhyncujsNXKmcqFAgKIhD0vtT08KNX4cp3Lo7DVypn?hl=es-419&amp;gl=PE&amp;ceid=PE%3Aes-419\" class=\"button button--transparent button--outline button--nothov button--block flex-1\" rel=\"noopener noreferrer nofollow\" target=\"_blank\"><\/p>\n<p>                  Siguenos en<br \/>\n                  <img decoding=\"async\" src=\"https:\/\/s2.rpp-noticias.io\/static\/dist\/img\/logo-googlenews.svg\" width=\"131\" height=\"20\" alt=\"Google News\" loading=\"lazy\"\/><\/p>\n<p>            <\/a><\/p>\n","protected":false},"excerpt":{"rendered":"Ignacio Buse comenzar\u00e1 su participaci\u00f3n en el Masters 1000 de Montreal con una ventaja importante. El tenista peruano,&hellip;\n","protected":false},"author":2,"featured_media":687846,"comment_status":"","ping_status":"","sticky":false,"template":"","format":"standard","meta":{"footnotes":""},"categories":[274],"tags":[1691,168,25,24,26625,124550,23,167,327,326,541],"class_list":["post-687845","post","type-post","status-publish","format-standard","has-post-thumbnail","category-tenis","tag-atp","tag-deportes","tag-es","tag-espana","tag-ignacio-buse","tag-master-1000-de-montreal","tag-spain","tag-sports","tag-tenis","tag-tennis","tag-us-open"],"share_on_mastodon":{"url":"https:\/\/pubeurope.com\/@es\/117017587496058265","error":""},"_links":{"self":[{"href":"https:\/\/www.europesays.com\/es\/wp-json\/wp\/v2\/posts\/687845","targetHints":{"allow":["GET"]}}],"collection":[{"href":"https:\/\/www.europesays.com\/es\/wp-json\/wp\/v2\/posts"}],"about":[{"href":"https:\/\/www.europesays.com\/es\/wp-json\/wp\/v2\/types\/post"}],"author":[{"embeddable":true,"href":"https:\/\/www.europesays.com\/es\/wp-json\/wp\/v2\/users\/2"}],"replies":[{"embeddable":true,"href":"https:\/\/www.europesays.com\/es\/wp-json\/wp\/v2\/comments?post=687845"}],"version-history":[{"count":0,"href":"https:\/\/www.europesays.com\/es\/wp-json\/wp\/v2\/posts\/687845\/revisions"}],"wp:featuredmedia":[{"embeddable":true,"href":"https:\/\/www.europesays.com\/es\/wp-json\/wp\/v2\/media\/687846"}],"wp:attachment":[{"href":"https:\/\/www.europesays.com\/es\/wp-json\/wp\/v2\/media?parent=687845"}],"wp:term":[{"taxonomy":"category","embeddable":true,"href":"https:\/\/www.europesays.com\/es\/wp-json\/wp\/v2\/categories?post=687845"},{"taxonomy":"post_tag","embeddable":true,"href":"https:\/\/www.europesays.com\/es\/wp-json\/wp\/v2\/tags?post=687845"}],"curies":[{"name":"wp","href":"https:\/\/api.w.org\/{rel}","templated":true}]}}