{"id":688199,"date":"2026-08-01T06:59:17","date_gmt":"2026-08-01T06:59:17","guid":{"rendered":"https:\/\/www.europesays.com\/es\/688199\/"},"modified":"2026-08-01T06:59:17","modified_gmt":"2026-08-01T06:59:17","slug":"la-candidatura-de-marine-le-pen-a-las-elecciones-presidenciales-monopoliza-el-espacio-de-la-ultraderecha-internacional","status":"publish","type":"post","link":"https:\/\/www.europesays.com\/es\/688199\/","title":{"rendered":"La candidatura de Marine Le Pen a las elecciones presidenciales monopoliza el espacio de la ultraderecha | Internacional"},"content":{"rendered":"<p class=\"\">El plat\u00f3 de la cadena francesa LCI acoger\u00e1 el pr\u00f3ximo 27 de agosto el primer gran debate televisado de cara a las elecciones presidenciales que se celebrar\u00e1n en abril de 2027. A ocho meses de esta cita electoral clave para Francia y Europa, este primer debate reunir\u00e1, de momento, a siete de los candidatos ya anunciados, entre ellos, los favoritos en los sondeos, como Marine Le Pen, aspirante al El\u00edseo por el Reagrupamiento Nacional (RN); el l\u00edder de La Francia Insumisa, <a href=\"https:\/\/elpais.com\/internacional\/2026-06-11\/jean-luc-melenchon-la-derecha-ya-no-tiene-nada-que-proponer-salvo-el-miedo.html\" target=\"_blank\" rel=\"noreferrer nofollow noopener\" title=\"https:\/\/elpais.com\/internacional\/2026-06-11\/jean-luc-melenchon-la-derecha-ya-no-tiene-nada-que-proponer-salvo-el-miedo.html\">Jean-Luc M\u00e9lenchon<\/a>; y el centrista <a href=\"https:\/\/elpais.com\/internacional\/2026-06-08\/edouard-philippe-o-los-lobos.html\" target=\"_blank\" rel=\"noreferrer nofollow noopener\" title=\"https:\/\/elpais.com\/internacional\/2026-06-08\/edouard-philippe-o-los-lobos.html\">\u00c9douard Philippe<\/a>, de Horizontes.<\/p>\n<p class=\"\">Ser\u00e1 la primera intervenci\u00f3n como candidata de Le Pen tras anunciar el pasado 7 de julio que <a href=\"https:\/\/elpais.com\/internacional\/2026-07-12\/la-huida-hacia-adelante-de-marine-le-pen.html\" target=\"_blank\" rel=\"noreferrer nofollow noopener\" title=\"https:\/\/elpais.com\/internacional\/2026-07-12\/la-huida-hacia-adelante-de-marine-le-pen.html\">se presentar\u00eda a las presidenciales<\/a> a pesar de haber sido condenada unas horas antes por el tribunal de apelaci\u00f3n de Par\u00eds a tres a\u00f1os de c\u00e1rcel \u2015uno de ellos con brazalete electr\u00f3nico\u2015 por malversaci\u00f3n de fondos europeos. Con la sentencia a\u00fan caliente, esa misma noche dijo en televisi\u00f3n que, adem\u00e1s, <a href=\"https:\/\/elpais.com\/internacional\/2026-07-08\/marine-le-pen-arranca-una-arriesgada-campana-bajo-la-amenaza-de-que-el-supremo-confirme-su-condena.html\" target=\"_blank\" rel=\"noreferrer nofollow noopener\" title=\"https:\/\/elpais.com\/internacional\/2026-07-08\/marine-le-pen-arranca-una-arriesgada-campana-bajo-la-amenaza-de-que-el-supremo-confirme-su-condena.html\">recurrir\u00eda el fallo al Tribunal Supremo<\/a> para no tener que llevar el dispositivo de control durante la campa\u00f1a. <\/p>\n<p class=\"\">Le Pen y su partido parten como favoritos en todos los sondeos, as\u00ed que su presencia en el cartel electoral monopoliza el espacio de la extrema derecha y eclipsa al resto de aspirantes. El principal de ellos es <a href=\"https:\/\/elpais.com\/internacional\/2026-05-07\/el-regreso-de-zemmour-el-ultra-frances-que-hace-parecer-moderada-a-le-pen.html\" target=\"_blank\" rel=\"noreferrer nofollow noopener\" title=\"https:\/\/elpais.com\/internacional\/2026-05-07\/el-regreso-de-zemmour-el-ultra-frances-que-hace-parecer-moderada-a-le-pen.html\">Eric Zemmour<\/a>, l\u00edder de Reconquista, que tiene escasas opciones de pasar a la segunda vuelta electoral, que se ha fijado para el 2 de mayo. <\/p>\n<p class=\"\">M\u00e1s que verla como una rival a batir, los l\u00edderes de extrema derecha han celebrado su candidatura. Zemmour, que sostiene posturas m\u00e1s radicales que las de RN, se\u00f1al\u00f3 que \u201ces sano que sean los franceses los que decidan y no la Justicia\u201d. \u201cCon ella las diferencias son claras, porque ella las asume y las reivindica. El debate pol\u00edtico tendr\u00e1 lugar ante el pa\u00eds [y no ante la Justicia], es todo lo que pedimos\u201d, dijo tras conocerse la decisi\u00f3n de Le Pen. <\/p>\n<p class=\"\">En el primer debate televisado de la campa\u00f1a participar\u00e1n tambi\u00e9n el l\u00edder de Horizontes, \u00c9douard Philippe, y el de Renacimiento, Gabriel Attal, ambos del bloque centrista. Tambi\u00e9n <a href=\"https:\/\/elpais.com\/internacional\/elecciones-europeas\/2024-05-29\/raphael-glucksmann-candidato-socialdemocrata-frances-seremos-el-dique-ante-la-extrema-derecha.html\" target=\"_blank\" rel=\"noreferrer nofollow noopener\" title=\"https:\/\/elpais.com\/internacional\/elecciones-europeas\/2024-05-29\/raphael-glucksmann-candidato-socialdemocrata-frances-seremos-el-dique-ante-la-extrema-derecha.html\">Rapha\u00ebl Glucksmann<\/a>, de Plaza P\u00fablica. Dentro de la extrema derecha solo ir\u00e1 Le Pen. No participar\u00e1 el polemista Zemmour, cuya candidatura a\u00fan no ha oficializado. Ser\u00eda su segundo intento de llegar al El\u00edseo: en las pasadas presidenciales de 2022 obtuvo un 7% de votos en la primera vuelta, quedando en el cuarto puesto, tras Macron, Le Pen y M\u00e9lenchon. En la segunda vuelta electoral pidi\u00f3 el voto para Le Pen.<\/p>\n<p class=\"\"><a href=\"https:\/\/elpais.com\/elpais\/2019\/09\/27\/ideas\/1569576992_871473.html\" target=\"_blank\" rel=\"noreferrer nofollow noopener\" title=\"https:\/\/elpais.com\/elpais\/2019\/09\/27\/ideas\/1569576992_871473.html\">Marion Mar\u00e9chal<\/a>, sobrina de Le Pen, de la que se distanci\u00f3 cuando esta dej\u00f3 el RN para <a href=\"https:\/\/elpais.com\/internacional\/2026-07-12\/la-huida-hacia-adelante-de-marine-le-pen.html\" target=\"_blank\" rel=\"noreferrer nofollow noopener\" title=\"https:\/\/elpais.com\/internacional\/2026-07-12\/la-huida-hacia-adelante-de-marine-le-pen.html\">marcharse con Zemmour<\/a>, expres\u00f3 alivio al conocer que su t\u00eda ser\u00eda candidata. \u201cEstoy muy feliz. Le Pen ha adquirido a lo largo de los a\u00f1os una experiencia, una solidez y una convicci\u00f3n que son indispensables en los momentos que vivimos. Creo que es la candidata natural, la m\u00e1s evidente de la coalici\u00f3n del campo nacional que representamos\u201d, se\u00f1al\u00f3, en referencia a la uni\u00f3n de fuerzas de la derecha nacionalista y la extrema derecha que defienden las mismas ideas: control de la inmigraci\u00f3n y defensa de la identidad nacional, entre otras. Le Pen siempre ha rechazado pactar con Zemmour.<\/p>\n<p class=\"\"><a href=\"https:\/\/elpais.com\/internacional\/2024-06-12\/el-partido-conservador-de-francia-destituye-a-su-lider-por-querer-pactar-con-le-pen.html\" target=\"_blank\" rel=\"noreferrer nofollow noopener\" title=\"https:\/\/elpais.com\/internacional\/2024-06-12\/el-partido-conservador-de-francia-destituye-a-su-lider-por-querer-pactar-con-le-pen.html\">Eric Ciotti<\/a>, de la Uni\u00f3n de Derecha Republicana (UDR) y alcalde de Niza, se\u00f1al\u00f3 que la candidatura de la francesa es \u201cuna buena noticia para la democracia\u201d. \u201cSu lucha y su valent\u00eda inspiran a millones de franceses y la llevar\u00e1n a la victoria\u201d, se\u00f1al\u00f3 el l\u00edder de derechas, que se desmarc\u00f3 del partido conservador de Los Republicanos en el verano de 2024, precisamente para alinearse con ella. <\/p>\n<p class=\"\">La candidatura de Le Pen tambi\u00e9n es un golpe para la derecha tradicional, que ve\u00eda en <a href=\"https:\/\/elpais.com\/internacional\/2026-07-08\/bardella-el-gran-reemplazo-del-rn-se-queda-en-tierra-de-nadie.html\" target=\"_blank\" rel=\"noreferrer nofollow noopener\" title=\"https:\/\/elpais.com\/internacional\/2026-07-08\/bardella-el-gran-reemplazo-del-rn-se-queda-en-tierra-de-nadie.html\">Jordan Bardella<\/a> un contrincante algo m\u00e1s f\u00e1cil por su inexperiencia, lo que podr\u00eda hacer que su partido le ara\u00f1ase votos a RN. Seg\u00fan un sondeo realizado por Elabe tras conocerse que la l\u00edder del RN encabezar\u00e1 la lista, el 35% prefer\u00eda a Bardella como candidato, frente al 17% que se inclinaba por ella. Siete de cada 10 votantes del RN aprueban la candidatura de la l\u00edder del partido. Sin embargo, un 36% cree que Bardella, libre de condena, est\u00e1 mejor posicionado en las urnas, frente al 26% que la quiere a ella. <\/p>\n","protected":false},"excerpt":{"rendered":"El plat\u00f3 de la cadena francesa LCI acoger\u00e1 el pr\u00f3ximo 27 de agosto el primer gran debate televisado&hellip;\n","protected":false},"author":2,"featured_media":688200,"comment_status":"","ping_status":"","sticky":false,"template":"","format":"standard","meta":{"footnotes":""},"categories":[42],"tags":[17,18,4374,124591,13,14,317,11,61,62,63,64,80425,19,20,13022,9,10,15,16,4759,56375,957,12,21,22,4247,65,66,67],"class_list":["post-688199","post","type-post","status-publish","format-standard","has-post-thumbnail","category-internacional","tag-breaking-news","tag-breakingnews","tag-elecciones","tag-eric-zemmour","tag-featured-news","tag-featurednews","tag-francia","tag-headlines","tag-internacional","tag-international","tag-international-news","tag-internationalnews","tag-jordan-bardella","tag-latest-news","tag-latestnews","tag-marine-le-pen","tag-news","tag-noticias","tag-noticias-destacadas","tag-noticiasdestacadas","tag-paris","tag-partidos-nacionalistas","tag-partidos-politicos","tag-titulares","tag-ultimas-noticias","tag-ultimasnoticias","tag-ultraderecha","tag-world","tag-world-news","tag-worldnews"],"share_on_mastodon":{"url":"","error":"Validation failed: Text character limit of 500 exceeded"},"_links":{"self":[{"href":"https:\/\/www.europesays.com\/es\/wp-json\/wp\/v2\/posts\/688199","targetHints":{"allow":["GET"]}}],"collection":[{"href":"https:\/\/www.europesays.com\/es\/wp-json\/wp\/v2\/posts"}],"about":[{"href":"https:\/\/www.europesays.com\/es\/wp-json\/wp\/v2\/types\/post"}],"author":[{"embeddable":true,"href":"https:\/\/www.europesays.com\/es\/wp-json\/wp\/v2\/users\/2"}],"replies":[{"embeddable":true,"href":"https:\/\/www.europesays.com\/es\/wp-json\/wp\/v2\/comments?post=688199"}],"version-history":[{"count":0,"href":"https:\/\/www.europesays.com\/es\/wp-json\/wp\/v2\/posts\/688199\/revisions"}],"wp:featuredmedia":[{"embeddable":true,"href":"https:\/\/www.europesays.com\/es\/wp-json\/wp\/v2\/media\/688200"}],"wp:attachment":[{"href":"https:\/\/www.europesays.com\/es\/wp-json\/wp\/v2\/media?parent=688199"}],"wp:term":[{"taxonomy":"category","embeddable":true,"href":"https:\/\/www.europesays.com\/es\/wp-json\/wp\/v2\/categories?post=688199"},{"taxonomy":"post_tag","embeddable":true,"href":"https:\/\/www.europesays.com\/es\/wp-json\/wp\/v2\/tags?post=688199"}],"curies":[{"name":"wp","href":"https:\/\/api.w.org\/{rel}","templated":true}]}}