{"id":68821,"date":"2025-08-24T11:05:15","date_gmt":"2025-08-24T11:05:15","guid":{"rendered":"https:\/\/www.europesays.com\/es\/68821\/"},"modified":"2025-08-24T11:05:15","modified_gmt":"2025-08-24T11:05:15","slug":"exitosa-tarde-de-la-e-t-de-badajoz-en-quintana-de-la-serena","status":"publish","type":"post","link":"https:\/\/www.europesays.com\/es\/68821\/","title":{"rendered":"Exitosa tarde de la E. T. de Badajoz en Quintana de la Serena"},"content":{"rendered":"<ul>\n<li data-start=\"132\" data-end=\"200\"><strong>Clase pr\u00e1ctica en Quintana de la Serena de la Escuela Taurina de Badajoz \u2013 23 de agosto de 2025<\/strong><\/li>\n<\/ul>\n<p data-start=\"202\" data-end=\"546\">Con gran ambiente de apoyo a los j\u00f3venes valores, la plaza de toros de <strong data-start=\"273\" data-end=\"298\">Quintana de la Serena<\/strong> abri\u00f3 sus puertas para acoger una interesante clase pr\u00e1ctica con alumnos de la Escuela Taurina de Badajoz, en la que se lidiaron erales de la ganader\u00eda de <strong data-start=\"409\" data-end=\"425\">El Quintanar<\/strong>, con buen juego en general y destacando de manera especial el cuarto de la tarde, premiado con la <strong data-start=\"524\" data-end=\"543\">vuelta al ruedo<\/strong>.<\/p>\n<p data-start=\"548\" data-end=\"753\"><strong data-start=\"548\" data-end=\"566\">Adri\u00e1n Guill\u00e9n<\/strong> abri\u00f3 plaza y mostr\u00f3 solvencia y buen corte en su actuaci\u00f3n, dejando muletazos templados y con personalidad. Pase\u00f3 una <strong data-start=\"686\" data-end=\"695\">oreja<\/strong> tras una faena de buen tono que conect\u00f3 con el p\u00fablico.<\/p>\n<p data-start=\"755\" data-end=\"991\">En segundo lugar, <strong data-start=\"773\" data-end=\"790\">Adri\u00e1n Monroy<\/strong> sorprendi\u00f3 por su seguridad y capacidad para estructurar una faena en la que brill\u00f3 su firmeza y gusto en los remates. Su entrega y conexi\u00f3n con los tendidos le valieron el premio de <strong data-start=\"974\" data-end=\"988\">dos orejas<\/strong>.<\/p>\n<p data-start=\"993\" data-end=\"1224\">El tercero en actuar, <strong data-start=\"1015\" data-end=\"1030\">Fran Perera<\/strong>, rubric\u00f3 quiz\u00e1 la faena m\u00e1s redonda de la tarde. Con firmeza y temple, tore\u00f3 a placer, dejando pasajes de calidad por ambos pitones que entusiasmaron al tendido. Cort\u00f3 <strong data-start=\"1199\" data-end=\"1213\">dos orejas<\/strong> de peso.<\/p>\n<p data-start=\"1226\" data-end=\"1527\">Cerr\u00f3 la tarde <strong data-start=\"1241\" data-end=\"1259\">Manuel Ferbola<\/strong>, que firm\u00f3 una actuaci\u00f3n variada, con momentos de gran valor y expresi\u00f3n art\u00edstica. Su faena, plena de disposici\u00f3n, fue premiada con <strong data-start=\"1393\" data-end=\"1407\">dos orejas<\/strong>, a lo que se sum\u00f3 la gran ovaci\u00f3n para el cuarto eral, al que se dio la <strong data-start=\"1480\" data-end=\"1499\">vuelta al ruedo<\/strong> por su bravura y calidad.<\/p>\n<p data-start=\"1529\" data-end=\"1737\">La jornada en Quintana de la Serena result\u00f3 un \u00e9xito, con un p\u00fablico entregado que disfrut\u00f3 con las evoluciones de los noveles, quienes dejaron patente que el futuro de la tauromaquia sigue en buenas manos.<\/p>\n<p style=\"text-align: center;\" data-start=\"1529\" data-end=\"1737\"><strong>FOTOGALER\u00cdA DE JUAN FABI\u00c1N TORNERO \u00abFABY\u00bb<\/strong><\/p>\n<p>\n\tRelacionado<\/p>\n","protected":false},"excerpt":{"rendered":"Clase pr\u00e1ctica en Quintana de la Serena de la Escuela Taurina de Badajoz \u2013 23 de agosto de&hellip;\n","protected":false},"author":2,"featured_media":68822,"comment_status":"","ping_status":"","sticky":false,"template":"","format":"standard","meta":{"footnotes":""},"categories":[277],"tags":[7235,373,168,25,24,27647,23,167,374],"class_list":{"0":"post-68821","1":"post","2":"type-post","3":"status-publish","4":"format-standard","5":"has-post-thumbnail","7":"category-toreo","8":"tag-badajoz","9":"tag-bullfighting","10":"tag-deportes","11":"tag-es","12":"tag-espana","13":"tag-quintana-de-la-serena","14":"tag-spain","15":"tag-sports","16":"tag-toreo"},"share_on_mastodon":{"url":"","error":""},"_links":{"self":[{"href":"https:\/\/www.europesays.com\/es\/wp-json\/wp\/v2\/posts\/68821","targetHints":{"allow":["GET"]}}],"collection":[{"href":"https:\/\/www.europesays.com\/es\/wp-json\/wp\/v2\/posts"}],"about":[{"href":"https:\/\/www.europesays.com\/es\/wp-json\/wp\/v2\/types\/post"}],"author":[{"embeddable":true,"href":"https:\/\/www.europesays.com\/es\/wp-json\/wp\/v2\/users\/2"}],"replies":[{"embeddable":true,"href":"https:\/\/www.europesays.com\/es\/wp-json\/wp\/v2\/comments?post=68821"}],"version-history":[{"count":0,"href":"https:\/\/www.europesays.com\/es\/wp-json\/wp\/v2\/posts\/68821\/revisions"}],"wp:featuredmedia":[{"embeddable":true,"href":"https:\/\/www.europesays.com\/es\/wp-json\/wp\/v2\/media\/68822"}],"wp:attachment":[{"href":"https:\/\/www.europesays.com\/es\/wp-json\/wp\/v2\/media?parent=68821"}],"wp:term":[{"taxonomy":"category","embeddable":true,"href":"https:\/\/www.europesays.com\/es\/wp-json\/wp\/v2\/categories?post=68821"},{"taxonomy":"post_tag","embeddable":true,"href":"https:\/\/www.europesays.com\/es\/wp-json\/wp\/v2\/tags?post=68821"}],"curies":[{"name":"wp","href":"https:\/\/api.w.org\/{rel}","templated":true}]}}