{"id":688293,"date":"2026-08-01T08:18:18","date_gmt":"2026-08-01T08:18:18","guid":{"rendered":"https:\/\/www.europesays.com\/es\/688293\/"},"modified":"2026-08-01T08:18:18","modified_gmt":"2026-08-01T08:18:18","slug":"puerta-de-embarque-del-principe-felipe-los-nuevos-destinos-de-las-salidas-del-casademont-zaragoza","status":"publish","type":"post","link":"https:\/\/www.europesays.com\/es\/688293\/","title":{"rendered":"Puerta de embarque del Pr\u00edncipe Felipe: los nuevos destinos de las salidas del Casademont Zaragoza"},"content":{"rendered":"<p class=\"ft-text ft-helper-closenews\">La megafon\u00eda del Pabell\u00f3n Pr\u00edncipe Felipe despide un verano de movimiento constante en los pasillos de la terminal rojilla. El <strong>Casademont Zaragoza<\/strong> afronta una reestructuraci\u00f3n profunda, <a class=\"ft-link ft-link--decoration\" href=\"https:\/\/www.elperiodicodearagon.com\/baloncesto-zaragoza\/2026\/07\/26\/casademont-deberes-deja-ambas-plantillas-132826069.html\" rel=\"nofollow noopener\" target=\"_blank\">ya culminada un mes antes de que empiecen sendas pretemporadas<\/a>, tras las <strong>salidas <\/strong>durante este <strong>mercado <\/strong>estival de<strong> 2026 <\/strong>en sus dos secciones profesionales, especialmente en el vestuario masculino<strong>.<\/strong> Entre billetes hacia la m\u00e1xima \u00e9lite europea, cruces directos en <strong>LF Endesa<\/strong>, un regreso a la <strong>WNBA<\/strong>, emotivos adioses a las pistas y futuros inciertos todav\u00eda por desvelar<strong>,<\/strong> las plantillas masculina y femenina dibujan su mapa de salidas.<\/p>\n<p>La marcha del capit\u00e1n<\/p>\n<p class=\"ft-text\">El verano en la plantilla masculina ha estado marcado por la salida del capit\u00e1n cuyo rendimiento en Zaragoza no ha pasado desapercibido para los grandes del continente. <strong>Santi Yusta <\/strong>di\u00f3 el salto a la Euroliga de la mano del Anadolu Efes turco tras consolidarse como una de las piezas nacionales m\u00e1s codiciadas del mercado. Por su parte, el uruguayo <strong>Joaqu\u00edn Rodr\u00edguez<\/strong> continuar\u00e1 en Espa\u00f1a vistiendo la camiseta del Dreamland Gran Canaria en Primera FEB.<\/p>\n<p><img decoding=\"async\" src=\"https:\/\/www.europesays.com\/es\/wp-content\/uploads\/2026\/08\/116d6b33-2d29-4678-bc52-da1b4456ca35_alta-libre-aspect-ratio_default_0_x1000y444.jpg\" width=\"1200\" height=\"800\" alt=\"Santi Yusta celebra con rabia una canasta con el Casademont Zaragoza ante el Real Madrid.\" class=\"ft-helper-img-rd\" loading=\"lazy\" fetchpriority=\"auto\"\/><\/p>\n<p class=\"ft-helper-fontColor-quaternary ft-helper-fontSize-body-S ft-helper-spacer-t-xxs\">Santi Yusta celebra con rabia una canasta con el Casademont Zaragoza ante el Real Madrid.  \/ Miguel \u00c1ngel Gracia<\/p>\n<p class=\"ft-text\">Mientras tanto,<strong> Bojan Dubljevi\u0107 <\/strong>y <strong>Josh Richardson<\/strong> han decidido poner punto final a sus carreras profesionales tras su paso por la capital aragonesa. A nivel internacional, <strong>Marco Spissu<\/strong>,<a class=\"ft-link ft-link--decoration\" href=\"https:\/\/www.elperiodicodearagon.com\/baloncesto-zaragoza\/2026\/07\/10\/acb-elige-mejor-canasta-ganadora-132321261.html\" rel=\"nofollow noopener\" target=\"_blank\"> autor de la canasta de la salvaci\u00f3n y del a\u00f1o<\/a>, aterriza en N\u00e1poles e <strong>Isaiah Washington<\/strong> ha fichado por el G\u00f6ztepe Basketbol de la segunda divisi\u00f3n turca (TBL). A su vez, cuatro jugadores todav\u00edan no conocen su destino: <strong>Justin Wright-Foreman<\/strong>, <strong>DJ Stephens<\/strong>, <strong>Khalifa Koumadje <\/strong>y <strong>Devin Robinson<\/strong>. Adem\u00e1s de <strong>Nate Watson<\/strong>, que si bien estuvo cedido la pasada campa\u00f1a en el Panionios griego, segu\u00eda perteneciendo a Casademont hasta este verano.<\/p>\n<p><img decoding=\"async\" src=\"https:\/\/www.europesays.com\/es\/wp-content\/uploads\/2026\/08\/beddff0b-b3da-4889-a5b6-00e6a45cec8c_alta-libre-aspect-ratio_default_0_x500y222.jpg\" width=\"1200\" height=\"800\" alt=\"Spissu, por los aires del Pazo de los Deportes de Lugo en su ic\u00f3nica im\u00e1gen\" class=\"ft-helper-img-rd\" loading=\"lazy\" fetchpriority=\"auto\"\/><\/p>\n<p class=\"ft-helper-fontColor-quaternary ft-helper-fontSize-body-S ft-helper-spacer-t-xxs\">Spissu, por los aires del Pazo de los Deportes de Lugo en su ic\u00f3nica im\u00e1gen  \/ Miguel Angel Gracia<\/p>\n<p>2 salidas internacionales y 2 dom\u00e9sticas<\/p>\n<p class=\"ft-text\">El proyecto femenino del Casademont Zaragoza vuelve a demostrar su capacidad para servir de trampol\u00edn hacia la \u00e9lite mundial del baloncesto femenino. Un ejemplo es <strong>Carla Leite<\/strong>, que rescindi\u00f3 su contrato con la entidad rojilla antes de terminar la temporada para incorporarse a la din\u00e1mica de Portland Fire desde los &#8216;training camps&#8217;. Queda por conocer qu\u00e9 har\u00e1 la base francesa durante la temporada de invierno. En el \u00e1mbito continental, la p\u00edvot <strong>Aminata Gueye<\/strong> formar\u00e1 parte de un gigante europeo como el USK Praga<strong>.<\/strong> Por lo que se ver\u00e1 las caras con su exequipo en <a class=\"ft-link ft-link--decoration\" href=\"https:\/\/www.fiba.basketball\/en\/events\/euroleague-women-25-26\" rel=\"nofollow noopener\" target=\"_blank\">Euroliga<\/a>.<\/p>\n<p><img decoding=\"async\" src=\"https:\/\/www.europesays.com\/es\/wp-content\/uploads\/2026\/08\/8efe20cc-ea48-47af-9176-e504fb14d93c_alta-libre-aspect-ratio_default_0_x1000y444.jpg\" width=\"1200\" height=\"800\" alt=\"Carla Leite y Carlos Cantero, en las semifinales de la Copa de la Reina ante el Valencia Basket.\" class=\"ft-helper-img-rd\" loading=\"lazy\" fetchpriority=\"auto\"\/><\/p>\n<p class=\"ft-helper-fontColor-quaternary ft-helper-fontSize-body-S ft-helper-spacer-t-xxs\">Carla Leite y Carlos Cantero, en las semifinales de la Copa de la Reina ante el Valencia Basket.  \/ Miguel \u00c1ngel Gracia<\/p>\n<p>Competencia directa en LF Endesa<\/p>\n<p class=\"ft-text\">Dentro del panorama nacional, el vestuario aragon\u00e9s pierde a dos piezas que pasan a reforzar a rivales directos en la competici\u00f3n dom\u00e9stica: <strong>Stephanie Mawuli<\/strong> pone rumbo al Meins Avenida, mientras que la joven perla<strong> Helena Pueyo <\/strong>ha firmado por el<strong> <\/strong>Valencia Basket,<strong> <\/strong>siguiendo los pasos de Fiebich.<\/p>\n<p><img decoding=\"async\" src=\"https:\/\/www.europesays.com\/es\/wp-content\/uploads\/2026\/08\/98ff5484-c756-428d-b172-74eb045771d0_alta-libre-aspect-ratio_default_0_x840y387.jpg\" width=\"1200\" height=\"831\" alt=\"Helena Pueyo defiende a Leo Fiebich durante la Copa de la Reina\" class=\"ft-helper-img-rd\" loading=\"lazy\" fetchpriority=\"auto\"\/><\/p>\n<p class=\"ft-helper-fontColor-quaternary ft-helper-fontSize-body-S ft-helper-spacer-t-xxs\">Helena Pueyo defiende a Leo Fiebich durante la Copa de la Reina  \/ FEB<\/p>\n<p>Un trampol\u00edn al baloncesto internacional<\/p>\n<p class=\"ft-text\">El balance de salidas evidencia que el <strong>Casademont Zaragoza se ha afianzado como un escaparate <\/strong>de primer nivel para el baloncesto internacional. La marcha de estas piezas en ambos vestuarios ha obligado a la direcci\u00f3n deportiva a darle continuidad de <strong>un proyecto que aspira a todo<\/strong>, si bien con los ajustes pertinentes tras las 4 bajas, en el caso femenino, <a class=\"ft-link ft-link--decoration\" href=\"https:\/\/www.elperiodicodearagon.com\/fotos\/cai-zaragoza\/2026\/07\/25\/casademont-zaragoza-valencia-basket-vuelven-132780520.html\" rel=\"nofollow noopener\" target=\"_blank\">para ser uno de los tres clubes que copan las doce plazas disponibles con jugadoras profesionales<\/a>, y a realizar una <strong>reestructuraci\u00f3n m\u00e1s profunda<\/strong>, en el caso de los chicos, con el objetivo de que la pesadilla del descenso de la pasada campa\u00f1a quede en un anecd\u00f3tico mal sue\u00f1o. Con las maletas ya hechas y las tarjetas de embarque entregadas para quienes se van, la afici\u00f3n del <strong>Pabell\u00f3n Pr\u00edncipe Felipe<\/strong> ya conoce los nuevos rostros que aterrizar\u00e1n para tomar el testigo de cara al curso que est\u00e1 a punto de arrancar: el 17 de agosto iniciar\u00e1 la pretemporada la secci\u00f3n masculina y el 24, ser\u00e1 el turno la femenina.<\/p>\n<p data-close=\"closedContent\" class=\"subscribeHideForDisplay\">Suscr\u00edbete para seguir leyendo<\/p>\n","protected":false},"excerpt":{"rendered":"La megafon\u00eda del Pabell\u00f3n Pr\u00edncipe Felipe despide un verano de movimiento constante en los pasillos de la terminal&hellip;\n","protected":false},"author":2,"featured_media":688294,"comment_status":"","ping_status":"","sticky":false,"template":"","format":"standard","meta":{"footnotes":""},"categories":[269],"tags":[3076,299,298,2511,168,262,25,24,1239,7791,23,167],"class_list":["post-688293","post","type-post","status-publish","format-standard","has-post-thumbnail","category-baloncesto","tag-3076","tag-baloncesto","tag-basketball","tag-casademont","tag-deportes","tag-destinos","tag-es","tag-espana","tag-mercado","tag-salidas","tag-spain","tag-sports"],"share_on_mastodon":{"url":"https:\/\/pubeurope.com\/@es\/117019274370459273","error":""},"_links":{"self":[{"href":"https:\/\/www.europesays.com\/es\/wp-json\/wp\/v2\/posts\/688293","targetHints":{"allow":["GET"]}}],"collection":[{"href":"https:\/\/www.europesays.com\/es\/wp-json\/wp\/v2\/posts"}],"about":[{"href":"https:\/\/www.europesays.com\/es\/wp-json\/wp\/v2\/types\/post"}],"author":[{"embeddable":true,"href":"https:\/\/www.europesays.com\/es\/wp-json\/wp\/v2\/users\/2"}],"replies":[{"embeddable":true,"href":"https:\/\/www.europesays.com\/es\/wp-json\/wp\/v2\/comments?post=688293"}],"version-history":[{"count":0,"href":"https:\/\/www.europesays.com\/es\/wp-json\/wp\/v2\/posts\/688293\/revisions"}],"wp:featuredmedia":[{"embeddable":true,"href":"https:\/\/www.europesays.com\/es\/wp-json\/wp\/v2\/media\/688294"}],"wp:attachment":[{"href":"https:\/\/www.europesays.com\/es\/wp-json\/wp\/v2\/media?parent=688293"}],"wp:term":[{"taxonomy":"category","embeddable":true,"href":"https:\/\/www.europesays.com\/es\/wp-json\/wp\/v2\/categories?post=688293"},{"taxonomy":"post_tag","embeddable":true,"href":"https:\/\/www.europesays.com\/es\/wp-json\/wp\/v2\/tags?post=688293"}],"curies":[{"name":"wp","href":"https:\/\/api.w.org\/{rel}","templated":true}]}}