{"id":68842,"date":"2025-08-24T11:19:33","date_gmt":"2025-08-24T11:19:33","guid":{"rendered":"https:\/\/www.europesays.com\/es\/68842\/"},"modified":"2025-08-24T11:19:33","modified_gmt":"2025-08-24T11:19:33","slug":"las-campeonas-de-europa-u16f-llegan-este-domingo-a-madrid","status":"publish","type":"post","link":"https:\/\/www.europesays.com\/es\/68842\/","title":{"rendered":"Las campeonas de Europa U16F llegan este domingo a Madrid"},"content":{"rendered":"<p>                        <img decoding=\"async\" class=\"photograph\" src=\"https:\/\/www.europesays.com\/es\/wp-content\/uploads\/2025\/08\/260337_4.jpg\"\/>  <\/p>\n<p>La Selecci\u00f3n Masculina se enfrenta este s\u00e1bado a su \u00faltima piedra de toque antes del Eurobasket, de nuevo contra Alemania pero esta vez como visitante, en Colonia. Y ya con los 12 jugadores elegidos ( &#8230;<\/p>\n<p>                        <img decoding=\"async\" class=\"photograph\" src=\"https:\/\/www.europesays.com\/es\/wp-content\/uploads\/2025\/08\/260342_4.jpg\"\/>  <\/p>\n<p>Con las pretemporadas ya en marcha y el reloj de la cuenta atr\u00e1s marcando el comp\u00e1s de espera de cara al comienzo de la temporada, los 17 equipos de Primera FEB comienzan a perfilar las que ser\u00e1n sus  &#8230;<\/p>\n<p>                        <img decoding=\"async\" class=\"photograph\" src=\"https:\/\/www.europesays.com\/es\/wp-content\/uploads\/2025\/08\/260332_4.jpg\"\/>  <\/p>\n<p>La Selecci\u00f3n U16F estar\u00e1 en la gran final del Eurobasket de Pitetsi (Ruman\u00eda). El equipo dirigido por Moses Fern\u00e1ndez ha firmado otra exhibici\u00f3n, esta vez ante Letonia, a la que super\u00f3 con una superio &#8230;<\/p>\n<p>                        <img decoding=\"async\" class=\"photograph\" src=\"https:\/\/www.europesays.com\/es\/wp-content\/uploads\/2025\/08\/260347_4.jpg\"\/>  <\/p>\n<p>La Selecci\u00f3n Masculina ha cerrado su preparaci\u00f3n para el Eurobasket en Colonia con una segunda derrota frente a Alemania en un partido que a falta de cuatro minutos estaba del todo abierto. De Larrea  &#8230;<\/p>\n<p>                        <img decoding=\"async\" class=\"photograph\" src=\"https:\/\/www.europesays.com\/es\/wp-content\/uploads\/2025\/08\/260322_4.jpg\"\/>  <\/p>\n<p>El interior, de 208 cm, tiene experiencia tanto en Primera como Segunda FEB; y ser\u00e1 una de las referencias interiores para la temporada 25-26 del equipo del Baix Maestrat. <\/p>\n<p>                        <img decoding=\"async\" class=\"photograph\" src=\"https:\/\/www.europesays.com\/es\/wp-content\/uploads\/2025\/08\/260307_4.jpg\"\/>  <\/p>\n<p>El malague\u00f1o seguir\u00e1 contando con Alberto Bolet a su lado en un grupo de trabajo que tendr\u00e1 novedades para el estreno del conjunto de la Costa del Sol en la m\u00e1xima categor\u00eda en la que el equipo buscar &#8230;<\/p>\n<p>                        <img decoding=\"async\" class=\"photograph\" src=\"https:\/\/www.europesays.com\/es\/wp-content\/uploads\/2025\/08\/260297_4.jpg\"\/>  <\/p>\n<p>El ala-p\u00edvot del Cl\u00ednica Ponferrada SDP Rasmus Blak se lesion\u00f3 durante un entrenamiento correspondiente a su preparaci\u00f3n individual realizada en Dinamarca previa a su llegada a Ponferrada.<\/p>\n<p>                        <img decoding=\"async\" class=\"photograph\" src=\"https:\/\/www.europesays.com\/es\/wp-content\/uploads\/2025\/08\/260302_4.jpg\"\/>  <\/p>\n<p>La empresa continuar\u00e1 como proveedor oficial del club.<\/p>\n<p>                        <img decoding=\"async\" class=\"photograph\" src=\"https:\/\/www.europesays.com\/es\/wp-content\/uploads\/2025\/08\/260362_4.jpg\"\/>  <\/p>\n<p>La jugadora internacional ha conquistado el MVP del campeonato gracias a su gran actuaci\u00f3n a lo largo de los siete encuentros disputados y, en especial, por su actuaci\u00f3n en una Final en la que sus 19  &#8230;<\/p>\n<p>                        <img decoding=\"async\" class=\"photograph\" src=\"https:\/\/www.europesays.com\/es\/wp-content\/uploads\/2025\/08\/260312_4.jpg\"\/>  <\/p>\n<p>La jugadora argentina Vicky Llorente (05\/06\/1996) se incorpora a Os\u00e9s Construcci\u00f3n para aportar veteran\u00eda y experiencia al conjunto navarro, que con su llegada suma una importante pieza para el juego  &#8230;<\/p>\n","protected":false},"excerpt":{"rendered":"La Selecci\u00f3n Masculina se enfrenta este s\u00e1bado a su \u00faltima piedra de toque antes del Eurobasket, de nuevo&hellip;\n","protected":false},"author":2,"featured_media":68843,"comment_status":"","ping_status":"","sticky":false,"template":"","format":"standard","meta":{"footnotes":""},"categories":[93],"tags":[4605,299,1918,4597,4613,4616,4609,4608,4610,168,4603,4606,25,24,4120,4598,4614,2713,4601,830,4599,4600,4602,4615,4617,4607,4604,23,167,4611,4612],"class_list":{"0":"post-68842","1":"post","2":"type-post","3":"status-publish","4":"format-standard","5":"has-post-thumbnail","7":"category-deportes","8":"tag-arbitros-baloncesto","9":"tag-baloncesto","10":"tag-basket","11":"tag-basquet","12":"tag-canalfeb","13":"tag-clasificacion","14":"tag-copa-princesa","15":"tag-copa-principe","16":"tag-copa-reina","17":"tag-deportes","18":"tag-eba","19":"tag-entrenadores-baloncesto","20":"tag-es","21":"tag-espana","22":"tag-estadisticas","23":"tag-federacion-baloncesto","24":"tag-jornada-virtual","25":"tag-jugadores","26":"tag-laeb-plata","27":"tag-leb-oro","28":"tag-liga-espana","29":"tag-liga-espanola-baloncesto","30":"tag-liga-femenina","31":"tag-marcadores-baloncesto","32":"tag-rankings","33":"tag-reglas-baloncesto","34":"tag-seleccion-baloncesto","35":"tag-spain","36":"tag-sports","37":"tag-supercopa","38":"tag-television-baloncesto"},"share_on_mastodon":{"url":"","error":""},"_links":{"self":[{"href":"https:\/\/www.europesays.com\/es\/wp-json\/wp\/v2\/posts\/68842","targetHints":{"allow":["GET"]}}],"collection":[{"href":"https:\/\/www.europesays.com\/es\/wp-json\/wp\/v2\/posts"}],"about":[{"href":"https:\/\/www.europesays.com\/es\/wp-json\/wp\/v2\/types\/post"}],"author":[{"embeddable":true,"href":"https:\/\/www.europesays.com\/es\/wp-json\/wp\/v2\/users\/2"}],"replies":[{"embeddable":true,"href":"https:\/\/www.europesays.com\/es\/wp-json\/wp\/v2\/comments?post=68842"}],"version-history":[{"count":0,"href":"https:\/\/www.europesays.com\/es\/wp-json\/wp\/v2\/posts\/68842\/revisions"}],"wp:featuredmedia":[{"embeddable":true,"href":"https:\/\/www.europesays.com\/es\/wp-json\/wp\/v2\/media\/68843"}],"wp:attachment":[{"href":"https:\/\/www.europesays.com\/es\/wp-json\/wp\/v2\/media?parent=68842"}],"wp:term":[{"taxonomy":"category","embeddable":true,"href":"https:\/\/www.europesays.com\/es\/wp-json\/wp\/v2\/categories?post=68842"},{"taxonomy":"post_tag","embeddable":true,"href":"https:\/\/www.europesays.com\/es\/wp-json\/wp\/v2\/tags?post=68842"}],"curies":[{"name":"wp","href":"https:\/\/api.w.org\/{rel}","templated":true}]}}