{"id":68861,"date":"2025-08-24T11:33:10","date_gmt":"2025-08-24T11:33:10","guid":{"rendered":"https:\/\/www.europesays.com\/es\/68861\/"},"modified":"2025-08-24T11:33:10","modified_gmt":"2025-08-24T11:33:10","slug":"su-cambio-a-ferrari-fue-bueno-para-todos","status":"publish","type":"post","link":"https:\/\/www.europesays.com\/es\/68861\/","title":{"rendered":"Su cambio a Ferrari fue bueno para todos"},"content":{"rendered":"<p data-journey-content=\"true\" data-node-id=\"2\" class=\"css-i9p093 emevuu60\">El 31 de agosto de 2023, el equipo Mercedes anunci\u00f3 la renovaci\u00f3n de un Lewis Hamilton que ten\u00eda ganas de seguir peleando junto a los alemanes. Sin embargo, unos meses despu\u00e9s, concretamente el 1 de febrero de 2024, Ferrari hac\u00eda oficial el fichaje del siete veces campe\u00f3n del mundo, dejando marchar a Carlos Sainz de cara a la siguiente temporada. Un cambio de aires que, por el momento, le est\u00e1 pesando al brit\u00e1nico, quien lleg\u00f3 <a href=\"https:\/\/www.caranddriver.com\/es\/formula-1\/a65581312\/lewis-hamilton-devastado-pole-charles-leclerc-ferrari-f1-gp-hungria-inutil\/\" target=\"_blank\" data-vars-ga-outbound-link=\"https:\/\/www.caranddriver.com\/es\/formula-1\/a65581312\/lewis-hamilton-devastado-pole-charles-leclerc-ferrari-f1-gp-hungria-inutil\/\" data-vars-ga-ux-element=\"Hyperlink\" data-vars-ga-call-to-action=\"a admitir que \u201csoy un in\u00fatil\u201d en el pasado GP de Hungr\u00eda.\" data-node-id=\"2.1\" class=\"body-link css-168zq96 emevuu60\" rel=\"nofollow noopener\">a admitir que \u201csoy un in\u00fatil\u201d en el pasado GP de Hungr\u00eda.<\/a><\/p>\n<p>George Russell opina sobre la marcha de Hamilton<\/p>\n<p data-journey-content=\"true\" data-node-id=\"4\" class=\"css-i9p093 emevuu60\">De hecho,<strong data-node-id=\"4.1\"> ya hay algunos integrantes de la parrilla que han criticado las \u00faltimas actuaciones del brit\u00e1nico<\/strong>, en especial Bernie Ecclestone, <a href=\"https:\/\/www.caranddriver.com\/es\/formula-1\/a65622041\/bernie-ecclestone-pide-retiro-lewis-hamilton-ferrari-se-estaria-enganando-a-si-mismo\/\" target=\"_blank\" data-vars-ga-outbound-link=\"https:\/\/www.caranddriver.com\/es\/formula-1\/a65622041\/bernie-ecclestone-pide-retiro-lewis-hamilton-ferrari-se-estaria-enganando-a-si-mismo\/\" data-vars-ga-ux-element=\"Hyperlink\" data-vars-ga-call-to-action=\"quien lleg\u00f3 a pedir el retiro del \u201844\u2019\" data-node-id=\"4.3\" class=\"body-link css-168zq96 emevuu60\" rel=\"nofollow noopener\">quien lleg\u00f3 a pedir el retiro del \u201844\u2019<\/a>. Otros como Ralf Schumacher, pusieron sobre la mesa el debate de la edad, alegando que al piloto le est\u00e1 costando mucho adaptarse al nuevo SF-25. Sin embargo, miembros de la Scuderia como Fr\u00e9d\u00e9ric Vasseur o Charles Leclerc han querido defender al brit\u00e1nico en m\u00e1s de una ocasi\u00f3n. <\/p>\n<p data-journey-content=\"true\" data-node-id=\"5\" class=\"css-i9p093 emevuu60\">Todo esto viene tras una decisi\u00f3n que en su d\u00eda no se esperaba el propio Toto Wolff, <strong data-node-id=\"5.1\">pero que seg\u00fan George Russell, fue bueno para que ambas partes buscaran nuevos retos en la categor\u00eda reina. <\/strong>De hecho, el brit\u00e1nico asegura que por aquel entonces no estaban teniendo un buen momento en cuanto a resultados, por lo que explica por qu\u00e9 fue una buena decisi\u00f3n para ambas partes separar sus caminos a partir de 2025. <\/p>\n<p><img draggable=\"true\" alt=\"lewis hamilton y george russell mercedes f1\" title=\"Lewis Hamilton y George Russell Mercedes F1\" loading=\"lazy\" width=\"5236\" height=\"3442\" decoding=\"async\" data-nimg=\"1\" style=\"color:transparent;width:100%;height:auto;\"   src=\"https:\/\/www.europesays.com\/es\/wp-content\/uploads\/2025\/08\/gettyimages-1495883139-68a488fb53c35.jpg\" class=\"css-0 e1g79fud0\"\/><a target=\"_blank\" rel=\"noopener nofollow\" data-theme-key=\"base-link\" href=\"https:\/\/pinterest.com\/pin\/create\/button\/?url=https:\/\/www.caranddriver.com\/es\/formula-1\/a65818919\/george-russell-salida-lewis-hamilton-mercedes-f1-cambio-ferrari-bueno\/&amp;description=&amp;media=https:\/\/hips.hearstapps.com\/hmg-prod\/images\/gettyimages-1495883139-68a488fb53c35.jpg?resize=1600:*\" class=\"pinterest css-on9hn5 e1c1bym14\"><img decoding=\"async\" data-dynamic-svg=\"true\" src=\"https:\/\/www.caranddriver.com\/_assets\/design-tokens\/fre\/static\/icons\/social\/pinterest.e8cf655.svg?primary=%2523ffffff\" loading=\"lazy\" data-testid=\"dynamic-svg-base\" height=\"auto\" width=\"auto\" alt=\"pinterest\" class=\"css-4lml0h e1mlxuuw1\"\/><\/a><\/p>\n<p>David Ramos<\/p>\n<p data-journey-content=\"true\" data-node-id=\"8\" class=\"css-i9p093 emevuu60\">\u201cSin duda, se siente diferente dentro del equipo. Pero al final, solo miras hacia una cosa, que es el rendimiento. <strong data-node-id=\"8.1\">Obviamente empezamos muy bien. Ahora hemos tenido una racha de malos resultados<\/strong>\u201d, dec\u00eda el piloto de Mercedes en una entrevista para &#8216;Motorsport.com&#8217;.<\/p>\n<p data-journey-content=\"true\" data-node-id=\"9\" class=\"css-i9p093 emevuu60\">\u201c<strong data-node-id=\"9.1\">Espero que podamos volver a encarrilarlo, pero siempre hay pros y contras en cada cambio que se hace en cualquier organizaci\u00f3n<\/strong>\u201d, prosigui\u00f3.<\/p>\n<p data-journey-content=\"true\" data-node-id=\"10\" class=\"css-i9p093 emevuu60\">\u201cPero creo que el cambio fue con Lewis. Es bueno para \u00e9l. Y es realmente bueno para todos nosotros como equipo; un nuevo comienzo. <strong data-node-id=\"10.1\">A veces necesitas romper ese molde para volver a encontrar tu camino<\/strong>\u201d, concluy\u00f3 <a href=\"https:\/\/www.caranddriver.com\/es\/formula-1\/pilotos\/a33675\/george-russell\/\" target=\"_blank\" data-vars-ga-outbound-link=\"https:\/\/www.caranddriver.com\/es\/formula-1\/pilotos\/a33675\/george-russell\/\" data-vars-ga-ux-element=\"Hyperlink\" data-vars-ga-call-to-action=\"George Russell.\" data-node-id=\"10.3\" class=\"body-link css-168zq96 emevuu60\" rel=\"nofollow noopener\">George Russell.<\/a><\/p>\n<p data-journey-content=\"true\" data-node-id=\"11\" class=\"css-i9p093 emevuu60\">Es as\u00ed como el piloto de Mercedes ha asegurado que la marcha de Lewis Hamilton fue buena para el equipo alem\u00e1n y para el \u201844\u2019.<\/p>\n<p>Contenidos relacionados<\/p>\n","protected":false},"excerpt":{"rendered":"El 31 de agosto de 2023, el equipo Mercedes anunci\u00f3 la renovaci\u00f3n de un Lewis Hamilton que ten\u00eda&hellip;\n","protected":false},"author":2,"featured_media":68862,"comment_status":"","ping_status":"","sticky":false,"template":"","format":"standard","meta":{"footnotes":""},"categories":[270],"tags":[168,253,25,24,306,271,272,23,167],"class_list":{"0":"post-68861","1":"post","2":"type-post","3":"status-publish","4":"format-standard","5":"has-post-thumbnail","7":"category-formula-1","8":"tag-deportes","9":"tag-discover","10":"tag-es","11":"tag-espana","12":"tag-f1","13":"tag-formula-1","14":"tag-formula1","15":"tag-spain","16":"tag-sports"},"share_on_mastodon":{"url":"","error":""},"_links":{"self":[{"href":"https:\/\/www.europesays.com\/es\/wp-json\/wp\/v2\/posts\/68861","targetHints":{"allow":["GET"]}}],"collection":[{"href":"https:\/\/www.europesays.com\/es\/wp-json\/wp\/v2\/posts"}],"about":[{"href":"https:\/\/www.europesays.com\/es\/wp-json\/wp\/v2\/types\/post"}],"author":[{"embeddable":true,"href":"https:\/\/www.europesays.com\/es\/wp-json\/wp\/v2\/users\/2"}],"replies":[{"embeddable":true,"href":"https:\/\/www.europesays.com\/es\/wp-json\/wp\/v2\/comments?post=68861"}],"version-history":[{"count":0,"href":"https:\/\/www.europesays.com\/es\/wp-json\/wp\/v2\/posts\/68861\/revisions"}],"wp:featuredmedia":[{"embeddable":true,"href":"https:\/\/www.europesays.com\/es\/wp-json\/wp\/v2\/media\/68862"}],"wp:attachment":[{"href":"https:\/\/www.europesays.com\/es\/wp-json\/wp\/v2\/media?parent=68861"}],"wp:term":[{"taxonomy":"category","embeddable":true,"href":"https:\/\/www.europesays.com\/es\/wp-json\/wp\/v2\/categories?post=68861"},{"taxonomy":"post_tag","embeddable":true,"href":"https:\/\/www.europesays.com\/es\/wp-json\/wp\/v2\/tags?post=68861"}],"curies":[{"name":"wp","href":"https:\/\/api.w.org\/{rel}","templated":true}]}}