{"id":688705,"date":"2026-08-01T14:03:35","date_gmt":"2026-08-01T14:03:35","guid":{"rendered":"https:\/\/www.europesays.com\/es\/688705\/"},"modified":"2026-08-01T14:03:35","modified_gmt":"2026-08-01T14:03:35","slug":"se-presenta-oficialmente-la-copa-davis-en-neuquen-todo-lo-que-hay-que-saber","status":"publish","type":"post","link":"https:\/\/www.europesays.com\/es\/688705\/","title":{"rendered":"Se presenta oficialmente la Copa Davis en Neuqu\u00e9n: todo lo que hay que saber"},"content":{"rendered":"<p id=\"p-1785589745320-37742\" class=\"\" data-start=\"240\" data-end=\"563\"><strong>Neuqu\u00e9n<\/strong> vivir\u00e1 este s\u00e1bado un nuevo paso en la cuenta regresiva hacia uno de los eventos deportivos m\u00e1s importantes de su historia. Desde las 11 se realizar\u00e1 la presentaci\u00f3n oficial de la serie de <strong><a href=\"https:\/\/www.lmneuquen.com\/deportes\/agustin-calleri-confirmo-que-esta-semana-se-presenta-la-copa-davis-neuquen-n1247709\" target=\"_blank\" rel=\"follow nofollow noopener\" title=\"Agust\u00edn Calleri confirm\u00f3 que esta semana se presenta la Copa Davis en Neuqu\u00e9n\">Copa Davis por el Grupo Mundial entre Argentina y Turqu\u00eda<\/a>,<\/strong> que se disputar\u00e1 el <strong>19 y 20 de septiembre<\/strong> en el <strong>estadio Ruca Che.<\/strong><\/p>\n<p id=\"p-1785589745320-75192\" data-start=\"565\" data-end=\"900\">El acto ser\u00e1 encabezado por el gobernador Rolando Figueroa y contar\u00e1 con la participaci\u00f3n del intendente <strong>Mariano Gaido;<\/strong> el presidente y el vicepresidente de la<strong> Asociaci\u00f3n Argentina de Tenis (AAT)<\/strong>, <strong>Agust\u00edn Calleri<\/strong> y <strong>Mariano Zabaleta;<\/strong> y el presidente y CEO de YPF, <strong>Horacio Mar\u00edn,<\/strong> quienes brindar\u00e1n detalles de la organizaci\u00f3n del evento.<\/p>\n<p> Una sede hist\u00f3rica para el tenis argentino <\/p>\n<p id=\"p-1785589745320-42450\" data-start=\"949\" data-end=\"1174\">La conferencia ser\u00e1 transmitida en vivo por Radio y Televisi\u00f3n del Neuqu\u00e9n (RTN) a trav\u00e9s de su canal de YouTube y marcar\u00e1 el lanzamiento oficial de una serie que convertir\u00e1 a Neuqu\u00e9n en sede de la Copa Davis por primera vez.<\/p>\n<p id=\"p-1785589745320-27521\" data-start=\"1176\" data-end=\"1423\">La provincia pasar\u00e1 a integrar el grupo de sedes argentinas que recibieron la competencia, junto con Buenos Aires, Santa Fe, C\u00f3rdoba, Mendoza, San Juan y la Ciudad Aut\u00f3noma de Buenos Aires. Adem\u00e1s, ser\u00e1 la serie m\u00e1s austral organizada por el pa\u00eds.<\/p>\n<p>   <img src=\"https:\/\/www.europesays.com\/es\/wp-content\/uploads\/2026\/08\/agustin-calleri.jpg\" decoding=\"async\" fetchpriority=\"low\" loading=\"lazy\" alt=\"\" title=\"\" width=\"770\" height=\"undefined\" id=\"1247400-Libre-1267058598_embed\"\/>    <\/p>\n<p id=\"p-1785589745320-1465\" data-start=\"1425\" data-end=\"1797\">D\u00edas atr\u00e1s, el presidente de la AAT, Agust\u00edn Calleri, hab\u00eda anticipado la importancia de esta presentaci\u00f3n. \u00abVenimos muy bien con los preparativos. Es m\u00e1s, el viernes estoy viajando hacia Neuqu\u00e9n porque el s\u00e1bado tenemos la conferencia de prensa donde va a estar el gobernador de la provincia y el presidente de YPF, el se\u00f1or Mar\u00edn\u00bb, se\u00f1al\u00f3 en una entrevista con Cadena 3.<\/p>\n<p id=\"p-1785589745320-80798\" data-start=\"1799\" data-end=\"2033\">Calleri tambi\u00e9n destac\u00f3 el significado de llevar la competencia a la provincia. \u00abPara nosotros es una alegr\u00eda seguir federalizando el tenis. Es la primera vez que se juega tan al sur una Copa Davis. Muy contento por ese lado\u00bb, afirm\u00f3.<\/p>\n<p> C\u00f3mo ser\u00e1 la serie en el Ruca Che <\/p>\n<p id=\"p-1785589745320-94826\" data-start=\"2073\" data-end=\"2309\">Para recibir la competencia, el estadio Ruca Che ser\u00e1 acondicionado con una cancha r\u00e1pida bajo techo, una superficie elegida en conjunto con los jugadores argentinos debido a que la serie se disputar\u00e1 inmediatamente despu\u00e9s del US Open.<\/p>\n<p id=\"p-1785589745320-69193\" data-start=\"2311\" data-end=\"2769\">\u00abVa a ser una experiencia linda, nueva, porque vamos a jugar en superficie indoor, en superficie dura. Coincidimos y lo charlamos con los jugadores. Como ellos vienen de jugar en cemento, que va a terminar el US Open, van a jugar Copa Davis y despu\u00e9s van a seguir jugando en cemento en la gira europea o en la gira asi\u00e1tica. Ellos lo vieron con buenos ojos que sea en la misma superficie donde ellos van a seguir desarrollando la actividad\u00bb, explic\u00f3 Calleri.<\/p>\n<p>   <img src=\"https:\/\/www.europesays.com\/es\/wp-content\/uploads\/2026\/08\/copa-davis-neuquen.webp\" decoding=\"async\" fetchpriority=\"low\" loading=\"lazy\" alt=\"\" title=\"\" width=\"770\" height=\"undefined\" id=\"1257999-Libre-921959407_embed\"\/>    <\/p>\n<p id=\"p-1785589745320-34129\" data-start=\"2771\" data-end=\"2960\">La serie tambi\u00e9n marcar\u00e1 el debut como local de Javier Frana como capit\u00e1n del equipo argentino y se desarrollar\u00e1 en el marco del d\u00e9cimo aniversario de la obtenci\u00f3n de la Copa Davis en 2016.<\/p>\n<p id=\"p-1785589745320-94271\" data-start=\"2962\" data-end=\"3186\">Adem\u00e1s de buscar la clasificaci\u00f3n a los Qualifiers 2027, Argentina intentar\u00e1 alcanzar su victoria n\u00famero 100 en la historia de la competencia. Actualmente, el equipo nacional acumula un registro de 99 triunfos y 75 derrotas.<\/p>\n<p id=\"p-1785589745320-27404\" data-start=\"3188\" data-end=\"3416\" data-is-last-node=\"\" data-is-only-node=\"\">La organizaci\u00f3n est\u00e1 a cargo de la Asociaci\u00f3n Argentina de Tenis, el Gobierno de la Provincia del Neuqu\u00e9n y la Municipalidad de Neuqu\u00e9n, mientras contin\u00faa la expectativa por la confirmaci\u00f3n de la venta de entradas para la serie.<\/p>\n","protected":false},"excerpt":{"rendered":"Neuqu\u00e9n vivir\u00e1 este s\u00e1bado un nuevo paso en la cuenta regresiva hacia uno de los eventos deportivos m\u00e1s&hellip;\n","protected":false},"author":2,"featured_media":688706,"comment_status":"","ping_status":"","sticky":false,"template":"","format":"standard","meta":{"footnotes":""},"categories":[274],"tags":[13877,168,25,24,23,167,327,326],"class_list":["post-688705","post","type-post","status-publish","format-standard","has-post-thumbnail","category-tenis","tag-copa-davis","tag-deportes","tag-es","tag-espana","tag-spain","tag-sports","tag-tenis","tag-tennis"],"share_on_mastodon":{"url":"https:\/\/pubeurope.com\/@es\/117020631049002494","error":""},"_links":{"self":[{"href":"https:\/\/www.europesays.com\/es\/wp-json\/wp\/v2\/posts\/688705","targetHints":{"allow":["GET"]}}],"collection":[{"href":"https:\/\/www.europesays.com\/es\/wp-json\/wp\/v2\/posts"}],"about":[{"href":"https:\/\/www.europesays.com\/es\/wp-json\/wp\/v2\/types\/post"}],"author":[{"embeddable":true,"href":"https:\/\/www.europesays.com\/es\/wp-json\/wp\/v2\/users\/2"}],"replies":[{"embeddable":true,"href":"https:\/\/www.europesays.com\/es\/wp-json\/wp\/v2\/comments?post=688705"}],"version-history":[{"count":0,"href":"https:\/\/www.europesays.com\/es\/wp-json\/wp\/v2\/posts\/688705\/revisions"}],"wp:featuredmedia":[{"embeddable":true,"href":"https:\/\/www.europesays.com\/es\/wp-json\/wp\/v2\/media\/688706"}],"wp:attachment":[{"href":"https:\/\/www.europesays.com\/es\/wp-json\/wp\/v2\/media?parent=688705"}],"wp:term":[{"taxonomy":"category","embeddable":true,"href":"https:\/\/www.europesays.com\/es\/wp-json\/wp\/v2\/categories?post=688705"},{"taxonomy":"post_tag","embeddable":true,"href":"https:\/\/www.europesays.com\/es\/wp-json\/wp\/v2\/tags?post=688705"}],"curies":[{"name":"wp","href":"https:\/\/api.w.org\/{rel}","templated":true}]}}