{"id":688747,"date":"2026-08-01T14:33:18","date_gmt":"2026-08-01T14:33:18","guid":{"rendered":"https:\/\/www.europesays.com\/es\/688747\/"},"modified":"2026-08-01T14:33:18","modified_gmt":"2026-08-01T14:33:18","slug":"la-fotografa-isabel-munoz-lo-que-mas-me-cuesta-cuando-retrato-realidades-sociales-es-el-dolor-ajeno-y-la-impunidad","status":"publish","type":"post","link":"https:\/\/www.europesays.com\/es\/688747\/","title":{"rendered":"La fot\u00f3grafa Isabel Mu\u00f1oz: \u00abLo que m\u00e1s me cuesta cuando retrato realidades sociales es el dolor ajeno y la impunidad\u00bb"},"content":{"rendered":"<p class=\"paragraph\" id=\"paragraph_1\">A sus 75 a\u00f1os, <strong>Isabel<\/strong> <strong>Mu\u00f1oz<\/strong> (Barcelona, 1951), Premio Nacional de Fotograf\u00eda, dos veces World Press Photo, Medalla de Oro al M\u00e9rito de las Bellas Artes\u2026, no para.<\/p>\n<p class=\"paragraph\" id=\"paragraph_2\">S\u00f3lo <strong>e<\/strong><strong>n ju<\/strong><strong>nio ha expuesto en la Galer\u00eda de las Colecciones Reales<\/strong> y el Instituto Franc\u00e9s, en la James-Simon-Galerie de Berl\u00edn, el Instituto Cervantes de T\u00e1nger\u2026 Aprovechar\u00e1 sus vacaciones en el mar y algo de monta\u00f1a para pensar en sus pr\u00f3ximos proyectos.<\/p>\n<p class=\"paragraph\" id=\"paragraph_3\">Entrar en el estudio de la artista es adentrarse en un mundo misterioso, acogedor, fascinante. Enormes im\u00e1genes de distintos formatos cuelgan de las paredes: la mano de un hombre que abraza la espalda de su compa\u00f1era de baile; las curvas de una mujer ce\u00f1idas por un vestido blanco; la t\u00fanica de un derviche en un giro continuo\u2026<\/p>\n<p><img loading=\"lazy\" decoding=\"async\" alt=\"Beatrice en el estudio de Grisha.\" height=\"240\" src=\"https:\/\/www.europesays.com\/es\/wp-content\/uploads\/2026\/08\/h:240&#038;h=r_TuaQu3.jpeg\" width=\"320\" data-lazy-status=\"processed\" data-lazy-info=\"remove loading item 1\"\/><\/p>\n<p class=\"paragraph\" id=\"paragraph_4\">\u00ab<strong>Lo que realmente me ha interesado es el ser humano<\/strong>\u00ab, explica Isabel, para quien explorar los sentimientos y contarlos ha sido una necesidad. Lo ha hecho a trav\u00e9s del cuerpo. Tambi\u00e9n al fotografiar la naturaleza, \u00abporque es tan perfecta que si no pongo a la persona se crea demasiada distancia\u00bb.<\/p>\n<p class=\"paragraph\" id=\"paragraph_5\">El amor a la danza marcar\u00eda la direcci\u00f3n de sus primeros trabajos. Le seguir\u00edan series sobre el \u00e9xtasis de rituales religiosos, las formas en que el hombre se adorna \u2014desde Pap\u00faa Nueva Guinea a las c\u00e1rceles de El Salvador\u2014, la transformaci\u00f3n extrema del cuerpo, el butoh, los grandes simios, las manifestaciones que buscan conectar con el m\u00e1s all\u00e1\u2026<\/p>\n<p><img decoding=\"async\" alt=\"La fot\u00f3grafa Isabel Mu\u00f1oz durante su entrevista para Magas.\" data-imgm=\"true\" height=\"960\" loading=\"lazy\"  src=\"https:\/\/www.europesays.com\/es\/wp-content\/uploads\/2026\/08\/h:960&#038;h=nBGjJrIP.jpeg\"  width=\"1706\"\/><\/p>\n<p>                                                            La fot\u00f3grafa Isabel Mu\u00f1oz durante su entrevista para Magas.<\/p>\n<p>                    Sara Fern\u00e1ndez<\/p>\n<p class=\"paragraph\" id=\"paragraph_6\">Se ha sumergido entre t\u00e9mpanos de hielo para parte de su serie Somos agua: \u00abLa mayor\u00eda de nuestro cuerpo es agua\u00bb \u2014aclara la artista\u2014. \u00bfDe d\u00f3nde venimos? Del agua. La tierra, los \u00e1rboles, la roca\u2026 Todo est\u00e1 conectado\u00bb.<\/p>\n<p class=\"paragraph\" id=\"paragraph_7\">Cuando fotograf\u00eda la infancia olvidada, la trata de personas, las mujeres y ni\u00f1as utilizadas como arma de guerra, su forma de contar es otra, \u00absiempre desde el respeto y el amor\u00bb.<\/p>\n<p class=\"paragraph\" id=\"paragraph_8\">Es imposible abordar en una entrevista un trabajo en constante evoluci\u00f3n e investigaci\u00f3n, no s\u00f3lo en cuanto a temas, sino a formatos, soportes, papeles, emulsiones y procesos t\u00e9cnicos y digitales.<\/p>\n<p class=\"paragraph\" id=\"paragraph_9\">Isabel abre las cajoneras y ense\u00f1a los enormes negativos que utiliza para las platinotipias. Sobre las mesas, diseminadas y ordenadas, fotograf\u00edas y pruebas: \u00abEsto un papel gampi de nueve gramos, impreso con la t\u00e9cnica de chine coll\u00e9. En grande lo hago en papel seda porque no hay gampi\u00bb.<\/p>\n<p class=\"paragraph\" id=\"paragraph_10\">Una se queda admirando esa b\u00fasqueda infatigable \u2014\u00bbes importante no caer en el autoplagio\u00bb\u2014, de la calidad tan rotunda de su obra, pero tambi\u00e9n de la pasi\u00f3n y generosidad con la que la muestra.<\/p>\n<p class=\"paragraph\" id=\"paragraph_11\">A un metro de la claraboya del estudio y unos tres sobre el suelo, cuelga una canoa de madera del Congo: \u00abA veces pienso que es esta la que lleva todos nuestros sue\u00f1os\u00bb.<\/p>\n<p class=\"paragraph\" id=\"paragraph_12\"><strong>\u00bfTiene usted algo de m\u00edstica?<\/strong><\/p>\n<p class=\"paragraph\" id=\"paragraph_13\">Creo que todos los seres humanos necesitamos conectar con una parte espiritual, a veces m\u00e1s, otras menos. Ya en el Paleol\u00edtico, la expresi\u00f3n art\u00edstica estaba ligada a esa necesidad, a intentar conectar con lo que no se ve.<\/p>\n<p class=\"paragraph\" id=\"paragraph_14\"><strong>En sus fotos hay algo muy misterioso, como un susurro, un grito ahogado, tambi\u00e9n amor\u2026<\/strong><\/p>\n<p class=\"paragraph\" id=\"paragraph_15\">En el fondo, nuestro trabajo es tambi\u00e9n un autorretrato. Cuando t\u00fa escribes, tambi\u00e9n lo haces sobre ti. Siempre he pensado que hacemos lo que hacemos porque necesitamos amar. En mi caso es gen\u00e9tico. Ya de peque\u00f1a ten\u00eda el impulso de compartir, querer\u2026 Luego, cada uno lo canaliza a su manera.<\/p>\n<p><img decoding=\"async\" alt=\"Tras varios meses de intensa actividad, la artista acoge a esta revista en su estudio.\" data-imgm=\"true\" height=\"960\" loading=\"lazy\"  src=\"https:\/\/www.europesays.com\/es\/wp-content\/uploads\/2026\/08\/h:960&#038;h=vRJAOoKC.jpeg\"  width=\"1706\"\/><\/p>\n<p>                                                            Tras varios meses de intensa actividad, la artista acoge a esta revista en su estudio.<\/p>\n<p>                    Sara Fern\u00e1ndez<\/p>\n<p class=\"paragraph\" id=\"paragraph_16\"><strong>\u00bfCree en el destino?<\/strong><\/p>\n<p class=\"paragraph\" id=\"paragraph_17\">Much\u00edsimo. Y me gusta seguirlo porque nunca sabes si vuelve. Me rijo bastante por la intuici\u00f3n.<\/p>\n<p><img decoding=\"async\" alt=\"Elis Carballo posa frente a la Sagrada Familia.\" height=\"240\" loading=\"lazy\" width=\"320\" data-lazy-status=\"processed\" id=\"1cf27e123a\" src=\"https:\/\/www.elespanol.com\/mujer\/protagonistas\/20260801\/fotografa-isabel-munoz-cuesta-retrato-realidades-sociales-dolor-ajeno-impunidad\/[\" https:=\"\" data-lazy-info=\"changed src\"\/><\/p>\n<p class=\"paragraph\" id=\"paragraph_18\"><strong>Ese equilibrio entre la voluntad y la intuici\u00f3n\u2026<\/strong><\/p>\n<p class=\"paragraph\" id=\"paragraph_19\">Claro, pero esa voluntad tiene que estar. Tambi\u00e9n es gen\u00e9tico. Tienes que tener esa fuerza para arriesgar, porque la equivocaci\u00f3n es precisamente no hacer las cosas. Aunque te equivoques, aprendes.<\/p>\n<p class=\"paragraph\" id=\"paragraph_20\"><strong>50 a\u00f1os de carrera profesional, \u00bfqu\u00e9 impresi\u00f3n tiene cuando mira atr\u00e1s?<\/strong><\/p>\n<p class=\"paragraph\" id=\"paragraph_21\">Es curioso porque no miro tanto atr\u00e1s, quiz\u00e1s lo hago m\u00e1s en relaci\u00f3n a mi vida y a la de ciertas personas. Siempre pienso que lo puedo hacer mejor. <\/p>\n<p class=\"paragraph\" id=\"paragraph_22\">Claro que tengo unos recuerdos a veces dulces y otras dolorosos. Todas esas historias acaban formando parte de tu imaginario y de tu vida. Pero no soy una persona apegada.<\/p>\n<p class=\"paragraph\" id=\"paragraph_23\"><strong>Tiene una carrera muy s\u00f3lida y un frenes\u00ed por seguir haciendo proyectos.<\/strong><\/p>\n<p class=\"paragraph\" id=\"paragraph_24\">M\u00e1s que un frenes\u00ed, es como cuando est\u00e1s enamorada de algo; tienes miedo de dejar de sentir esa pasi\u00f3n. Quienes la tenemos somos privilegiados. No concibo mi vida sin ella. Luego, necesitas nutrirte de otras cosas y te rodeas de tus afectos.<\/p>\n<p class=\"paragraph\" id=\"paragraph_25\"><strong>Impresiona su entrega a la fotograf\u00eda. \u00bfHa tenido alguna vez crisis o dudas?<\/strong><\/p>\n<p class=\"paragraph\" id=\"paragraph_26\">Todos las tenemos much\u00edsimas veces y seguiremos teni\u00e9ndolas. A m\u00ed me funciona el tirar para adelante, el seguir, aunque sabes que lo que est\u00e1s haciendo no te acaba de convencer, pero, de repente, se abre la luz. En el momento en que no tenemos dudas estamos muertos.<\/p>\n<p><img decoding=\"async\" alt=\"Mu\u00f1oz explica a la periodista Mar\u00eda Mara\u00f1\u00f3n detalles de las obras colgadas en su taller.\" data-imgm=\"true\" height=\"960\" loading=\"lazy\"  src=\"https:\/\/www.europesays.com\/es\/wp-content\/uploads\/2026\/08\/h:960&#038;h=5LZYXVnv.jpeg\"  width=\"1706\"\/><\/p>\n<p>                                                            Mu\u00f1oz explica a la periodista Mar\u00eda Mara\u00f1\u00f3n detalles de las obras colgadas en su taller.<\/p>\n<p>                    Sara Fern\u00e1ndez<\/p>\n<p class=\"paragraph\" id=\"paragraph_27\"><strong>\u00bfSu pasi\u00f3n por la fotograf\u00eda ha aumentado? \u00bfHa ido cambiando?<\/strong><\/p>\n<p class=\"paragraph\" id=\"paragraph_28\">Creo que la pasi\u00f3n es una manera de querer. F\u00edjate, fui a mi terapeuta, Fernando Egea, con el que he estado muchos a\u00f1os y ahora se ha convertido en un gran amigo, precisamente porque quer\u00eda cambiar eso. Y me dijo: &#8216;Isabel, la forma de amar no se cambia&#8217;.<\/p>\n<p class=\"paragraph\" id=\"paragraph_29\"><strong>Usted tuvo un accidente que casi la deja en silla de ruedas, \u00bfqu\u00e9 le vino a la cabeza?<\/strong><\/p>\n<p class=\"paragraph\" id=\"paragraph_30\">Tuve dos, uno de esqu\u00ed y otro haciendo fotos en Tailandia. En ese momento se te vienen a la mente muchas cosas, como en otros momentos de tu vida.<\/p>\n<p class=\"paragraph\" id=\"paragraph_31\">Por ejemplo, pienso en las mujeres utilizadas como arma de guerra en el Congo. \u00bfPreferir\u00edas estar muerta a tener que vivir con ese trauma? Cuando est\u00e1s con ellas, ves que han elegido la vida. Eso te demuestra que el ser humano tiene miedos, pero es capaz de sacar una fortaleza inmensa. Lo he presenciado en muchas otras ocasiones.<\/p>\n<p class=\"paragraph\" id=\"paragraph_32\">Cuando estaba en silla de ruedas, al principio, estaba horrorizada, pero luego te dices: &#8216;Bueno, Isabel, pues seguir\u00e1s haciendo fotos en silla de ruedas&#8217;. Y tiras para adelante.<\/p>\n<p><img decoding=\"async\" alt=\"La fot\u00f3grafa, en medio de la inmensidad de su taller.\" data-imgm=\"true\" height=\"960\" loading=\"lazy\"  src=\"https:\/\/www.europesays.com\/es\/wp-content\/uploads\/2026\/08\/h:960&#038;h=zYowXbBX.jpeg\"  width=\"1706\"\/><\/p>\n<p>                                                            La fot\u00f3grafa, en medio de la inmensidad de su taller.<\/p>\n<p>                    Sara Fern\u00e1ndez<\/p>\n<p class=\"paragraph\" id=\"paragraph_33\"><strong>Los retratos de las mujeres y ni\u00f1as del Congo son bellos, porque usted las dignifica&#8230;<\/strong><\/p>\n<p class=\"paragraph\" id=\"paragraph_34\">No, yo no dignifico, ellas tienen esa dignidad. Pero \u00bfqu\u00e9 es la fotograf\u00eda? Para m\u00ed es transmitir emociones. Cuando capturas realidades dolorosas, encuentras que el ser humano tiene esa caracter\u00edstica. A trav\u00e9s del respeto y el amor somos capaces de transmitirlo. Adem\u00e1s, prefiero el concepto de hero\u00edna al de v\u00edctima.<\/p>\n<p class=\"paragraph\" id=\"paragraph_35\"><strong>En el discurso de ingreso a la Academia de San Fernando de Bellas Artes agradeci\u00f3 a su terapeuta el haberle ense\u00f1ado a cargar con la mochila y a hacer la transici\u00f3n entre los viajes y lo cotidiano. \u00bfQu\u00e9 es lo que m\u00e1s dif\u00edcil?<\/strong><\/p>\n<p class=\"paragraph\" id=\"paragraph_36\">Creo que lo que m\u00e1s me cuesta es ver el dolor ajeno, el sufrimiento y la impunidad. Por eso, muchas veces cuando vuelvo, para esponjar el coraz\u00f3n y que vuelva a hidratarse con afectos, retomo temas que tengan que ver con el amor, la danza\u2026<\/p>\n<p><img decoding=\"async\" alt=\"Retrato de la periodista Mar\u00eda Senovilla.\" height=\"240\" loading=\"lazy\" width=\"320\" data-lazy-status=\"processed\" id=\"4098331395\" src=\"https:\/\/www.elespanol.com\/mujer\/protagonistas\/20260801\/fotografa-isabel-munoz-cuesta-retrato-realidades-sociales-dolor-ajeno-impunidad\/[\" https:=\"\" data-lazy-info=\"changed src\"\/><\/p>\n<p class=\"paragraph\" id=\"paragraph_37\"><strong>Su trabajo ha sido definido como una antropolog\u00eda de los sentimientos. Ha fotografiado el cuerpo humano como expresi\u00f3n de belleza, dolor, fuerza, \u00e9xtasis, erotismo, sexualidad, adorno\u2026 \u00bfMe dejo alg\u00fan sentimiento importante?<\/strong><\/p>\n<p class=\"paragraph\" id=\"paragraph_38\">Injusticia. Manipulaci\u00f3n. Son tantas cosas\u2026 Es que a trav\u00e9s del cuerpo puedo contar todo. \u00bfHas puesto amor?<\/p>\n<p class=\"paragraph\" id=\"paragraph_39\"><strong>La belleza puede incluir el amor\u2026<\/strong><\/p>\n<p class=\"paragraph\" id=\"paragraph_40\">Es distinto. Y luz. Oscuridad. Tambi\u00e9n superaci\u00f3n. L\u00edmite.<\/p>\n<p class=\"paragraph\" id=\"paragraph_41\"><strong>El hombre tiene la tendencia a adornar y luego a modificar su cuerpo: \u00bfQu\u00e9 le atra\u00eda de las transformaciones extremas del cuerpo de su serie <\/strong><strong>Metamorfosis<\/strong><strong>?<\/strong><\/p>\n<p class=\"paragraph\" id=\"paragraph_42\">Me preguntaba qu\u00e9 estamos haciendo en el siglo XXI para que la gente joven necesite esa transformaci\u00f3n de su cuerpo. De d\u00f3nde surge la necesidad de pertenecer a una tribu y de volver a pr\u00e1cticas ancestrales.<\/p>\n<p class=\"paragraph\" id=\"paragraph_43\"><strong>Cuesta mirar esas im\u00e1genes.<\/strong><\/p>\n<p class=\"paragraph\" id=\"paragraph_44\">Cuesta mirarlo. Nunca me meto cuando fotograf\u00edo, pero una vez no lo pude resistir. Vi a una ni\u00f1a que se estaba empezando a hacer transformaciones. Y le dije: &#8216;Eres mon\u00edsima. \u00bfPor qu\u00e9 no esperas a ser mayor? A lo mejor dentro de diez a\u00f1os no quieres&#8217;. Ella me dijo: &#8216;Es que yo lo que quiero es convertirme en un monstruito bello&#8217;. Entonces te das cuenta de que, como sociedad, hay algo que no debemos de estar haciendo bien.<\/p>\n<p class=\"paragraph\" id=\"paragraph_45\"><strong>Con la serie de retratos de las maras dentro y fuera de la c\u00e1rcel en El Salvador, \u00bfqu\u00e9 buscaba?<\/strong><\/p>\n<p class=\"paragraph\" id=\"paragraph_46\">Acababa de hacer el trabajo de las tribus en Etiop\u00eda que viven de espaldas al progreso y que utilizan su cuerpo como un libro cuando le\u00ed un art\u00edculo de Rafael Ruiz sobre las maras. Y me pregunt\u00e9 lo mismo, \u00bfqu\u00e9 est\u00e1 pasando?<\/p>\n<p class=\"paragraph\" id=\"paragraph_47\">Realmente ah\u00ed aprend\u00ed a no juzgar. Yo me preguntaba: &#8216;Dios m\u00edo, pero \u00bfc\u00f3mo puedes amar eso?&#8217;. Porque yo necesito querer lo que hago. Ten\u00eda que contextualizar. \u00bfCu\u00e1l es su realidad? <\/p>\n<p class=\"paragraph\" id=\"paragraph_48\">Hijos de familias monoparentales. Las madres trabajaban largas jornadas por 150 d\u00f3lares al mes cuando unas Nike te costaban en aquella \u00e9poca 120. Los ni\u00f1os se cr\u00edan en la calle sin ninguna esperanza ni formaci\u00f3n&#8230;<\/p>\n<p class=\"paragraph\" id=\"paragraph_49\"><strong>\u00bfSinti\u00f3 miedo?<\/strong><\/p>\n<p class=\"paragraph\" id=\"paragraph_50\">No se puede negar que son asesinos. Cuando los observaba, pensaba que me estaban mirando con la misma mirada con la que me mirar\u00edan para matarme de la forma m\u00e1s tremenda. S\u00ed que pas\u00e9 miedo. Pero he pasado miedo en muchos sitios, lo que pasa es que no lo puedo demostrar.<\/p>\n<p class=\"paragraph\" id=\"paragraph_51\">Impresiona. Ver esas c\u00e1rceles, c\u00f3mo viven rodeados de la muerte. Entre un viaje y otro se mataron dos o tres y jugaban con las cabezas. Llega un momento en que uno se convierte en una m\u00e1quina. Es una realidad muy dif\u00edcil de comprender para nosotros.<\/p>\n<p class=\"paragraph\" id=\"paragraph_52\"><strong>En muchas de sus fotograf\u00edas utiliza fondos negros o blancos, incluso debajo del agua.<\/strong><\/p>\n<p class=\"paragraph\" id=\"paragraph_53\">Y gris. Son los tres colores que uso siempre, porque son neutros. Necesito estar en el lugar para poder contar, pero no quiero que el espectador se despiste, porque lo importante es lo que te va a transmitir la persona a la que fotograf\u00edo. Entonces, me gusta tener un fondo para separarlo de otras cosas.<\/p>\n<p><img decoding=\"async\" alt=\"Entrevistada y entrevistadora fotografiadas delante de una de las obras m\u00e1s ic\u00f3nicas de Mu\u00f1oz.\" data-imgm=\"true\" height=\"960\" loading=\"lazy\"  src=\"https:\/\/www.europesays.com\/es\/wp-content\/uploads\/2026\/08\/h:960&#038;h=Ak8LhDUA.jpeg\"  width=\"1706\"\/><\/p>\n<p>                                                            Entrevistada y entrevistadora fotografiadas delante de una de las obras m\u00e1s ic\u00f3nicas de Mu\u00f1oz.<\/p>\n<p>                    Sara Fern\u00e1ndez<\/p>\n<p class=\"paragraph\" id=\"paragraph_54\"><strong>Ha disparado sobre todo en blanco y negro, pero \u00faltimamente utiliza bastante el color.<\/strong><\/p>\n<p class=\"paragraph\" id=\"paragraph_55\">Es que depende. Los temas sociales tienen que ser como los ves, porque no te puedes permitir so\u00f1ar. Pero siempre me gust\u00f3 el blanco y negro: tiene un misterio, una forma de atemporalidad, de separarte de lo que est\u00e1s contando.<\/p>\n<p class=\"paragraph\" id=\"paragraph_56\">Yo usaba el platino as\u00ed, pero cuando lo descubr\u00ed en color y comprob\u00e9 que pod\u00eda conseguir ese aire on\u00edrico, me plante\u00e9 hacer m\u00e1s temas en otros tonos. Y aunque empec\u00e9 haciendo blanco y negro debajo del agua, me di cuenta de que ese mar que baila, ese mar azul, los peces, no pod\u00edan ser estar en escala de grises.<\/p>\n<p class=\"paragraph\" id=\"paragraph_57\"><strong>La calidad y la experimentaci\u00f3n con nuevos soportes son dos d<\/strong><strong>e sus rasgos caracter\u00edsticos.<\/strong><\/p>\n<p class=\"paragraph\" id=\"paragraph_58\">Yo investigo, no s\u00f3lo el soporte, sino tambi\u00e9n las distintas formas de contar. Necesito convertir la fotograf\u00eda en objeto. Por ejemplo, la digital, que ha evolucionado tanto, me permite hacerlo. Tambi\u00e9n experimento con la imagen en movimiento. Para eso me apoyo en profesionales.<\/p>\n<p class=\"paragraph\" id=\"paragraph_59\">Creo que hoy el concepto de mi disciplina es m\u00e1s amplio que en el siglo XIX. Adem\u00e1s, se hacen muchos retratos sin c\u00e1mara profesional que ilustran c\u00f3mo se vive.<\/p>\n<p class=\"paragraph\" id=\"paragraph_60\"><strong>En la exposici\u00f3n de <\/strong><strong>Piedras del Cielo<\/strong><strong> en Colecciones Reales hay un cuarto inmersivo y tambi\u00e9n muchos fotomontajes.<\/strong><\/p>\n<p class=\"paragraph\" id=\"paragraph_61\">Siempre me ha encantado el collage y recortar. Pero ahora los haces digitales o con la t\u00e9cnica de chine-coll\u00e9.<\/p>\n<p class=\"paragraph\" id=\"paragraph_62\"><strong>\u00bfQu\u00e9 nuevos mundos le quedan por explorar o repensar?<\/strong><\/p>\n<p class=\"paragraph\" id=\"paragraph_63\">Much\u00edsimos. Sigo luchando para retratar el Paleol\u00edtico espa\u00f1ol. Tambi\u00e9n una cueva en Francia. El tema del agua sigue\u2026<\/p>\n<p class=\"paragraph\" id=\"paragraph_64\">Estoy ampliando Las piedras del cielo, con las Geometr\u00edas de lo Sagrado. Me enamor\u00e9 de lo que represent\u00f3 la construcci\u00f3n de El Escorial como un centro de conocimiento. El a\u00f1o que viene se conmemora el 500 aniversario del nacimiento de Felipe II y de Arias Montano, a quien encarg\u00f3 la Biblia Pol\u00edglota.<\/p>\n<p class=\"paragraph\" id=\"paragraph_65\"><strong>\u00bfUn recuerdo de infancia?<\/strong><\/p>\n<p class=\"paragraph\" id=\"paragraph_66\">Uy, tengo muchos. Uno que, adem\u00e1s gener\u00f3 mi primer trabajo, es ver a mis padres bailar el tango en aquellas reuniones familiares de esa \u00e9poca. Bailaban de maravilla.<\/p>\n<p><img decoding=\"async\" alt=\"Isabel Mun\u0303oz en el inicio de su carrera, fotografiando a una pareja de bailarines.\" height=\"1330\" loading=\"lazy\" width=\"1706\" data-lazy-status=\"processed\" id=\"dbf4f05e64\" src=\"https:\/\/www.elespanol.com\/mujer\/protagonistas\/20260801\/fotografa-isabel-munoz-cuesta-retrato-realidades-sociales-dolor-ajeno-impunidad\/[\" https:=\"\" data-lazy-info=\"changed src\"\/><\/p>\n<p>                                                            Isabel Mun\u0303oz en el inicio de su carrera, fotografiando a una pareja de bailarines.<\/p>\n<p>                    Cedida<\/p>\n<p class=\"paragraph\" id=\"paragraph_67\"><strong>\u00bfHa hecho fotos de familia o en casa de herrero, cuchillo de palo?<\/strong><\/p>\n<p class=\"paragraph\" id=\"paragraph_68\">Pobres&#8230; Los ten\u00eda hartos, porque cuando empec\u00e9 tomaba muchas fotos y \u00bfa qu\u00e9 se las haces? A aquello que te rodea.<\/p>\n<p class=\"paragraph\" id=\"paragraph_69\"><strong>\u00bfSus nietos le piden que vuelva a contarles alguna de sus aventuras?<\/strong><\/p>\n<p class=\"paragraph\" id=\"paragraph_70\">Eso lo hac\u00eda yo con mi abuela. Me encantaba. Le ped\u00eda que me contara una y otra vez sus an\u00e9cdotas de la guerra.<\/p>\n<p class=\"paragraph\" id=\"paragraph_71\">Adoro a mis nietos y ellos a m\u00ed, pero compartimos otras cosas. Deben de estar cansados de verme salir y entrar. Me pas\u00f3 tambi\u00e9n con los hijos. Tengo uno con el que tengo una relaci\u00f3n muy especial y me apoya, pero lo compartimos de otra forma.<\/p>\n<p class=\"paragraph\" id=\"paragraph_72\"><strong>\u00bfC\u00f3mo es su d\u00eda a d\u00eda? \u00bfQu\u00e9 hace en un d\u00eda normal cuando no viaja?<\/strong><\/p>\n<p class=\"paragraph\" id=\"paragraph_73\">No paramos, ya has visto. Y tengo la suerte de contar con Mar\u00eda y Ver\u00f3nica. Mi vida es as\u00ed, pero creo que es un privilegio. No podr\u00eda estar mano sobre mano.<\/p>\n<p class=\"paragraph\" id=\"paragraph_74\"><strong>Otras aficiones. \u00bfQu\u00e9 le divierte, con qu\u00e9 disfruta?<\/strong><\/p>\n<p class=\"paragraph\" id=\"paragraph_75\">Compartiendo con la gente que quiero. Me encanta bailar tango. Antes iba los jueves a las cuatro. Pero hay cosas que tienes que ir dejando porque un d\u00eda est\u00e1s de viaje, otro&#8230; Me encanta el agua. Y me gusta mucho el cine. Leo cuando puedo e investigo. Pero siempre me gusta compartir.<\/p>\n<p><img decoding=\"async\" alt=\"'Julio C\u00e9sar', por Isabel Mu\u00f1oz.\" height=\"1706\" loading=\"lazy\" width=\"1706\" data-lazy-status=\"processed\" id=\"2db2bed0c5\" src=\"https:\/\/www.elespanol.com\/mujer\/protagonistas\/20260801\/fotografa-isabel-munoz-cuesta-retrato-realidades-sociales-dolor-ajeno-impunidad\/[\" https:=\"\" data-lazy-info=\"changed src\"\/><\/p>\n<p>                                                            &#8216;Julio C\u00e9sar&#8217;, por Isabel Mu\u00f1oz.<\/p>\n<p>                    Cedida<\/p>\n<p class=\"paragraph\" id=\"paragraph_76\"><strong>Su discurso de ingreso en la Real Academia de Bellas Artes de San Fernando concluy\u00f3 con una fotograf\u00eda de un gorila que se hab\u00eda adornado con una rama a modo de corona y la frase \u00abTampoco nosotros somos nada\u00bb.<\/strong><\/p>\n<p class=\"paragraph\" id=\"paragraph_77\">Por eso titul\u00e9 la fotograf\u00eda Julio C\u00e9sar. Los emperadores romanos cuando entraban a las ciudades llevaban al lado un esclavo que les dec\u00eda &#8216;Memento Mori&#8217;. Es algo parecido a: &#8216;Recuerda que vas a morir&#8217;. No eres nada. Ahora entras triunfante, pero no debes olvidar que podr\u00edas haber entrado como vencido. Y sin duda tambi\u00e9n fallecer\u00e1s.<\/p>\n<p class=\"paragraph\" id=\"paragraph_78\">La vida da muchas vueltas. Pero, adem\u00e1s, no somos conscientes de que nada vuelve y de que lo que no hagas ahora o no te hagan, probablemente, son oportunidades perdidas que no se volver\u00e1n a presentar.<\/p>\n","protected":false},"excerpt":{"rendered":"A sus 75 a\u00f1os, Isabel Mu\u00f1oz (Barcelona, 1951), Premio Nacional de Fotograf\u00eda, dos veces World Press Photo, Medalla&hellip;\n","protected":false},"author":2,"featured_media":688748,"comment_status":"","ping_status":"","sticky":false,"template":"","format":"standard","meta":{"footnotes":""},"categories":[173],"tags":[229,233,231,230,232,234,146,147,25,24,244,6874,23],"class_list":["post-688747","post","type-post","status-publish","format-standard","has-post-thumbnail","category-arte-y-diseno","tag-arte","tag-arte-y-diseno","tag-arts","tag-arts-and-design","tag-design","tag-diseno","tag-entertainment","tag-entretenimiento","tag-es","tag-espana","tag-fotografia","tag-protagonistas","tag-spain"],"share_on_mastodon":{"url":"https:\/\/pubeurope.com\/@es\/117020748637894713","error":""},"_links":{"self":[{"href":"https:\/\/www.europesays.com\/es\/wp-json\/wp\/v2\/posts\/688747","targetHints":{"allow":["GET"]}}],"collection":[{"href":"https:\/\/www.europesays.com\/es\/wp-json\/wp\/v2\/posts"}],"about":[{"href":"https:\/\/www.europesays.com\/es\/wp-json\/wp\/v2\/types\/post"}],"author":[{"embeddable":true,"href":"https:\/\/www.europesays.com\/es\/wp-json\/wp\/v2\/users\/2"}],"replies":[{"embeddable":true,"href":"https:\/\/www.europesays.com\/es\/wp-json\/wp\/v2\/comments?post=688747"}],"version-history":[{"count":0,"href":"https:\/\/www.europesays.com\/es\/wp-json\/wp\/v2\/posts\/688747\/revisions"}],"wp:featuredmedia":[{"embeddable":true,"href":"https:\/\/www.europesays.com\/es\/wp-json\/wp\/v2\/media\/688748"}],"wp:attachment":[{"href":"https:\/\/www.europesays.com\/es\/wp-json\/wp\/v2\/media?parent=688747"}],"wp:term":[{"taxonomy":"category","embeddable":true,"href":"https:\/\/www.europesays.com\/es\/wp-json\/wp\/v2\/categories?post=688747"},{"taxonomy":"post_tag","embeddable":true,"href":"https:\/\/www.europesays.com\/es\/wp-json\/wp\/v2\/tags?post=688747"}],"curies":[{"name":"wp","href":"https:\/\/api.w.org\/{rel}","templated":true}]}}