{"id":68881,"date":"2025-08-24T11:44:08","date_gmt":"2025-08-24T11:44:08","guid":{"rendered":"https:\/\/www.europesays.com\/es\/68881\/"},"modified":"2025-08-24T11:44:08","modified_gmt":"2025-08-24T11:44:08","slug":"la-actriz-cristina-castano-da-a-luz-a-su-primer-hijo-la-voz-de-galicia","status":"publish","type":"post","link":"https:\/\/www.europesays.com\/es\/68881\/","title":{"rendered":"La actriz Cristina Casta\u00f1o da a luz a su primer hijo &#8211; La Voz de Galicia"},"content":{"rendered":"<ol>\n<li><a href=\"https:\/\/news.google.com\/rss\/articles\/CBMixwFBVV95cUxNbVBacHYzMnp0SnJxYzhDTGdlUUN0emlCcC0tUURKRE56aFBZZVZLMWN0dUl1WVRjUzVKQWxKVHEyMERTTWVPTkdXcE1qem4zQWtBU2ZQVUl1T2VQSnh5MnFwZlVoUzU5TzZlSVdHQ1o4Nnk5VmlZaE50OEVqZkxvSjhnQVMtMEIyak91Z0d2Nm5Cejk4QlVPUnM3OWlBeDhvbWxNekdkYUVyQ05FMmp1bEFaelFtbmVYN3NMVTJSWTBIanVuVzFv0gHjAUFVX3lxTE1sSzBVZ25YVG1aYTUxdmVsZkxJUkNLd1hkZ0YzQTN6a2hoSmg1X2ttS0dpVk05cTFOVjdjanh2VlIxc2dsTUtDMXBrUjNabDBTN1kwMVNMY29XdTdOX0hoQjdpbzhMYzN6ODFiclpXZVBRRGkxWWVLN3dtNnU2R2Z6VnFodXpINVBBcmprMG5ESGJYcWNQX1U5U1hHc1pBbUZPSE5jNk1QakRHaXdDR3NxM0NhRVNBcHlCdFNJT1had2l1WjVrdXNhc0d0T3dhYzZCZ0diMnBqVFo2ZlZJeVlYaTZr?oc=5\" target=\"_blank\" rel=\"nofollow noopener\">La actriz Cristina Casta\u00f1o da a luz a su primer hijo<\/a>&nbsp;&nbsp;La Voz de Galicia<\/li>\n<li><a href=\"https:\/\/news.google.com\/rss\/articles\/CBMisAFBVV95cUxQOUZ6bE5ZclhmZ3Jyd0V2R0RpMl8wbXl4NzZFT3YwSDN4V08ybmpQMVp5cjBTTnMzV3N1TVJITXJrZFNlNTZQVTdLdzgtSDgwLWhCQ01rNm5CeUJaSkRrTTdBLXN3RVRtWUthb1JJOFRBSUxJd0RKZmhsOGtiMnUyTXVfTW9PdVJwNDRxSzN3V3B1bnJ6QjFXVlE2RGNWYXdzRnc5STFHVnMxa0RjT1NVUA?oc=5\" target=\"_blank\" rel=\"nofollow noopener\">Cristina Casta\u00f1o ya ha sido madre por primera vez a los 46 a\u00f1os<\/a>&nbsp;&nbsp;HOLA<\/li>\n<li><a href=\"https:\/\/news.google.com\/rss\/articles\/CBMiyAFBVV95cUxORFBfUVRjYjlXVXBWRUNJWEhUTlZXX016VnNRblgzWGtoRHYzd2I2OVBIRTJOTnhDSU5pXzR3REFjMElwX01XWXRLN2ptN0o4V0M4NVhHYzFiMDFkQ3VkY0N2RHVsdjVhRmFpWTJ1QnVwSEJHOXZEeDNMQ2JGY0tteng4RW5RaUJYRXBpbFZENkptWXRCR1NOeUdpdU90UXJqWm1xcGJ5NXVSNUNlb2R1b1ZkSGUtZnl1eVNQdVJMLXU2dzVVWlBUedIBzgFBVV95cUxOZnJ4ckxsSndBZmR4cUhzbVJleG8wMkdyZ3pBdHZZSk10c0tHSTl4Xy1GU1JHMGJ2Smg0ajRlY1VVTlFqX2VxTC01Xy1BQ3dDMzlHZEMyU3U3NDdwRTYtdE5KRmloTU9BUDBCdUpkeUxGWWpzenJ1ZnlkeGpvdS0zOXBhLWsyeEVmNGd5VUdvU1JPVGdvNFdhQzZYX3pEMnZ6U09UYzU5YWFkMmJHbXphQ01MMGRaZkN3MXFQcS0yVDdLQmJ2WFBpekpKQ19mdw?oc=5\" target=\"_blank\" rel=\"nofollow noopener\">Cristina Casta\u00f1o ya es madre primeriza: el sexo del beb\u00e9 y el significado de su nombre<\/a>&nbsp;&nbsp;Vanitatis<\/li>\n<li><a href=\"https:\/\/news.google.com\/rss\/articles\/CBMisgFBVV95cUxQWFhiM0thZ1l2QlhPd2I1ellnOWRCdEtHbGd4MVFQZmRFVXlnbFlDTDJHWnJHQkhEQU5LVkNyWnFqSWhHSGYwbkRGM3BWMldWMW1kcDg2RXNyem1aVTg4Z0lMc1VfZkJMOXc4anU5X3BwdzRIRWVWZ3p6REstdkhGM0dPUGtjZ0dNT01iYm53S2Jsdk5ubGhtXzlCZTQ2cEJhbzVZZ0N1Y2luTFByZkJBRXJB?oc=5\" target=\"_blank\" rel=\"nofollow noopener\">Cristina Casta\u00f1o, actriz de &#8216;La que se avecina&#8217;, da a luz a su primer hijo a los 46 a\u00f1os<\/a>&nbsp;&nbsp;Las Provincias<\/li>\n<li><a href=\"https:\/\/news.google.com\/rss\/articles\/CBMiggJBVV95cUxOQmt2S2RvZXczTmYwQVNXZ3JiY0hHR041N2Z6ejRVN2hmcHBTODRXSHdBazdoR2Q3TWFZdTRWcE9XM0dFU0I0dWZxYnQ2UWtnVkdVdktVdkNHX1dVWEZwUEhuWlBfV0d0U2hXUVNKWmhGVXFJc3dibGJjbTFrZVNwOVp0cURHNFZTZnFrSEM5clBjZGt0QXdMUktGQU9mV21fMlp4Q09Ea3dhTnF4Qy1iZmVaeGNWZEtlVnR6TnRCZGJtQmo2SVIxTXJwbnpMd05ldVQ2WkxQYWJDOGhfaDA3bndaZ0I5eGJseV9YcGRuQV9SZWcydV9RSlBtUS1JWThEUnfSAewBQVVfeXFMT2tsckZ0cERCVXJQcTdIclJaeGg0dEs3SDhUVnViaVZBVDFFV250QTlYUFVtMk9fUmFqTlUyeTdLQ2gwbk1VVWRRUUg3WG5VeVpQanl0ZW1JNkN0cDk3XzZHbEFFWUNjMmpzSlU5bU9fZ0tkelhSTWRETjNHSHFzRFNiZjl4THVHVnRGQXBVc1M2RU9qbG1peGVkczVCTXpUdHk4VGRCSnRrVDVnbElpRmZ2a2pya2h4alJIODM2MlN5MDlJYm5ZZ1hvQVI5VmpDQ0JPRWg5VEJGRXNZVWN1TVRkUEJUOVZiMG1tSjU?oc=5\" target=\"_blank\" rel=\"nofollow noopener\">Cristina Casta\u00f1o (46 a\u00f1os) da la bienvenida a su primer hijo: el nombre que ha elegido para su beb\u00e9<\/a>&nbsp;&nbsp;El Economista<\/li>\n<\/ol>\n","protected":false},"excerpt":{"rendered":"La actriz Cristina Casta\u00f1o da a luz a su primer hijo&nbsp;&nbsp;La Voz de Galicia Cristina Casta\u00f1o ya ha&hellip;\n","protected":false},"author":2,"featured_media":68882,"comment_status":"","ping_status":"","sticky":false,"template":"","format":"standard","meta":{"footnotes":""},"categories":[91],"tags":[146,147,25,24,3317,1922,23],"class_list":{"0":"post-68881","1":"post","2":"type-post","3":"status-publish","4":"format-standard","5":"has-post-thumbnail","7":"category-entretenimiento","8":"tag-entertainment","9":"tag-entretenimiento","10":"tag-es","11":"tag-espana","12":"tag-internet","13":"tag-redes-sociales","14":"tag-spain"},"share_on_mastodon":{"url":"","error":""},"_links":{"self":[{"href":"https:\/\/www.europesays.com\/es\/wp-json\/wp\/v2\/posts\/68881","targetHints":{"allow":["GET"]}}],"collection":[{"href":"https:\/\/www.europesays.com\/es\/wp-json\/wp\/v2\/posts"}],"about":[{"href":"https:\/\/www.europesays.com\/es\/wp-json\/wp\/v2\/types\/post"}],"author":[{"embeddable":true,"href":"https:\/\/www.europesays.com\/es\/wp-json\/wp\/v2\/users\/2"}],"replies":[{"embeddable":true,"href":"https:\/\/www.europesays.com\/es\/wp-json\/wp\/v2\/comments?post=68881"}],"version-history":[{"count":0,"href":"https:\/\/www.europesays.com\/es\/wp-json\/wp\/v2\/posts\/68881\/revisions"}],"wp:featuredmedia":[{"embeddable":true,"href":"https:\/\/www.europesays.com\/es\/wp-json\/wp\/v2\/media\/68882"}],"wp:attachment":[{"href":"https:\/\/www.europesays.com\/es\/wp-json\/wp\/v2\/media?parent=68881"}],"wp:term":[{"taxonomy":"category","embeddable":true,"href":"https:\/\/www.europesays.com\/es\/wp-json\/wp\/v2\/categories?post=68881"},{"taxonomy":"post_tag","embeddable":true,"href":"https:\/\/www.europesays.com\/es\/wp-json\/wp\/v2\/tags?post=68881"}],"curies":[{"name":"wp","href":"https:\/\/api.w.org\/{rel}","templated":true}]}}