{"id":689365,"date":"2026-08-01T23:24:14","date_gmt":"2026-08-01T23:24:14","guid":{"rendered":"https:\/\/www.europesays.com\/es\/689365\/"},"modified":"2026-08-01T23:24:14","modified_gmt":"2026-08-01T23:24:14","slug":"noche-estelar-entre-velas-y-estrellas-en-la-adrada-13-de-agosto-avilared","status":"publish","type":"post","link":"https:\/\/www.europesays.com\/es\/689365\/","title":{"rendered":"Noche Estelar entre velas y estrellas en La Adrada &#8211; 13 de agosto | \u00c1vilared"},"content":{"rendered":"<p>La Noche Estelar de La Adrada se vivir\u00e1 entre velas y estrellas ofreciendo arte, m\u00fasica, astronom\u00eda y magia. De esta forma se convertir\u00e1 en una noche m\u00e1gica donde el arte, la m\u00fasica y el universo se unir\u00e1n bajo la luz de miles de velas.<\/p>\n<p>\u00a0<\/p>\n<p>La Noche Estelar es una propuesta pensada para emocionar, sorprender y vivir el patrimonio de una forma diferente, en un entorno incomparable.<\/p>\n<p>\u00a0<\/p>\n<ul>\n<li>\n<p>M\u00fasica en directo.<\/p>\n<\/li>\n<li>\n<p>Arte en movimiento.<\/p>\n<\/li>\n<li>\n<p>Observaci\u00f3n astron\u00f3mica.<\/p>\n<\/li>\n<li>\n<p>Miles de velas iluminando la noche.<\/p>\n<\/li>\n<li>\n<p>Magia y muchas sorpresas.<\/p>\n<\/li>\n<\/ul>\n<p>\u00a0<\/p>\n<p>NUEVA FECHA<\/p>\n<p>Jueves 13 de agosto\u00a0<\/p>\n<p>Castillo de La Adrada<\/p>\n<p>Inicio: 23:00 h (apertura de puertas a las 22:30 h)<\/p>\n<p>(Entrada general a partir de 5 a\u00f1os de edad)<\/p>\n<p>Plazas limitadas<\/p>\n<p>Entradas: 10 \u20ac<\/p>\n<p>\u00a0<\/p>\n<p>www.nochestelar.com<\/p>\n","protected":false},"excerpt":{"rendered":"La Noche Estelar de La Adrada se vivir\u00e1 entre velas y estrellas ofreciendo arte, m\u00fasica, astronom\u00eda y magia.&hellip;\n","protected":false},"author":2,"featured_media":689366,"comment_status":"","ping_status":"","sticky":false,"template":"","format":"standard","meta":{"footnotes":""},"categories":[92],"tags":[7607,13629,13628,13631,25,24,13630,165,13626,13632,166,13633,23,13627,13634],"class_list":["post-689365","post","type-post","status-publish","format-standard","has-post-thumbnail","category-salud","tag-avila","tag-cultura-avila","tag-deportes-avila","tag-economia-avila","tag-es","tag-espana","tag-eventos-avila","tag-health","tag-noticias-avila","tag-politica-avila","tag-salud","tag-sociedad-avila","tag-spain","tag-sucesos-avila","tag-turismo-avila"],"share_on_mastodon":{"url":"","error":""},"_links":{"self":[{"href":"https:\/\/www.europesays.com\/es\/wp-json\/wp\/v2\/posts\/689365","targetHints":{"allow":["GET"]}}],"collection":[{"href":"https:\/\/www.europesays.com\/es\/wp-json\/wp\/v2\/posts"}],"about":[{"href":"https:\/\/www.europesays.com\/es\/wp-json\/wp\/v2\/types\/post"}],"author":[{"embeddable":true,"href":"https:\/\/www.europesays.com\/es\/wp-json\/wp\/v2\/users\/2"}],"replies":[{"embeddable":true,"href":"https:\/\/www.europesays.com\/es\/wp-json\/wp\/v2\/comments?post=689365"}],"version-history":[{"count":0,"href":"https:\/\/www.europesays.com\/es\/wp-json\/wp\/v2\/posts\/689365\/revisions"}],"wp:featuredmedia":[{"embeddable":true,"href":"https:\/\/www.europesays.com\/es\/wp-json\/wp\/v2\/media\/689366"}],"wp:attachment":[{"href":"https:\/\/www.europesays.com\/es\/wp-json\/wp\/v2\/media?parent=689365"}],"wp:term":[{"taxonomy":"category","embeddable":true,"href":"https:\/\/www.europesays.com\/es\/wp-json\/wp\/v2\/categories?post=689365"},{"taxonomy":"post_tag","embeddable":true,"href":"https:\/\/www.europesays.com\/es\/wp-json\/wp\/v2\/tags?post=689365"}],"curies":[{"name":"wp","href":"https:\/\/api.w.org\/{rel}","templated":true}]}}