{"id":689597,"date":"2026-08-02T02:45:23","date_gmt":"2026-08-02T02:45:23","guid":{"rendered":"https:\/\/www.europesays.com\/es\/689597\/"},"modified":"2026-08-02T02:45:23","modified_gmt":"2026-08-02T02:45:23","slug":"el-paso-de-ivan-garcia-cortina-a-alpecin-es-digno-de-estudio","status":"publish","type":"post","link":"https:\/\/www.europesays.com\/es\/689597\/","title":{"rendered":"El paso de Iv\u00e1n Garc\u00eda Cortina a Alpecin es digno de estudio"},"content":{"rendered":"<p data-path-to-node=\"0\">Dos victorias son todo el bot\u00edn que Iv\u00e1n Garc\u00eda Cortina deja tras su periplo en Movistar: Gran Piamonte y una etapa en la Vuelta a Asturias.<\/p>\n<p data-path-to-node=\"0\">Seis a\u00f1os.<\/p>\n<p data-path-to-node=\"0\">En este tiempo no podemos decir que sea un buen balance.<\/p>\n<p><a class=\"wppaslink\" href=\"https:\/\/joanseguidor.com\/pas\/ccmm-valenciana\/44016\/0\" target=\"_blank\" rel=\"nofollow noopener\"><img decoding=\"async\" src=\"data:image\/svg+xml,%3Csvg%20xmlns=\" http:=\"\" alt=\"CCMM Valenciana\" border=\"0\" data-lazy-src=\"https:\/\/www.europesays.com\/es\/wp-content\/uploads\/2026\/08\/1785638716_835_anunci-generic-bla-1-1024x120-px-v3-02.jpg\"\/><\/a><\/p>\n<p data-path-to-node=\"0\"><strong>El equipo telef\u00f3nico, una estructura que ha necesitado anotadores como nunca, ha estado exento de triunfos<\/strong> e Iv\u00e1n, que pod\u00eda ser uno de esos ciclistas de perfil rematador, no ha contribuido como se esperaba.<\/p>\n<p data-path-to-node=\"0\">Muy ajeno a los puestos de honor en las grandes cl\u00e1sicas, ha logrado un top ten en alguno de los monumentos, pero poco m\u00e1s.<\/p>\n<p data-path-to-node=\"0\">Sobre todo, quedan muchas promesas que creemos que han quedado por cumplir.<\/p>\n<p data-path-to-node=\"0\">Queremos y apreciamos mucho a Iv\u00e1n Garc\u00eda Cortina, pero <strong>no podemos decir que su paso por la escuadra azul haya sido fruct\u00edfero<\/strong>.<\/p>\n<p data-path-to-node=\"0\">Ha sido m\u00e1s bien decepcionante.<\/p>\n<p data-path-to-node=\"1\"><a href=\" https:\/\/aralleida.cat\/es\/\" target=\"_blank\" rel=\"noopener\"><img loading=\"lazy\" decoding=\"async\" class=\"aligncenter wp-image-70055 size-full\" src=\"data:image\/svg+xml,%3Csvg%20xmlns=\" http:=\"\" alt=\"\" width=\"1600\" height=\"200\" data-lazy- data-lazy- data-lazy-src=\"https:\/\/www.europesays.com\/es\/wp-content\/uploads\/2026\/08\/1785638718_132_aralleida-baner-1600x200-llavorsi-es.jpg\"\/><\/a><\/p>\n<p><a href=\"https:\/\/tiendafinisher.com\/\" rel=\"nofollow noopener\" target=\"_blank\"><img loading=\"lazy\" decoding=\"async\" class=\"aligncenter wp-image-69986 size-full\" src=\"data:image\/svg+xml,%3Csvg%20xmlns=\" http:=\"\" alt=\"\" width=\"1024\" height=\"300\" data-lazy- data-lazy- data-lazy-src=\"https:\/\/www.europesays.com\/es\/wp-content\/uploads\/2026\/08\/1785638720_587_finisher-ekp-1024x300jpg-1.jpeg\"\/><\/a><\/p>\n<p data-path-to-node=\"1\">Dos victorias y alguna actuaci\u00f3n de m\u00e9rito salvando a Enric Mas, cubri\u00e9ndole las espaldas en alguna etapa del Tour de Francia o de la Vuelta a Espa\u00f1a, es lo que jalona el bagaje del ciclista asturiano en la formaci\u00f3n naval.<\/p>\n<p data-path-to-node=\"1\">Por otro lado, creo que el equipo nunca ha sabido encontrarle el mejor acomodo, o no de la mejor manera, ni arroparle en carreras como las cl\u00e1sicas, donde se necesita una guardia pretoriana mucho m\u00e1s consistente para pelear contra los mejores del adoqu\u00edn.<\/p>\n<p data-path-to-node=\"2\"><strong>Iv\u00e1n Garc\u00eda Cortina ven\u00eda de ganar dos carreras World Tour<\/strong> <strong>con Barhein<\/strong> hasta 2020, cuando a\u00fan ten\u00eda 24 a\u00f1os, y ahora mismo se ve totalmente con un palmar\u00e9s peque\u00f1ito, muy reducido para lo que apuntaba en sus inicios.<\/p>\n<p data-path-to-node=\"2\">Recordemos que con su anterior estructura logr\u00f3 ganar en la Par\u00eds-Niza y anteriormente en la Vuelta a California, ronda que lleg\u00f3 a ser m\u00e1xima categor\u00eda y que en aquel 2019 fue ganada por el propio Tadej Poga\u010dar.<\/p>\n<p data-path-to-node=\"2\"><strong><a href=\"https:\/\/www.grancanaria.com\/turismo\/es\/naturaleza\/deportes-de-montana\/ciclismo\/\" rel=\"nofollow noopener\" target=\"_blank\"><img loading=\"lazy\" decoding=\"async\" class=\"aligncenter size-full wp-image-68757\" src=\"data:image\/svg+xml,%3Csvg%20xmlns=\" http:=\"\" alt=\"\" width=\"300\" height=\"300\" data-lazy- data-lazy- data-lazy-src=\"https:\/\/www.europesays.com\/es\/wp-content\/uploads\/2026\/08\/1785638721_741_tgc-banner-joan-400x400-2.jpg\"\/><\/a><\/strong><\/p>\n<p data-path-to-node=\"3\">Ahora <strong>en Alpecin, Cortina encuentra un h\u00e1bitat mucho m\u00e1s org\u00e1nico a su forma de ser<\/strong> y a su estilo de entender el ciclismo.<\/p>\n<p data-path-to-node=\"3\">Al menos si le queda algo del ADN que le llev\u00f3 a Movistar.<\/p>\n<p data-path-to-node=\"3\">Esperemos que, aprendiendo de los mejores de la especialidad como Mathieu van der Poel, Jasper Philipsen y compa\u00f1\u00eda, pueda lograr convertir que sus treinta a\u00f1os sean los veinte de otros muchos ciclistas.<\/p>\n<p data-path-to-node=\"3\">Eso s\u00ed, chapeu para el manager\u2026 no era sencillo venderlo en estas circunstancias.<\/p>\n<p data-path-to-node=\"3\"><strong><a href=\"https:\/\/www.dtswiss.com\/es\/ruedas\/ruedas-carretera\/aero\/arc-1100-dicut-db\" rel=\"nofollow noopener\" target=\"_blank\"><img loading=\"lazy\" decoding=\"async\" class=\"aligncenter wp-image-69569 size-full\" src=\"data:image\/svg+xml,%3Csvg%20xmlns=\" http:=\"\" alt=\"\" width=\"1024\" height=\"140\" data-lazy- data-lazy- data-lazy-src=\"https:\/\/www.europesays.com\/es\/wp-content\/uploads\/2026\/08\/1785638723_812_joanseguidor-1024x140px-es-erc1100-1.png\"\/><\/a><\/strong><\/p>\n","protected":false},"excerpt":{"rendered":"Dos victorias son todo el bot\u00edn que Iv\u00e1n Garc\u00eda Cortina deja tras su periplo en Movistar: Gran Piamonte&hellip;\n","protected":false},"author":2,"featured_media":689598,"comment_status":"","ping_status":"","sticky":false,"template":"","format":"standard","meta":{"footnotes":""},"categories":[273],"tags":[26509,313,312,168,25,24,2548,65780,303,23,167],"class_list":["post-689597","post","type-post","status-publish","format-standard","has-post-thumbnail","category-ciclismo","tag-alpecin","tag-ciclismo","tag-cycling","tag-deportes","tag-es","tag-espana","tag-featured","tag-ivan-garcia-cortina","tag-movistar","tag-spain","tag-sports"],"share_on_mastodon":{"url":"https:\/\/pubeurope.com\/@es\/117023626063856035","error":""},"_links":{"self":[{"href":"https:\/\/www.europesays.com\/es\/wp-json\/wp\/v2\/posts\/689597","targetHints":{"allow":["GET"]}}],"collection":[{"href":"https:\/\/www.europesays.com\/es\/wp-json\/wp\/v2\/posts"}],"about":[{"href":"https:\/\/www.europesays.com\/es\/wp-json\/wp\/v2\/types\/post"}],"author":[{"embeddable":true,"href":"https:\/\/www.europesays.com\/es\/wp-json\/wp\/v2\/users\/2"}],"replies":[{"embeddable":true,"href":"https:\/\/www.europesays.com\/es\/wp-json\/wp\/v2\/comments?post=689597"}],"version-history":[{"count":0,"href":"https:\/\/www.europesays.com\/es\/wp-json\/wp\/v2\/posts\/689597\/revisions"}],"wp:featuredmedia":[{"embeddable":true,"href":"https:\/\/www.europesays.com\/es\/wp-json\/wp\/v2\/media\/689598"}],"wp:attachment":[{"href":"https:\/\/www.europesays.com\/es\/wp-json\/wp\/v2\/media?parent=689597"}],"wp:term":[{"taxonomy":"category","embeddable":true,"href":"https:\/\/www.europesays.com\/es\/wp-json\/wp\/v2\/categories?post=689597"},{"taxonomy":"post_tag","embeddable":true,"href":"https:\/\/www.europesays.com\/es\/wp-json\/wp\/v2\/tags?post=689597"}],"curies":[{"name":"wp","href":"https:\/\/api.w.org\/{rel}","templated":true}]}}