{"id":689761,"date":"2026-08-02T05:23:19","date_gmt":"2026-08-02T05:23:19","guid":{"rendered":"https:\/\/www.europesays.com\/es\/689761\/"},"modified":"2026-08-02T05:23:19","modified_gmt":"2026-08-02T05:23:19","slug":"al-menos-tres-muertos-y-21-heridos-por-una-explosion-de-una-bomba-cerca-de-un-cafe-del-centro-de-moscu","status":"publish","type":"post","link":"https:\/\/www.europesays.com\/es\/689761\/","title":{"rendered":"Al menos tres muertos y 21 heridos por una explosi\u00f3n de una bomba cerca de un caf\u00e9 del centro de Mosc\u00fa"},"content":{"rendered":"<p>El incidente provoc\u00f3 la muerte de al menos tres personas y dej\u00f3 al menos 21 heridas, con lesiones de diversa gravedad<\/p>\n<p>01 Ago, 2026 02:23 p. m.Actualizado: 01 Ago, 2026 07:19 p. m. EST<\/p>\n<p class=\"paragraph\" data-paragraph-number=\"1\">Una explosi\u00f3n ocurri\u00f3 el s\u00e1bado cerca de un caf\u00e9 de verano en Mosc\u00fa, llamado Balzi Rossi, y caus\u00f3 al menos<b> tres muertos y 15 heridos. <\/b>La polic\u00eda local inform\u00f3 que el incidente ocurri\u00f3 alrededor de las 20:10, hora local, en la plaza Kudrinskaya. El Comit\u00e9 Nacional Antiterrorista (NAK) confirm\u00f3 que la explosi\u00f3n registrada en el restaurante se produjo por la detonaci\u00f3n de un a<b>rtefacto explosivo improvisado. <\/b><\/p>\n<p class=\"paragraph\" data-paragraph-number=\"2\">Seg\u00fan el organismo, una mujer intent\u00f3 ingresar al local con la bomba, y un guardia de seguridad trat\u00f3 de impedirle el acceso durante un evento privado. La explosi\u00f3n ocurri\u00f3 en ese momento y caus\u00f3 la muerte de ella, el guardia y un cliente del restaurante.<\/p>\n<p class=\"paragraph\" data-paragraph-number=\"3\">El diario local Kommersant, bas\u00e1ndose en fuentes propias, inform\u00f3 que la bomba estaba destinada a causar v\u00edctimas entre las personas que se encontraban en la terraza de verano del restaurante. Adem\u00e1s, se\u00f1alaron que el explosivo ten\u00eda una potencia similar a la de un <b>kilo de TNT <\/b>y estaba preparado con balines met\u00e1licos para multiplicar el da\u00f1o y provocar m\u00e1s v\u00edctimas.<\/p>\n<p class=\"paragraph\" data-paragraph-number=\"4\">Las autoridades no informaron la identidad de las personas fallecidas o heridas, ni se\u00f1alaron a posibles responsables por el hecho. Tras el incidente, los heridos presentaron distintos niveles de gravedad, seg\u00fan inform\u00f3 la polic\u00eda.<\/p>\n<p><img alt=\"La polic\u00eda local se\u00f1al\u00f3 que el incidente sucedi\u00f3 durante un evento privado en un restaurante de la zona c\u00e9ntrica de la ciudad (Reuters)\" class=\"global-image\" decoding=\"async\" fetchpriority=\"low\" height=\"3687\" loading=\"lazy\" src=\"https:\/\/www.europesays.com\/es\/wp-content\/uploads\/2026\/08\/TUJM4Y77WRFLRBVTDWJOTFBWJY.JPG\" width=\"5446\"\/>La polic\u00eda local se\u00f1al\u00f3 que el incidente sucedi\u00f3 durante un evento privado en un restaurante de la zona c\u00e9ntrica de la ciudad (Reuters)<\/p>\n<p class=\"paragraph\" data-paragraph-number=\"5\">Un testigo cont\u00f3 al canal de Telegram ruso Baza que en el lugar se realizaba una recepci\u00f3n de boda con alrededor de <b>50 invitados<\/b> y que, tras la explosi\u00f3n, observ\u00f3 c\u00f3mo algunas personas sal\u00edan del sitio cubiertas de sangre.<\/p>\n<p class=\"paragraph\" data-paragraph-number=\"6\">Al principio, se inform\u00f3 que la explosi\u00f3n ocurri\u00f3 en la cocina, pero m\u00e1s tarde el restaurante aclar\u00f3 en un comunicado que el interior no sufri\u00f3 da\u00f1os y que el incidente tuvo lugar afuera del local.<\/p>\n<p class=\"paragraph\" data-paragraph-number=\"7\">En paralelo, el Ministerio de Salud de Rusia indic\u00f3 que los servicios de emergencia y agentes del Ministerio del Interior se encuentran en el lugar.<\/p>\n<p class=\"paragraph\" data-paragraph-number=\"8\">\u201cLas v\u00edctimas de la explosi\u00f3n en el restaurante de Mosc\u00fa est\u00e1n recibiendo toda la atenci\u00f3n m\u00e9dica necesaria\u201d, declar\u00f3 Alexey Kuznetsov, asesor del ministro de Sanidad, a los periodistas.<\/p>\n<p class=\"paragraph\" data-paragraph-number=\"9\">Adem\u00e1s, el sitio web del restaurante se\u00f1al\u00f3 que el establecimiento se encontraba<b> cerrado el s\u00e1bado debido a un evento privado.<\/b><\/p>\n<p><img alt=\"BALZI ROSSI\" class=\"global-image\" decoding=\"async\" fetchpriority=\"low\" height=\"405\" loading=\"lazy\" src=\"https:\/\/www.europesays.com\/es\/wp-content\/uploads\/2026\/08\/PBHCYX7UMRCBDPKMF5ZJTGCBEU.png\" width=\"936\"\/>Previamente hab\u00eda informado el restaurante que iba a estar cerrado esta jornada por un evento privado <\/p>\n<p class=\"paragraph\" data-paragraph-number=\"10\">El chef Carmine Alfieri expres\u00f3 su agradecimiento por el apoyo recibido tras la explosi\u00f3n y asegur\u00f3 que todo el personal se encuentra bien. Tambi\u00e9n calific\u00f3 lo sucedido como \u201cun incidente menor\u201d.<\/p>\n<p class=\"paragraph\" data-paragraph-number=\"11\">\u201cEstamos todos bien, y nuestro restaurante y nuestra cocina est\u00e1n en perfectas condiciones; solo hubo un incidente menor en la entrada del restaurante\u201d, mencion\u00f3 Alfieri en su cuenta de Instagram.<\/p>\n<p class=\"paragraph\" data-paragraph-number=\"12\">Mientras continuaban las tareas en el \u00e1rea, algunos medios rusos informaron que el tr\u00e1fico en la zona cercana a la plaza fue bloqueado de forma temporal y que las entradas a la estaci\u00f3n de metro Barrikadnaya permanecen cerradas.<\/p>\n<p class=\"paragraph\" data-paragraph-number=\"13\">Adem\u00e1s, en videos compartidos, se observ\u00f3 la presencia de numerosos camiones de bomberos y ambulancias. <\/p>\n<p><img alt=\"Una ambulancia lleg\u00f3 al caf\u00e9 donde se desarroll\u00f3 el ataque\" class=\"global-image\" decoding=\"async\" fetchpriority=\"low\" height=\"1081\" loading=\"lazy\" src=\"https:\/\/www.europesays.com\/es\/wp-content\/uploads\/2026\/08\/N44I7FSKTNGYFJUZKUX3ADH2EQ.jpg\" width=\"1920\"\/>Las ambulancias se dirigieron a los alrededores de la explosi\u00f3n (X)<\/p>\n<p class=\"paragraph\" data-paragraph-number=\"14\">El restaurante funciona en la planta baja de una torre emblem\u00e1tica de la plaza Kudrinskaya, que integra el conjunto de las<b> \u201cSiete Hermanas\u201d de Mosc\u00fa:<\/b> rascacielos de estilo estalinista levantados en la d\u00e9cada de 1950.<\/p>\n<p class=\"paragraph\" data-paragraph-number=\"15\">Las calles alrededor de la plaza fueron cerradas por un corto tiempo. Decenas de ciclistas, que se hab\u00edan reunido en la zona para un evento nocturno organizado con antelaci\u00f3n, suspendieron su actividad.<\/p>\n<p class=\"paragraph\" data-paragraph-number=\"16\">(Con informaci\u00f3n de AP, BBC, Reuters)<\/p>\n","protected":false},"excerpt":{"rendered":"El incidente provoc\u00f3 la muerte de al menos tres personas y dej\u00f3 al menos 21 heridas, con lesiones&hellip;\n","protected":false},"author":2,"featured_media":689762,"comment_status":"","ping_status":"","sticky":false,"template":"","format":"standard","meta":{"footnotes":""},"categories":[5],"tags":[17,18,11892,25,24,406,13,14,11,19,20,17067,9,10,15,16,23,12,21,22],"class_list":["post-689761","post","type-post","status-publish","format-standard","has-post-thumbnail","category-titulares","tag-breaking-news","tag-breakingnews","tag-crime","tag-es","tag-espana","tag-europe","tag-featured-news","tag-featurednews","tag-headlines","tag-latest-news","tag-latestnews","tag-law-enforcement","tag-news","tag-noticias","tag-noticias-destacadas","tag-noticiasdestacadas","tag-spain","tag-titulares","tag-ultimas-noticias","tag-ultimasnoticias"],"share_on_mastodon":{"url":"https:\/\/pubeurope.com\/@es\/117024247551806073","error":""},"_links":{"self":[{"href":"https:\/\/www.europesays.com\/es\/wp-json\/wp\/v2\/posts\/689761","targetHints":{"allow":["GET"]}}],"collection":[{"href":"https:\/\/www.europesays.com\/es\/wp-json\/wp\/v2\/posts"}],"about":[{"href":"https:\/\/www.europesays.com\/es\/wp-json\/wp\/v2\/types\/post"}],"author":[{"embeddable":true,"href":"https:\/\/www.europesays.com\/es\/wp-json\/wp\/v2\/users\/2"}],"replies":[{"embeddable":true,"href":"https:\/\/www.europesays.com\/es\/wp-json\/wp\/v2\/comments?post=689761"}],"version-history":[{"count":0,"href":"https:\/\/www.europesays.com\/es\/wp-json\/wp\/v2\/posts\/689761\/revisions"}],"wp:featuredmedia":[{"embeddable":true,"href":"https:\/\/www.europesays.com\/es\/wp-json\/wp\/v2\/media\/689762"}],"wp:attachment":[{"href":"https:\/\/www.europesays.com\/es\/wp-json\/wp\/v2\/media?parent=689761"}],"wp:term":[{"taxonomy":"category","embeddable":true,"href":"https:\/\/www.europesays.com\/es\/wp-json\/wp\/v2\/categories?post=689761"},{"taxonomy":"post_tag","embeddable":true,"href":"https:\/\/www.europesays.com\/es\/wp-json\/wp\/v2\/tags?post=689761"}],"curies":[{"name":"wp","href":"https:\/\/api.w.org\/{rel}","templated":true}]}}