{"id":689891,"date":"2026-08-02T07:35:56","date_gmt":"2026-08-02T07:35:56","guid":{"rendered":"https:\/\/www.europesays.com\/es\/689891\/"},"modified":"2026-08-02T07:35:56","modified_gmt":"2026-08-02T07:35:56","slug":"si-te-gustaron-las-speedcat-ballet-estas-bailarinas-zapatillas-seran-tu-proximo-flechazo","status":"publish","type":"post","link":"https:\/\/www.europesays.com\/es\/689891\/","title":{"rendered":"Si te gustaron las &#8216;Speedcat Ballet\u2019, estas \u00bfbailarinas? \u00bfzapatillas? ser\u00e1n tu pr\u00f3ximo flechazo"},"content":{"rendered":"<p>\u00bfSon bailarinas, zapatillas o ninguna de las dos? As\u00ed es la nueva propuesta de Puma<\/p>\n<p><a href=\"https:\/\/www.vogue.es\/articulos\/como-llevar-adidas-taekwando-mei-con-bermudas-verano-2026-gen-z\" rel=\"nofollow noopener\" target=\"_blank\">Las sneakerinas<\/a> irrumpieron en el mundo de la moda como pocas tendencias logran hacerlo. De repente, todas quer\u00edamos llevar zapatillas de una forma m\u00e1s refinada. Las hormas se estrecharon con el auge de las siluetas slim y estas dieron un paso m\u00e1s (literalmente), ya que nacieron diversos modelos que combinaban la est\u00e9tica de unas bailarinas con la comodidad de unas deportivas pensadas para la vida real. Una de las marcas que desencaden\u00f3 este fen\u00f3meno fue <strong>Puma<\/strong>, que lleva casi ocho d\u00e9cadas popularizando siluetas que, tarde o temprano, terminan siendo reinterpretadas por el resto de las marcas. Y, como es l\u00f3gico, la firma ha decidido seguir explorando el fil\u00f3n. El desenlace es bastante interesante.<\/p>\n<p>Acaban de salir a la venta y, aunque todav\u00eda no est\u00e1n generando demasiado ruido en Occidente, todo apunta a que lo har\u00e1n muy pronto. Basta con echar un vistazo a las redes sociales de las chicas asi\u00e1ticas \u2013una aut\u00e9ntica br\u00fajula fashion\u2013 para comprobar que el modelo que descubriremos a continuaci\u00f3n es <strong>el pr\u00f3ximo must-have.<\/strong><\/p>\n<p>Se llaman Mules Speedcat, y el nombre ya da una pista bastante clara de lo que son. Se trata de una nueva reinterpretaci\u00f3n de las exitosas Speedcat, solo que con un formato a\u00fan m\u00e1s vanguardista. <strong>Puma destalona ahora su ic\u00f3nico dise\u00f1o<\/strong> para convertirlo en un h\u00edbrido entre unas zapatillas y unos mules, lo que refuerza todav\u00eda m\u00e1s esa idea de comodidad que ya defin\u00eda al modelo original.<\/p>\n<p><img decoding=\"async\" alt=\"ahspirin\" loading=\"lazy\" class=\"ResponsiveImageContainer-dkeESL cQPiWi responsive-image__image\"   src=\"https:\/\/www.europesays.com\/es\/wp-content\/uploads\/2026\/08\/729794705_18595339750020245_7298729722305141601_n.jpg\"\/><img decoding=\"async\" alt=\"kindacool\" loading=\"lazy\" class=\"ResponsiveImageContainer-dkeESL cQPiWi responsive-image__image\"   src=\"https:\/\/www.europesays.com\/es\/wp-content\/uploads\/2026\/08\/727773430_18603736873016747_224464951254073758_n.jpg\"\/><\/p>\n","protected":false},"excerpt":{"rendered":"\u00bfSon bailarinas, zapatillas o ninguna de las dos? As\u00ed es la nueva propuesta de Puma Las sneakerinas irrumpieron&hellip;\n","protected":false},"author":2,"featured_media":689892,"comment_status":"","ping_status":"","sticky":false,"template":"","format":"standard","meta":{"footnotes":""},"categories":[170],"tags":[124831,146,147,25,24,184,185,47607,23,124830,124829,11512],"class_list":["post-689891","post","type-post","status-publish","format-standard","has-post-thumbnail","category-musica","tag-bailarinas","tag-entertainment","tag-entretenimiento","tag-es","tag-espana","tag-music","tag-musica","tag-puma","tag-spain","tag-tendencias-otono-invierno-2026-2027","tag-tendencias-primavera-verano-2026","tag-zapatillas"],"share_on_mastodon":{"url":"https:\/\/pubeurope.com\/@es\/117024771406459620","error":""},"_links":{"self":[{"href":"https:\/\/www.europesays.com\/es\/wp-json\/wp\/v2\/posts\/689891","targetHints":{"allow":["GET"]}}],"collection":[{"href":"https:\/\/www.europesays.com\/es\/wp-json\/wp\/v2\/posts"}],"about":[{"href":"https:\/\/www.europesays.com\/es\/wp-json\/wp\/v2\/types\/post"}],"author":[{"embeddable":true,"href":"https:\/\/www.europesays.com\/es\/wp-json\/wp\/v2\/users\/2"}],"replies":[{"embeddable":true,"href":"https:\/\/www.europesays.com\/es\/wp-json\/wp\/v2\/comments?post=689891"}],"version-history":[{"count":0,"href":"https:\/\/www.europesays.com\/es\/wp-json\/wp\/v2\/posts\/689891\/revisions"}],"wp:featuredmedia":[{"embeddable":true,"href":"https:\/\/www.europesays.com\/es\/wp-json\/wp\/v2\/media\/689892"}],"wp:attachment":[{"href":"https:\/\/www.europesays.com\/es\/wp-json\/wp\/v2\/media?parent=689891"}],"wp:term":[{"taxonomy":"category","embeddable":true,"href":"https:\/\/www.europesays.com\/es\/wp-json\/wp\/v2\/categories?post=689891"},{"taxonomy":"post_tag","embeddable":true,"href":"https:\/\/www.europesays.com\/es\/wp-json\/wp\/v2\/tags?post=689891"}],"curies":[{"name":"wp","href":"https:\/\/api.w.org\/{rel}","templated":true}]}}