{"id":689927,"date":"2026-08-02T08:02:17","date_gmt":"2026-08-02T08:02:17","guid":{"rendered":"https:\/\/www.europesays.com\/es\/689927\/"},"modified":"2026-08-02T08:02:17","modified_gmt":"2026-08-02T08:02:17","slug":"el-nino-hepatitis-y-cambio-climatico-la-conexion-invisible-que-puede-enfermar-a-comunidades-enteras","status":"publish","type":"post","link":"https:\/\/www.europesays.com\/es\/689927\/","title":{"rendered":"El Ni\u00f1o, hepatitis y cambio clim\u00e1tico: la conexi\u00f3n invisible que puede enfermar a comunidades enteras"},"content":{"rendered":"<p>  <img decoding=\"async\" fetchpriority=\"high\" src=\"https:\/\/www.europesays.com\/es\/wp-content\/uploads\/2026\/08\/el-nino-hepatitis-y-cambio-climatico-que-puede-enfermar-a-comunidades-enteras-1785112557612_1024.jpg\"  width=\"768\" height=\"432\" alt=\"Las inundaciones de 2022 en Pakist\u00e1n son el m\u00e1s claro ejemplo del v\u00ednculo entre la desigualdad, el ambiente, el cambio clim\u00e1tico, las inundaciones, el agua contaminada y enfermedades como la hepatitis\" title=\"Inundaciones Pakistan\" data-image=\"zj0pbvivmh88\"\/>Las inundaciones de 2022 en Pakist\u00e1n son el m\u00e1s claro ejemplo del v\u00ednculo entre la desigualdad, el ambiente, el cambio clim\u00e1tico, las inundaciones, el agua contaminada y enfermedades como la hepatitis    <img decoding=\"async\" fetchpriority=\"high\" src=\"https:\/\/www.europesays.com\/es\/wp-content\/uploads\/2026\/08\/mauricio-saldivar.jpg\" alt=\"Mauricio Saldivar\" width=\"40\" height=\"40\"\/>    <a class=\"nombre text-hv\" href=\"https:\/\/www.tiempo.com\/autor\/mauricio-saldivar\/\" title=\"Mauricio Saldivar\" data-mrf-recirculation=\"pre_article_author\" rel=\"nofollow noopener\" target=\"_blank\">Mauricio Saldivar<\/a> Meteored Argentina        02\/08\/2026 09:03   4 min    <\/p>\n<p>Cada <strong>28 de julio<\/strong> se conmemora el <strong>D\u00eda Mundial contra la Hepatitis. <\/strong>La fecha recuerda el <strong>nacimiento de Baruch Blumberg, descubridor del virus de la hepatitis B y Nobel de Medicina.<\/strong> Pero detr\u00e1s de la efem\u00e9ride aparece una historia que trasciende hospitales y laboratorios: algunas hepatitis tambi\u00e9n est\u00e1n estrechamente <strong>relacionadas con el ambiente.<\/strong><\/p>\n<p>Existen <strong>cinco grandes virus de hepatitis \u2014A, B, C, D y E\u2014<\/strong> y no todos se transmiten igual. Mientras B, C y D pueden producir infecciones cr\u00f3nicas, las hepatitis A y E tienen otra particularidad: pueden propagarse por v\u00eda fecal-oral, principalmente <strong>mediante agua o alimentos contaminados.<\/strong> Ah\u00ed es donde <strong>clima, infraestructura y desigualdad<\/strong> empiezan a cruzarse.<\/p>\n<p>Cuando baja el agua, el peligro puede quedarse<\/p>\n<p><strong>Una inundaci\u00f3n no transporta solamente agua. <\/strong>Al desbordarse r\u00edos, colapsar desag\u00fces o mezclarse aguas residuales con fuentes de abastecimiento, <strong>microorganismos procedentes de materia fecal <\/strong>pueden alcanzar lugares donde antes no estaban. <\/p>\n<p><img decoding=\"async\" fetchpriority=\"low\" class=\"lazy \" src=\"https:\/\/www.europesays.com\/es\/wp-content\/uploads\/2026\/08\/sddefault.jpg\"  width=\"768\" height=\"432\" id=\"1MZtNNknWPM\"\/><\/p>\n<p>Una revisi\u00f3n sistem\u00e1tica publicada en 2026, que analiz\u00f3 71 estudios, encontr\u00f3 que <strong>las inundaciones se asocian consistentemente<\/strong> <strong>con un aumento de infecciones <\/strong>transmitidas por el agua, incluidas las hepatitis A y E.<\/p>\n<p>Millones de personas permanecen sin diagnosticar, sin tratar o sin acceso a la atenci\u00f3n a la hepatitis debido al estigma, la falta de conciencia y las desigualdades persistentes. <\/p>\n<p><strong>Esto no significa que el cambio clim\u00e1tico \u201ccause hepatitis\u201d.<\/strong> La relaci\u00f3n es m\u00e1s compleja. Un planeta m\u00e1s c\u00e1lido puede modificar la frecuencia e intensidad de algunos eventos hidrometeorol\u00f3gicos extremos y, donde existen sistemas de agua y saneamiento vulnerables, <strong>aumentar las oportunidades para que un fen\u00f3meno meteorol\u00f3gico se transforme en una emergencia sanitaria.<\/strong><\/p>\n<p><a class=\"imagen \" href=\"https:\/\/www.tiempo.com\/noticias\/actualidad\/el-nino-apaga-el-sumidero-de-carbono-de-los-bosques-sudamericanos-por-que-2026-preocupa-a-los-cientificos.html\" title=\"El Ni\u00f1o apaga el sumidero de carbono de los bosques sudamericanos: por qu\u00e9 2026 preocupa a los expertos\" rel=\"nofollow noopener\" target=\"_blank\"><img decoding=\"async\" fetchpriority=\"low\" class=\"lazy img-body non-editable\" src=\"https:\/\/www.europesays.com\/es\/wp-content\/uploads\/2026\/08\/el-nino-apaga-el-sumidero-de-carbono-de-los-bosques-sudamericanos-por-que-2026-preocupa-a-los-cienti.jpeg\"  width=\"320\" height=\"225\"\/><\/a><\/p>\n<p>El mecanismo funciona casi como una cadena:<strong> lluvia extrema, inundaci\u00f3n, contaminaci\u00f3n del agua, exposici\u00f3n humana.<\/strong> Pero cada eslab\u00f3n importa. Con infraestructura robusta, vigilancia epidemiol\u00f3gica y acceso a agua segura, esa cadena puede cortarse.<\/p>\n<p>El verdadero multiplicador del riesgo<\/p>\n<p>Por eso, <strong>dos barrios bajo la misma inundaci\u00f3n pueden atravesar realidades sanitarias completamente distintas<\/strong>. Tener agua potable, cloacas, vivienda segura y acceso r\u00e1pido al sistema de salud cambia radicalmente lo que ocurre despu\u00e9s del evento.<\/p>\n<p><strong>El tiempo y el clima act\u00faan entonces sobre vulnerabilidades preexistentes.<\/strong> All\u00ed aparece la desigualdad: las poblaciones con menor acceso a saneamiento y servicios sanitarios suelen quedar m\u00e1s expuestas y, al mismo tiempo, disponer de menos recursos para recuperarse.<\/p>\n<p> <img decoding=\"async\" fetchpriority=\"low\" class=\"lazy \" src=\"https:\/\/www.europesays.com\/es\/wp-content\/uploads\/2026\/08\/el-nino-hepatitis-y-cambio-climatico-que-puede-enfermar-a-comunidades-enteras-1785114146682_1024.jpg\"  width=\"768\" height=\"432\" alt=\"&quot;Solo tenemos una vida, y solo tenemos un h\u00edgado; la hepatitis puede destruir ambos&quot;, frase, impulsada por la O.Cerca del 3 % de la poblaci\u00f3n del planeta vive con hepatitis B o C.\" title=\"DIa mundial hepatitis\" data-image=\"c0f725wqz7rh\"\/>\u00abSolo tenemos una vida, y solo tenemos un h\u00edgado; la hepatitis puede destruir ambos\u00bb, frase, impulsada por la O.Cerca del 3 % de la poblaci\u00f3n del planeta vive con hepatitis B o C. <\/p>\n<p>El D\u00eda Mundial contra la Hepatitis deja entonces una ense\u00f1anza que excede al h\u00edgado. <strong>Frente a un clima cambiante, construir resiliencia tambi\u00e9n significa garantizar agua segura, saneamiento, vacunaci\u00f3n, vigilancia epidemiol\u00f3gica y sistemas de salud capaces de anticiparse. <\/strong>Porque una inundaci\u00f3n termina cuando el agua se retira; sus consecuencias sanitarias, no necesariamente.<\/p>\n","protected":false},"excerpt":{"rendered":"Las inundaciones de 2022 en Pakist\u00e1n son el m\u00e1s claro ejemplo del v\u00ednculo entre la desigualdad, el ambiente,&hellip;\n","protected":false},"author":2,"featured_media":689928,"comment_status":"","ping_status":"","sticky":false,"template":"","format":"standard","meta":{"footnotes":""},"categories":[92],"tags":[1295,32069,25,24,165,6297,5128,3572,166,23],"class_list":["post-689927","post","type-post","status-publish","format-standard","has-post-thumbnail","category-salud","tag-cambio-climatico","tag-el-nino","tag-es","tag-espana","tag-health","tag-hepatitis","tag-inundaciones","tag-oms","tag-salud","tag-spain"],"share_on_mastodon":{"url":"https:\/\/pubeurope.com\/@es\/117024872915668301","error":""},"_links":{"self":[{"href":"https:\/\/www.europesays.com\/es\/wp-json\/wp\/v2\/posts\/689927","targetHints":{"allow":["GET"]}}],"collection":[{"href":"https:\/\/www.europesays.com\/es\/wp-json\/wp\/v2\/posts"}],"about":[{"href":"https:\/\/www.europesays.com\/es\/wp-json\/wp\/v2\/types\/post"}],"author":[{"embeddable":true,"href":"https:\/\/www.europesays.com\/es\/wp-json\/wp\/v2\/users\/2"}],"replies":[{"embeddable":true,"href":"https:\/\/www.europesays.com\/es\/wp-json\/wp\/v2\/comments?post=689927"}],"version-history":[{"count":0,"href":"https:\/\/www.europesays.com\/es\/wp-json\/wp\/v2\/posts\/689927\/revisions"}],"wp:featuredmedia":[{"embeddable":true,"href":"https:\/\/www.europesays.com\/es\/wp-json\/wp\/v2\/media\/689928"}],"wp:attachment":[{"href":"https:\/\/www.europesays.com\/es\/wp-json\/wp\/v2\/media?parent=689927"}],"wp:term":[{"taxonomy":"category","embeddable":true,"href":"https:\/\/www.europesays.com\/es\/wp-json\/wp\/v2\/categories?post=689927"},{"taxonomy":"post_tag","embeddable":true,"href":"https:\/\/www.europesays.com\/es\/wp-json\/wp\/v2\/tags?post=689927"}],"curies":[{"name":"wp","href":"https:\/\/api.w.org\/{rel}","templated":true}]}}