{"id":690041,"date":"2026-08-02T09:30:10","date_gmt":"2026-08-02T09:30:10","guid":{"rendered":"https:\/\/www.europesays.com\/es\/690041\/"},"modified":"2026-08-02T09:30:10","modified_gmt":"2026-08-02T09:30:10","slug":"el-trofeo-jccm-cambia-el-formato","status":"publish","type":"post","link":"https:\/\/www.europesays.com\/es\/690041\/","title":{"rendered":"El Trofeo JCCM cambia el formato"},"content":{"rendered":"<p>El Trofeo Junta de Comunidades de Castilla-La Mancha de baloncesto masculino ya tiene dise\u00f1ado su calendario de competici\u00f3n, que se desarrollar\u00e1 \u00edntegramente durante el pr\u00f3ximo mes de septiembre.<\/p>\n<p>La principal novedad radica en la identidad de uno de los finalistas que ya se conoce, concretamente el Bueno Arenas Albacete Basket, que, como equipo de m\u00e1s categor\u00eda (Primera FEB), ha ganado esa condici\u00f3n de oficio.<\/p>\n<p>El otro finalista ser\u00e1 el superviviente de otras tres fases. La primera est\u00e1 conformada por tres grupos de equipos de Tercera FEB. En el primero competir\u00e1n el Fundaci\u00f3n Globalcaja la Roda, Tobarra CB y Basket Quintanar; en el segundo, e El Ventero CB Villarrobledo, Baloncesto Criptana y Basket Cervantes; y en el tercero el Guadalajara Basket, BAZU Baloncesto Azudense y Baloncesto Talavera. Tras una liguilla de tres partidos (6, 9 y 13 de septiembre), los campeones de cada grupo jugar\u00e1n un triangular en la segunda fase del torneo.<\/p>\n<p>En la tercera, el ganador del citado triangular jugar\u00e1 frente al Toledo Baloncesto (Segunda FEB) en la semifinal. El ganador de este encuentro ser\u00e1 el que dispute la final del torneo frente al Albacete Basket, que se jugar\u00e1 \u00a0el pr\u00f3ximo 30 de septiembre.<\/p>\n<p>El formato del torneo decidir\u00e1 cu\u00e1l es el campe\u00f3n de esta edici\u00f3n de 2026. El Albacete Basket es el que domina el palmar\u00e9s del trofeo, con cuatro t\u00edtulos conseguidos en 2019, 2022, 2023 y 2024. Con dos t\u00edtulos figuran el desaparecido CB Almansa (2020 y 2021) y Fundaci\u00f3n Globalcaja La Roda (2017 y 2018). El Toledo Baloncesto es el \u00faltimo equipo en incorporarse a este palmar\u00e9s con el t\u00edtulo ganado precisamente en la edici\u00f3n de 2025.<\/p>\n","protected":false},"excerpt":{"rendered":"El Trofeo Junta de Comunidades de Castilla-La Mancha de baloncesto masculino ya tiene dise\u00f1ado su calendario de competici\u00f3n,&hellip;\n","protected":false},"author":2,"featured_media":690042,"comment_status":"","ping_status":"","sticky":false,"template":"","format":"standard","meta":{"footnotes":""},"categories":[269],"tags":[36854,299,298,124874,64197,124873,168,25,24,2612,3923,124872,73496,3917,3977,23,167,115341],"class_list":["post-690041","post","type-post","status-publish","format-standard","has-post-thumbnail","category-baloncesto","tag-albacete-basket","tag-baloncesto","tag-basketball","tag-cb-almansa","tag-cb-talavera-basket","tag-cb-villarrobledo","tag-deportes","tag-es","tag-espana","tag-feb","tag-federacion-espanola-de-baloncesto","tag-fg-la-roda","tag-guadalajara-basket","tag-primera-feb","tag-segunda-feb","tag-spain","tag-sports","tag-tobarra-cb"],"share_on_mastodon":{"url":"","error":""},"_links":{"self":[{"href":"https:\/\/www.europesays.com\/es\/wp-json\/wp\/v2\/posts\/690041","targetHints":{"allow":["GET"]}}],"collection":[{"href":"https:\/\/www.europesays.com\/es\/wp-json\/wp\/v2\/posts"}],"about":[{"href":"https:\/\/www.europesays.com\/es\/wp-json\/wp\/v2\/types\/post"}],"author":[{"embeddable":true,"href":"https:\/\/www.europesays.com\/es\/wp-json\/wp\/v2\/users\/2"}],"replies":[{"embeddable":true,"href":"https:\/\/www.europesays.com\/es\/wp-json\/wp\/v2\/comments?post=690041"}],"version-history":[{"count":0,"href":"https:\/\/www.europesays.com\/es\/wp-json\/wp\/v2\/posts\/690041\/revisions"}],"wp:featuredmedia":[{"embeddable":true,"href":"https:\/\/www.europesays.com\/es\/wp-json\/wp\/v2\/media\/690042"}],"wp:attachment":[{"href":"https:\/\/www.europesays.com\/es\/wp-json\/wp\/v2\/media?parent=690041"}],"wp:term":[{"taxonomy":"category","embeddable":true,"href":"https:\/\/www.europesays.com\/es\/wp-json\/wp\/v2\/categories?post=690041"},{"taxonomy":"post_tag","embeddable":true,"href":"https:\/\/www.europesays.com\/es\/wp-json\/wp\/v2\/tags?post=690041"}],"curies":[{"name":"wp","href":"https:\/\/api.w.org\/{rel}","templated":true}]}}