{"id":690097,"date":"2026-08-02T10:12:15","date_gmt":"2026-08-02T10:12:15","guid":{"rendered":"https:\/\/www.europesays.com\/es\/690097\/"},"modified":"2026-08-02T10:12:15","modified_gmt":"2026-08-02T10:12:15","slug":"matt-kuchar-firma-el-gesto-mas-entranable-del-rocket-classic","status":"publish","type":"post","link":"https:\/\/www.europesays.com\/es\/690097\/","title":{"rendered":"Matt Kuchar firma el gesto m\u00e1s entra\u00f1able del Rocket Classic"},"content":{"rendered":"<p>El estadounidense Matt Kuchar invit\u00f3 a un ni\u00f1o de siete a\u00f1os a recoger su bola del hoyo y despu\u00e9s se la regal\u00f3 firmada como recuerdo inolvidable<img fetchpriority=\"high\" decoding=\"async\" class=\"size-full wp-image-332928\" src=\"https:\/\/www.europesays.com\/es\/wp-content\/uploads\/2026\/08\/Hoyo-en-Uno-Matt-Kuchar-nino.jpeg\" alt=\"Hole in One, Hoyo en uno, Matt Kuchar, V\u00eddeos de Golf, Rocket Classic, \" width=\"1500\" height=\"1000\"  \/>Matt Kuchar explic\u00f3 que era la primera vez que invitaba a un aficionado a entrar dentro de las cuerdas<\/p>\n<p style=\"text-align: justify;\"><strong>Matt Kuchar<\/strong> dej\u00f3 uno de los momentos m\u00e1s entra\u00f1ables del <strong>Rocket Classic<\/strong> tras lograr un Hoyo en Uno en el par 3 del hoyo 5, de 149 metros. Su golpe con un hierro 9 bot\u00f3 varias veces antes de caer al hoyo. El estadounidense ni siquiera vio entrar la bola, ya que hab\u00eda dejado de seguir su trayectoria mientras recog\u00eda el tee.<\/p>\n<p style=\"text-align: justify;\">Sin embargo, la celebraci\u00f3n no termin\u00f3 ah\u00ed. <strong>Matt Kuchar <\/strong>invit\u00f3 a <strong>Casimer Daniewski<\/strong>, un ni\u00f1o de siete a\u00f1os situado junto al green, a caminar con \u00e9l hasta el hoyo. All\u00ed, el peque\u00f1o sac\u00f3 la bola de la copa y se la entreg\u00f3 al golfista. Despu\u00e9s, el veterano jugador la firm\u00f3 y se la regal\u00f3 como recuerdo de un d\u00eda inolvidable.<\/p>\n<p style=\"text-align: justify;\">Adem\u00e1s, el gesto sorprendi\u00f3 incluso a los comentaristas de Golf Channel. <strong>Arron Oberholser<\/strong> asegur\u00f3 que nunca hab\u00eda visto algo parecido. George Savaricas destac\u00f3 que el ni\u00f1o conservar\u00eda para siempre aquel recuerdo. M\u00e1s tarde, <strong>Matt Kuchar<\/strong> tambi\u00e9n pos\u00f3 con \u00e9l para varias fotograf\u00edas y a\u00f1adi\u00f3 una dedicatoria en la bola.<\/p>\n<p style=\"text-align: justify;\">Despu\u00e9s de la ronda, <strong>Matt Kuchar<\/strong> explic\u00f3 que era la primera vez que invitaba a un aficionado a entrar dentro de las cuerdas. Afirm\u00f3 que vio a un ni\u00f1o muy ilusionado y pens\u00f3 que ser\u00eda f\u00e1cil alegrarle el d\u00eda. Mientras tanto, el peque\u00f1o sigui\u00f3 cada golpe del estadounidense durante el resto del recorrido. El padre del ni\u00f1o asegur\u00f3 despu\u00e9s que probablemente nunca volver\u00eda a vivir una experiencia deportiva semejante.<\/p>\n<blockquote class=\"twitter-tweet\" data-media-max-width=\"560\">\n<p dir=\"ltr\" lang=\"en\">Matt Kuchar records a hole-in-one on the par-3 No. 5 at Detroit Golf Club during the second round of the Rocket Classic<\/p>\n<p>Kuchar\u2019s seventh ace on TOUR:<br \/>2026 Rocket Classic<br \/>2025 Sanderson Farms Champ<br \/>2019 World Wide Technology Champ<br \/>2017 Masters Tournament<br \/>2016 WGC-HSBC Champions\u2026 <a href=\"https:\/\/t.co\/LZpo5KFP0z\" rel=\"nofollow\">https:\/\/t.co\/LZpo5KFP0z<\/a><\/p>\n<p>\u2014 PGA TOUR Communications (@PGATOURComms) <a href=\"https:\/\/x.com\/PGATOURComms\/status\/2083296497940987909?ref_src=twsrc%5Etfw\" rel=\"nofollow\">July 31, 2026<\/a><\/p>\n<\/blockquote>\n<p style=\"text-align: justify;\"><strong>Puede seguir a OpenGolf en <\/strong><a style=\"color: #008000;\" href=\"https:\/\/www.facebook.com\/opengolfes.es\/\" rel=\"nofollow noopener\" target=\"_blank\"><strong>Facebook<\/strong><\/a><strong>; <\/strong><a style=\"color: #008000;\" href=\"https:\/\/twitter.com\/opengolf_news\" rel=\"nofollow noopener\" target=\"_blank\"><strong>Twitter<\/strong><\/a><strong>; <\/strong><a style=\"color: #008000;\" href=\"https:\/\/www.linkedin.com\/in\/fernando-molina-b1455a14\/\" rel=\"nofollow noopener\" target=\"_blank\"><strong>LinkedIn<\/strong><\/a><strong> y suscribi\u00e9ndose a trav\u00e9s de este enlace a nuestra <\/strong><a style=\"color: #008000;\" href=\"https:\/\/opengolf.es\/newsletters.php\" rel=\"nofollow noopener\" target=\"_blank\"><strong>Newsletter Semanal<\/strong><\/a><\/p>\n<p><script async src=\"https:\/\/platform.twitter.com\/widgets.js\" charset=\"utf-8\"><\/script><\/p>\n","protected":false},"excerpt":{"rendered":"El estadounidense Matt Kuchar invit\u00f3 a un ni\u00f1o de siete a\u00f1os a recoger su bola del hoyo y&hellip;\n","protected":false},"author":2,"featured_media":690098,"comment_status":"","ping_status":"","sticky":false,"template":"","format":"standard","meta":{"footnotes":""},"categories":[275],"tags":[168,25,24,329,124922,28130,64653,123594,23,167,1040],"class_list":["post-690097","post","type-post","status-publish","format-standard","has-post-thumbnail","category-golf","tag-deportes","tag-es","tag-espana","tag-golf","tag-hole-in-one","tag-hoyo-en-uno","tag-matt-kuchar","tag-rocket-classic","tag-spain","tag-sports","tag-videos-de-golf"],"share_on_mastodon":{"url":"https:\/\/pubeurope.com\/@es\/117025384779586602","error":""},"_links":{"self":[{"href":"https:\/\/www.europesays.com\/es\/wp-json\/wp\/v2\/posts\/690097","targetHints":{"allow":["GET"]}}],"collection":[{"href":"https:\/\/www.europesays.com\/es\/wp-json\/wp\/v2\/posts"}],"about":[{"href":"https:\/\/www.europesays.com\/es\/wp-json\/wp\/v2\/types\/post"}],"author":[{"embeddable":true,"href":"https:\/\/www.europesays.com\/es\/wp-json\/wp\/v2\/users\/2"}],"replies":[{"embeddable":true,"href":"https:\/\/www.europesays.com\/es\/wp-json\/wp\/v2\/comments?post=690097"}],"version-history":[{"count":0,"href":"https:\/\/www.europesays.com\/es\/wp-json\/wp\/v2\/posts\/690097\/revisions"}],"wp:featuredmedia":[{"embeddable":true,"href":"https:\/\/www.europesays.com\/es\/wp-json\/wp\/v2\/media\/690098"}],"wp:attachment":[{"href":"https:\/\/www.europesays.com\/es\/wp-json\/wp\/v2\/media?parent=690097"}],"wp:term":[{"taxonomy":"category","embeddable":true,"href":"https:\/\/www.europesays.com\/es\/wp-json\/wp\/v2\/categories?post=690097"},{"taxonomy":"post_tag","embeddable":true,"href":"https:\/\/www.europesays.com\/es\/wp-json\/wp\/v2\/tags?post=690097"}],"curies":[{"name":"wp","href":"https:\/\/api.w.org\/{rel}","templated":true}]}}