{"id":690215,"date":"2026-08-02T11:47:30","date_gmt":"2026-08-02T11:47:30","guid":{"rendered":"https:\/\/www.europesays.com\/es\/690215\/"},"modified":"2026-08-02T11:47:30","modified_gmt":"2026-08-02T11:47:30","slug":"oscar-pereiro-48-anos-el-ciclismo-antes-era-un-deporte-de-superhombres-pero-durante-la-epoca-del-dopaje-paso-a-estar-contaminado-para-la-sociedad-yo-no-queria-sentirme-un-delin","status":"publish","type":"post","link":"https:\/\/www.europesays.com\/es\/690215\/","title":{"rendered":"\u00d3scar Pereiro (48 a\u00f1os): \u00abEl ciclismo antes era un deporte de \u2018superhombres\u2019, pero durante la \u00e9poca del dopaje pas\u00f3 a estar contaminado para la sociedad. Yo no quer\u00eda sentirme un delincuente practicando un deporte que me cuesta tanto esfuerzo\u00bb"},"content":{"rendered":"<p class=\"ft-text\"><strong>\u00d3scar Pereiro pertenece al selecto grupo de <\/strong><a class=\"ft-link ft-link--decoration\" href=\"https:\/\/www.sport.es\/es\/noticias\/ciclismo\/ciclistas-espanoles-han-ganado-tour-francia-131986435\" rel=\"nofollow noopener\" target=\"_blank\">siete ciclistas espa\u00f1oles que pueden presumir de contar con un Tour de Francia en sus vitrinas<\/a>, pero es el \u00fanico que tuvo que celebrarlo en diferido. El de Pontevedra no figuraba entre la n\u00f3mina de candidatos al amarillo en la edici\u00f3n de 2006, <strong>pero la criba de favoritos eliminados de la carrera tras la trama de dopaje destapada por la Operaci\u00f3n Puerto y la posterior ca\u00edda de Alejandro Valverde<\/strong> terminaron cambiando para siempre su destino.<\/p>\n<p class=\"ft-text\">\u00abEse Tour fue un caos porque no se sab\u00eda lo que iba a pasar. <strong>En la presentaci\u00f3n estaban todos los participantes, pero al d\u00eda siguiente algunos se hab\u00edan ido a su casa porque no les dejaban correr. El Tour sale, pero con un rollo muy convulso<\/strong>. Fue un Tour muy jodido de empezar\u00bb, empieza reflexionando Pereiro en una entrevista para el podcast &#8216;En modo avi\u00f3n&#8217;.<\/p>\n<p class=\"ft-text\">Pereiro terminar\u00eda aquella edici\u00f3n del Tour como segundo clasificado por detr\u00e1s del estadounidense Floyd Landis, pero a los pocos d\u00edas recibi\u00f3 una llamada que lo cambi\u00f3 todo. \u00abRecibo una llamada de un periodista que me dice: &#8216;Hay un rumor de que uno de los tres primeros del Tour ha dado positivo&#8217;. <strong>Sabiendo que no era yo, en ese momento s\u00f3lo espero que no sea Landis<\/strong>\u00ab, admite Pereiro ante la estupefacci\u00f3n del entrevistador. <\/p>\n<p><img decoding=\"async\" src=\"https:\/\/www.europesays.com\/es\/wp-content\/uploads\/2026\/08\/c5495551-3044-478d-9d8b-fa219ce6d8fd_alta-libre-aspect-ratio_default_0_x1024y450.jpg\" width=\"1200\" height=\"792\" alt=\"Landis y Pereiro, durante el Tour de Francia 2006\" class=\"ft-helper-img-rd\" loading=\"lazy\" fetchpriority=\"auto\"\/><\/p>\n<p class=\"ft-helper-fontColor-quaternary ft-helper-fontSize-body-S ft-helper-spacer-t-xxs\">Landis y Pereiro, durante el Tour de Francia 2006  \/ EFE<\/p>\n<p>Una victoria en diferido<\/p>\n<p class=\"ft-text\">Pereiro no pens\u00f3 de primeras en que hab\u00eda ganado un Tour, sino en la mancha que dejar\u00eda una nueva descalificaci\u00f3n por dopaje. \u00ab<strong>Hab\u00edamos conseguido limpiar la carrera con espect\u00e1culo, pero con un positivo del l\u00edder del Tour nos vamos a la mierda otra vez<\/strong>. Esa fue mi primera reacci\u00f3n\u00bb, admite.<\/p>\n<p class=\"ft-text\">Una vez digerido este golpe, al gallego le vinieron a la cabeza todos los momentos que le &#8216;robaron&#8217; por no poder celebrar su victoria durante la carrera. \u00abLa segunda reacci\u00f3n fue pensar en lo que hab\u00edamos dejado de vivir. <strong>Nike me hab\u00eda dise\u00f1ado unas zapatillas amarillas con la fecha de la victoria, ten\u00edamos gafas amarillas para todo el equipo<\/strong>&#8230; son cosas que no pude estrenar\u00bb.<\/p>\n<p class=\"ft-text\">Tras 13 largos meses, Pereiro fue distinguido como ganador oficial del Tour de Francia 2006, victoria que le gener\u00f3 sensaciones contradictorias. \u00ab<strong>Ganar el Tour es lo mejor y lo peor que me ha pasado en la vida<\/strong>. Lo mejor porque evidentemente ganas sin tener las condiciones, yo era consciente desde el minuto 1 de que no volver\u00eda a pasar, pero <strong>en ning\u00fan deporte es f\u00e1cil pelear por algo que sabes que no vas a poder superar<\/strong>. No es f\u00e1cil convivir con eso\u00bb.<\/p>\n<p><img decoding=\"async\" src=\"https:\/\/www.europesays.com\/es\/wp-content\/uploads\/2026\/08\/749fbcc0-1fb6-4cd4-9bed-7a3f44d8a26d_alta-libre-aspect-ratio_default_0_x600y225.jpg\" width=\"1200\" height=\"675\" alt=\"Oscar Pereiro, ganador del Tour de Francia en 2006\" class=\"ft-helper-img-rd\" loading=\"lazy\" fetchpriority=\"auto\"\/><\/p>\n<p class=\"ft-helper-fontColor-quaternary ft-helper-fontSize-body-S ft-helper-spacer-t-xxs\">Oscar Pereiro, ganador del Tour de Francia en 2006  \/ EFE<\/p>\n<p class=\"ft-text\">Sobre la sombra del dopaje y la injusta etiqueta de Tour &#8216;regalado&#8217;, Pereiro lanz\u00f3 una profunda reflexi\u00f3n. \u00abMe hace mucha gracia cuando la gente dice: &#8216;A este le han regalado un Tour&#8217;. <strong>El ciclismo antes era un deporte de \u2018superhombres\u2019, el m\u00e1s duro. La gente admiraba al ciclista, pero durante la \u00e9poca del dopaje pas\u00f3 a ser un deporte contaminado para la sociedad<\/strong>. Para rendir a gran nivel, tiene que apasionarte lo que haces, pero cuando hay un ambiente tan negativo piensas: \u2018<strong>Yo no quiero vivir en este mundo tan podrido ni sentirme un delincuente practicando un deporte que me cuesta mucho esfuerzo cada d\u00eda<\/strong>&#8216;\u00bb.<\/p>\n<p>La larga sombra del dopaje<\/p>\n<p class=\"ft-text\">A lo largo de los a\u00f1os posteriores a la victoria m\u00e1s importante de su carrera, coincidiendo con la creciente lucha contra el dopaje en el ciclismo, Pereiro tuvo que aprender a convivir con unos protocolos que considera necesarios pero injustos. \u00ab<strong>Estoy a favor de los controles antidopaje y de que todo el mundo compita en las mismas condiciones, pero lo que no pod\u00e9is hacer es ponerme la responsabilidad de que un error m\u00edo me joda la vida<\/strong>. Yo en su momento me ofrec\u00ed a que me metieran un chip porque yo no quiero esconderme, pero tampoco me des la responsabilidad de tener que decirte d\u00f3nde estoy en cada momento\u00bb.<\/p>\n<p class=\"ft-text\">En opini\u00f3n de Pereiro, esta &#8216;persecuci\u00f3n&#8217; responde a las malas pr\u00e1cticas realizadas durante un periodo muy prolongado. \u00abEl ciclismo es un deporte muy fastidiado por el dopaje. Simplemente hay que ver la operaci\u00f3n puerto, de lo que sali\u00f3 el primer d\u00eda a lo que se castig\u00f3 el \u00faltimo&#8230; pues que quieres que te diga. <strong>Hay que confiar, pero cuando conoces un poco desde dentro el tema sabes que hay mucho m\u00e1s de lo que al final acab\u00f3 saliendo<\/strong>\u00ab.<\/p>\n<p class=\"ft-text\">A pesar de admitir los errores cometidos en su deporte, Pereiro termina elevando la pregunta a otras disciplinas. \u00abEl ciclismo fue un deporte perseguido y<strong> no digo que no se lo haya merecido, pero hay otros que se lo han merecido igual y no han sido sancionados<\/strong>\u00ab.<\/p>\n","protected":false},"excerpt":{"rendered":"\u00d3scar Pereiro pertenece al selecto grupo de siete ciclistas espa\u00f1oles que pueden presumir de contar con un Tour&hellip;\n","protected":false},"author":2,"featured_media":690216,"comment_status":"","ping_status":"","sticky":false,"template":"","format":"standard","meta":{"footnotes":""},"categories":[273],"tags":[313,312,168,16580,25,24,2789,70377,23,167],"class_list":["post-690215","post","type-post","status-publish","format-standard","has-post-thumbnail","category-ciclismo","tag-ciclismo","tag-cycling","tag-deportes","tag-dopaje","tag-es","tag-espana","tag-oscar","tag-pereiro","tag-spain","tag-sports"],"share_on_mastodon":{"url":"https:\/\/pubeurope.com\/@es\/117025758272031685","error":""},"_links":{"self":[{"href":"https:\/\/www.europesays.com\/es\/wp-json\/wp\/v2\/posts\/690215","targetHints":{"allow":["GET"]}}],"collection":[{"href":"https:\/\/www.europesays.com\/es\/wp-json\/wp\/v2\/posts"}],"about":[{"href":"https:\/\/www.europesays.com\/es\/wp-json\/wp\/v2\/types\/post"}],"author":[{"embeddable":true,"href":"https:\/\/www.europesays.com\/es\/wp-json\/wp\/v2\/users\/2"}],"replies":[{"embeddable":true,"href":"https:\/\/www.europesays.com\/es\/wp-json\/wp\/v2\/comments?post=690215"}],"version-history":[{"count":0,"href":"https:\/\/www.europesays.com\/es\/wp-json\/wp\/v2\/posts\/690215\/revisions"}],"wp:featuredmedia":[{"embeddable":true,"href":"https:\/\/www.europesays.com\/es\/wp-json\/wp\/v2\/media\/690216"}],"wp:attachment":[{"href":"https:\/\/www.europesays.com\/es\/wp-json\/wp\/v2\/media?parent=690215"}],"wp:term":[{"taxonomy":"category","embeddable":true,"href":"https:\/\/www.europesays.com\/es\/wp-json\/wp\/v2\/categories?post=690215"},{"taxonomy":"post_tag","embeddable":true,"href":"https:\/\/www.europesays.com\/es\/wp-json\/wp\/v2\/tags?post=690215"}],"curies":[{"name":"wp","href":"https:\/\/api.w.org\/{rel}","templated":true}]}}