{"id":690285,"date":"2026-08-02T12:49:12","date_gmt":"2026-08-02T12:49:12","guid":{"rendered":"https:\/\/www.europesays.com\/es\/690285\/"},"modified":"2026-08-02T12:49:12","modified_gmt":"2026-08-02T12:49:12","slug":"detenido-en-mexico-el-lider-del-cartel-de-los-reyes-por-el-que-eeuu-ofrece-mas-de-4-millones-de-euros","status":"publish","type":"post","link":"https:\/\/www.europesays.com\/es\/690285\/","title":{"rendered":"Detenido en M\u00e9xico el l\u00edder del C\u00e1rtel de Los Reyes, por el que EEUU ofrece m\u00e1s de 4 millones de euros"},"content":{"rendered":"<p class=\"ft-text\">El Gobierno de M\u00e9xico ha anunciado este s\u00e1bado la detenci\u00f3n del l\u00edder del C\u00e1rtel de Los Reyes, por el que Estados Unidos ofrec\u00eda <strong>una recompensa de hasta cinco millones de d\u00f3lares (m\u00e1s de 4,3 millones de euros)<\/strong>, lo que ha desatado bloqueos y disturbios en varios distintos del estado de Michoac\u00e1n, donde opera fundamentalmente esta banda criminal.<\/p>\n<p class=\"ft-text\">El secretario de Seguridad y Protecci\u00f3n Ciudadana de M\u00e9xico, Omar Garc\u00eda Harfuch, ha informado en sus redes sociales de<strong> la captura de Alfonso Fern\u00e1ndez Magall\u00f3n,<\/strong> alias &#8216;Poncho&#8217;, l\u00edder del C\u00e1rtel de Los Reyes y quien cuenta con una orden de arresto \u00abpor los delitos de privaci\u00f3n ilegal de la libertad y mot\u00edn\u00bb.<\/p>\n<p class=\"ft-text\">De acuerdo al diario &#8216;El Sol de M\u00e9xico&#8217;, a\u00fan se desconoce si &#8216;Poncho&#8217; se enfrentar\u00e1 a la justicia mexicana o ser\u00e1 extraditado a Estados Unidos. El Departamento de Estado ofrece, desde agosto del a\u00f1o pasado, m\u00e1s de 4,3 millones de euros a cambio de informaci\u00f3n que conduzca a la detenci\u00f3n de este hombre sancionado adem\u00e1s por el <strong>Departamento del Tesoro por sus v\u00ednculos con C\u00e1rteles Unidos<\/strong>, organizaci\u00f3n mexicana dedicada al tr\u00e1fico de drogas y de armas, as\u00ed como al blanqueo de capitales.<\/p>\n<p class=\"ft-text\"> Su detenci\u00f3n ha provocado disturbios, incluidos el bloqueo de carreteras y el incendio de veh\u00edculos en en distintos puntos de los municipios de Los Reyes y Perib\u00e1n, en Michoac\u00e1n, que las autoridades mexicanas han atribuido a integrantes del C\u00e1rtel de Los Reyes. <strong>\u00abEl gabinete de seguridad garantiza la seguridad del Estado\u00bb, ha agregado Garc\u00eda.<\/strong><\/p>\n<p class=\"ft-helper-fontSize-body-M\" isamp=\"false\">Fuente: <a href=\"https:\/\/www.elperiodico.com\/es\/internacional\/20260802\/detenido-mexico-lider-cartel-reyes-133034824?utm_source=elcorreogallego&amp;utm_medium=epi&amp;utm_campaign=audiencia_via\" target=\"_blank\" class=\"ft-link ft-link--decoration\" rel=\"nofollow noopener\">El Peri\u00f3dico<\/a><\/p>\n","protected":false},"excerpt":{"rendered":"El Gobierno de M\u00e9xico ha anunciado este s\u00e1bado la detenci\u00f3n del l\u00edder del C\u00e1rtel de Los Reyes, por&hellip;\n","protected":false},"author":2,"featured_media":690286,"comment_status":"","ping_status":"","sticky":false,"template":"","format":"standard","meta":{"footnotes":""},"categories":[42],"tags":[17,18,4398,8838,13,14,11,61,62,63,64,19,20,5564,1906,7337,9,10,15,16,3051,12,21,22,65,66,67],"class_list":["post-690285","post","type-post","status-publish","format-standard","has-post-thumbnail","category-internacional","tag-breaking-news","tag-breakingnews","tag-cartel","tag-detenido","tag-featured-news","tag-featurednews","tag-headlines","tag-internacional","tag-international","tag-international-news","tag-internationalnews","tag-latest-news","tag-latestnews","tag-lider","tag-mexico","tag-narcotrafico","tag-news","tag-noticias","tag-noticias-destacadas","tag-noticiasdestacadas","tag-reyes","tag-titulares","tag-ultimas-noticias","tag-ultimasnoticias","tag-world","tag-world-news","tag-worldnews"],"share_on_mastodon":{"url":"https:\/\/pubeurope.com\/@es\/117026001227823368","error":""},"_links":{"self":[{"href":"https:\/\/www.europesays.com\/es\/wp-json\/wp\/v2\/posts\/690285","targetHints":{"allow":["GET"]}}],"collection":[{"href":"https:\/\/www.europesays.com\/es\/wp-json\/wp\/v2\/posts"}],"about":[{"href":"https:\/\/www.europesays.com\/es\/wp-json\/wp\/v2\/types\/post"}],"author":[{"embeddable":true,"href":"https:\/\/www.europesays.com\/es\/wp-json\/wp\/v2\/users\/2"}],"replies":[{"embeddable":true,"href":"https:\/\/www.europesays.com\/es\/wp-json\/wp\/v2\/comments?post=690285"}],"version-history":[{"count":0,"href":"https:\/\/www.europesays.com\/es\/wp-json\/wp\/v2\/posts\/690285\/revisions"}],"wp:featuredmedia":[{"embeddable":true,"href":"https:\/\/www.europesays.com\/es\/wp-json\/wp\/v2\/media\/690286"}],"wp:attachment":[{"href":"https:\/\/www.europesays.com\/es\/wp-json\/wp\/v2\/media?parent=690285"}],"wp:term":[{"taxonomy":"category","embeddable":true,"href":"https:\/\/www.europesays.com\/es\/wp-json\/wp\/v2\/categories?post=690285"},{"taxonomy":"post_tag","embeddable":true,"href":"https:\/\/www.europesays.com\/es\/wp-json\/wp\/v2\/tags?post=690285"}],"curies":[{"name":"wp","href":"https:\/\/api.w.org\/{rel}","templated":true}]}}