{"id":691073,"date":"2026-08-02T23:08:21","date_gmt":"2026-08-02T23:08:21","guid":{"rendered":"https:\/\/www.europesays.com\/es\/691073\/"},"modified":"2026-08-02T23:08:21","modified_gmt":"2026-08-02T23:08:21","slug":"libertad-provisional-para-el-rapero-marroqui-detenido-por-ofensa-a-las-instituciones","status":"publish","type":"post","link":"https:\/\/www.europesays.com\/es\/691073\/","title":{"rendered":"Libertad provisional para el rapero marroqu\u00ed detenido por \u00abofensa\u00bb a las instituciones"},"content":{"rendered":"<p>Marruecos ha dejado en libertad provisional al rapero marroqu\u00ed residente en Francia <b>El Mahdi Lyoubi<\/b>, conocido art\u00edsticamente como <b>&#8216;Black Wind&#8217;<\/b>, tras permanecer encarcelado durante mes y medio acusado de <b>\u00abofender a las instituciones\u00bb<\/b> por sus temas reivindicativos y su<b> respaldo a las protestas de la &#8216;Gen Z&#8217;<\/b>.<\/p>\n<p>El proceso se celebr\u00f3 este viernes en el Tribunal de Primera Instancia de Ain Sebaa (Casablanca) en medio de la huelga de abogados que atraviesa el pa\u00eds, lo que impidi\u00f3 el acceso completo al expediente de acusaci\u00f3n y <b>dej\u00f3 la vista sin representaci\u00f3n legal de la defensa.<\/b><\/p>\n<p>A las puertas del tribunal de Casablanca se congregaron cerca de <b>200 personas para arropar al artista,<\/b> entre activistas de derechos humanos, amigos y miembros del comit\u00e9 de apoyo al m\u00fasico movilizados a trav\u00e9s de las redes sociales.<\/p>\n<p>\u00abAhora la gente est\u00e1 satisfecha y feliz de saber que Mehdi puede salir de la prisi\u00f3n. Para nosotros no ha hecho nada m\u00e1s que expresar sus ideas con sus canciones; <b>no es un criminal, es solo alguien que canta<\/b>\u00ab, declar\u00f3 a EFE Hakim Sikouk, activista de la Asociaci\u00f3n Marroqu\u00ed de Derechos Humanos (AMDH).<\/p>\n<p>Sikouk a\u00f1adi\u00f3 que, aunque existe un sentimiento de alivio por la medida de libertad provisional, la exigencia principal sigue siendo la retirada total de los cargos: \u00abEstamos aliviados con esta decisi\u00f3n judicial, pero <b>nuestra petici\u00f3n es que se cancele la acusaci\u00f3n<\/b>\u00ab.<\/p>\n<p>\u00abOfensa a una instituci\u00f3n constitucional\u00bb<\/p>\n<p>El rapero est\u00e1 procesado en virtud del <b>art\u00edculo 179 del C\u00f3digo Penal marroqu\u00ed por \u00abofensa a una instituci\u00f3n constitucional\u00bb<\/b>, un delito que contempla penas de entre seis meses y dos a\u00f1os de prisi\u00f3n, adem\u00e1s de multas de entre 1.800 y 18.000 euros.<\/p>\n<p>El Comit\u00e9 de Apoyo a El Mahdi Lyoubi mostr\u00f3 su \u00abprofunda preocupaci\u00f3n\u00bb por lo que consideran un <b>nuevo ataque a la libertad de expresi\u00f3n en Marruecos<\/b>, recordando que la de Lyoubi se suma a otras cuatro detenciones recientes dentro del \u00e1mbito art\u00edstico marroqu\u00ed.<\/p>\n<p>La plataforma situ\u00f3 este caso en un escenario de creciente tensi\u00f3n social y <b>crisis migratoria en el pa\u00eds magreb\u00ed,<\/b> se\u00f1alando que m\u00e1s de 600 personas contin\u00faan encarceladas \u2014con condenas que alcanzan hasta los 15 a\u00f1os\u2014 tras las movilizaciones del movimiento &#8216;GenZ 212&#8217;, que desde el oto\u00f1o de 2025 reclama mejoras en la sanidad y la educaci\u00f3n p\u00fablica.<\/p>\n<p>Adem\u00e1s, coincide con la mayor crisis migratoria registrada entre Espa\u00f1a y Marruecos, con el acceso de unas 50.000 personas a los enclaves espa\u00f1oles norteafricanos de Ceuta y Melilla y al menos 57 muertos tras intentar alcanzar el territorio espa\u00f1ol a nado. \u00ab<b>Pensamos tambi\u00e9n en las decenas de miles de j\u00f3venes marroqu\u00edes que, en este mismo momento, se lanzan al mar<\/b> con la esperanza de llegar a Ceuta o Melilla\u00bb, denunci\u00f3 el comit\u00e9.<\/p>\n<p>La pr\u00f3xima audiencia del juicio ha sido fijada para el 2 de octubre con la esperanza de que los abogados cesen la huelga.<\/p>\n","protected":false},"excerpt":{"rendered":"Marruecos ha dejado en libertad provisional al rapero marroqu\u00ed residente en Francia El Mahdi Lyoubi, conocido art\u00edsticamente como&hellip;\n","protected":false},"author":2,"featured_media":691074,"comment_status":"","ping_status":"","sticky":false,"template":"","format":"standard","meta":{"footnotes":""},"categories":[170],"tags":[146,147,25,24,4485,184,185,213,23],"class_list":["post-691073","post","type-post","status-publish","format-standard","has-post-thumbnail","category-musica","tag-entertainment","tag-entretenimiento","tag-es","tag-espana","tag-marruecos","tag-music","tag-musica","tag-rap","tag-spain"],"share_on_mastodon":{"url":"https:\/\/pubeurope.com\/@es\/117028434831829779","error":""},"_links":{"self":[{"href":"https:\/\/www.europesays.com\/es\/wp-json\/wp\/v2\/posts\/691073","targetHints":{"allow":["GET"]}}],"collection":[{"href":"https:\/\/www.europesays.com\/es\/wp-json\/wp\/v2\/posts"}],"about":[{"href":"https:\/\/www.europesays.com\/es\/wp-json\/wp\/v2\/types\/post"}],"author":[{"embeddable":true,"href":"https:\/\/www.europesays.com\/es\/wp-json\/wp\/v2\/users\/2"}],"replies":[{"embeddable":true,"href":"https:\/\/www.europesays.com\/es\/wp-json\/wp\/v2\/comments?post=691073"}],"version-history":[{"count":0,"href":"https:\/\/www.europesays.com\/es\/wp-json\/wp\/v2\/posts\/691073\/revisions"}],"wp:featuredmedia":[{"embeddable":true,"href":"https:\/\/www.europesays.com\/es\/wp-json\/wp\/v2\/media\/691074"}],"wp:attachment":[{"href":"https:\/\/www.europesays.com\/es\/wp-json\/wp\/v2\/media?parent=691073"}],"wp:term":[{"taxonomy":"category","embeddable":true,"href":"https:\/\/www.europesays.com\/es\/wp-json\/wp\/v2\/categories?post=691073"},{"taxonomy":"post_tag","embeddable":true,"href":"https:\/\/www.europesays.com\/es\/wp-json\/wp\/v2\/tags?post=691073"}],"curies":[{"name":"wp","href":"https:\/\/api.w.org\/{rel}","templated":true}]}}