{"id":691307,"date":"2026-08-03T02:46:14","date_gmt":"2026-08-03T02:46:14","guid":{"rendered":"https:\/\/www.europesays.com\/es\/691307\/"},"modified":"2026-08-03T02:46:14","modified_gmt":"2026-08-03T02:46:14","slug":"durisimo-ataque-de-javier-tebas-a-florentino-perez-el-ser-no-tan-superior-tiene-ya-poca-credibilidad-para-dar-lecciones-de-futbol","status":"publish","type":"post","link":"https:\/\/www.europesays.com\/es\/691307\/","title":{"rendered":"Dur\u00edsimo ataque de Javier Tebas a Florentino P\u00e9rez: \u00abEl &#8216;ser no tan superior&#8217; tiene ya poca credibilidad para dar lecciones de f\u00fatbol\u00bb"},"content":{"rendered":"<p class=\"c-paragraph\">Nuevo cap\u00edtulo de la tensa relaci\u00f3n entre <a href=\"https:\/\/www.20minutos.es\/tags\/deportes\/javier-tebas.html\" title=\"Javier Tebas\" rel=\"nofollow noopener\" target=\"_blank\">Javier Tebas<\/a> y <a href=\"https:\/\/www.20minutos.es\/tags\/deportes\/florentino-perez.html\" title=\"Florentino P\u00e9rez\" rel=\"nofollow noopener\" target=\"_blank\">Florentino P\u00e9rez<\/a>: despu\u00e9s de que el <a href=\"https:\/\/www.20minutos.es\/tags\/deportes\/real-madrid.html\" title=\"Real Madrid\" rel=\"nofollow noopener\" target=\"_blank\">Real Madrid<\/a> celebrase en un comunicado oficial la decisi\u00f3n de la FIFA de dar marcha atr\u00e1s en su propuesta de vender una parte de los derechos comerciales del Mundial, el presidente de <a href=\"https:\/\/www.20minutos.es\/tags\/deportes\/laliga.html\" title=\"LaLiga\" rel=\"nofollow noopener\" target=\"_blank\">LaLiga<\/a> ha cargado contra el presidente del club blanco. <b>\u00abEl &#8216;ser no tan superior&#8217; tiene ya poca credibilidad para dar lecciones sobre el futuro del f\u00fatbol\u00bb<\/b>, expres\u00f3 el dirigente.<\/p>\n<p class=\"c-paragraph\">\u00abLa primera parte del comunicado del Real Madrid es impecable: la FIFA no puede disponer unilateralmente de los ingresos futuros del f\u00fatbol sin contar con los clubes, que son quienes soportan sus costes y riesgos. Por cierto, \u00bfpor qu\u00e9 ha tardado tanto en responder? \u00bfQu\u00e9 hac\u00eda Anas [Laghrari] en Nueva York durante la semana de la final? \u00bf<b>Y ser\u00e1 casualidad que, seg\u00fan parece, JP Morgan estuviera tambi\u00e9n en esta operaci\u00f3n, como ya ocurri\u00f3 con la Superliga?<\/b>\u00ab, se\u00f1al\u00f3 Tebas, en un mensaje en la red social X.<\/p>\n<p class=\"c-paragraph\">Este domingo, el Real Madrid valor\u00f3 \u00abmuy positivamente\u00bb la marcha atr\u00e1s de la FIFA en su decisi\u00f3n de vender parte del Mundial, asegurando que apropiarse de los ingresos del f\u00fatbol resulta \u00abinaceptable y no debe volver a plantearse jam\u00e1s\u00bb. En su comunicado, <b>compar\u00f3 la propuesta de Infantino con el acuerdo entre LaLiga y CVC<\/b>.<\/p>\n<p class=\"c-paragraph\">\u00abA partir del primer p\u00e1rrafo,<b> el Real Madrid vuelve a construir su relato sobre CVC<\/b>. La operaci\u00f3n fue voluntaria: cada club decidi\u00f3 libremente si se adher\u00eda. El Real Madrid no lo hizo, no est\u00e1 vinculado y no tiene comprometido ni un euro de sus ingresos. Fue una decisi\u00f3n adoptada por una amplia mayor\u00eda de los clubes, precisamente en ejercicio de la autonom\u00eda que el propio comunicado dice defender\u00bb, indic\u00f3 Tebas.<\/p>\n<p class=\"c-paragraph\">En este sentido, recalc\u00f3 que el club blanco cae en una contradicci\u00f3n: \u00abResulta bastante contradictorio que quien critica que otros clubes comprometan ingresos futuros haya ignorado ingresos del Bernab\u00e9u, haya dado entrada a un fondo durante 20 a\u00f1os en la explotaci\u00f3n de determinados negocios del estadio y lleve cerca de un a\u00f1o proponiendo f\u00f3rmulas para permitir la entrada de inversores en la propiedad del Real Madrid. La doctrina parece sencilla: <b>cuando lo decide libremente el Real Madrid, es modernizaci\u00f3n y estrategia financiera; cuando lo deciden libremente los dem\u00e1s clubes, es una hipoteca<\/b>\u00ab.<\/p>\n<p class=\"c-paragraph\">\u00abY, por cierto, <b>qu\u00e9 obsesi\u00f3n con LaLiga<\/b>. Quiz\u00e1 tenga algo que ver con ir perdiendo demandas y querellas una tras otra, a\u00f1o tras a\u00f1o, y con presentar denuncias que tampoco han conseguido \u00abaniquilar\u00bb a su presidente. <b>El &#8216;ser no tan superior&#8217; tiene ya poca credibilidad para dar lecciones sobre el futuro del f\u00fatbol<\/b>. \u00bfRecord\u00e1is cuando la Superliga ven\u00eda a salvarnos porque el f\u00fatbol estaba arruinado? Qu\u00e9 visi\u00f3n\u00bb, finaliz\u00f3.<\/p>\n","protected":false},"excerpt":{"rendered":"Nuevo cap\u00edtulo de la tensa relaci\u00f3n entre Javier Tebas y Florentino P\u00e9rez: despu\u00e9s de que el Real Madrid&hellip;\n","protected":false},"author":2,"featured_media":691308,"comment_status":"","ping_status":"","sticky":false,"template":"","format":"standard","meta":{"footnotes":""},"categories":[5],"tags":[17,18,25,24,13,14,14013,15510,282,11,653,288,19,20,1070,9,10,15,16,3048,23,12,21,22],"class_list":["post-691307","post","type-post","status-publish","format-standard","has-post-thumbnail","category-titulares","tag-breaking-news","tag-breakingnews","tag-es","tag-espana","tag-featured-news","tag-featurednews","tag-fifa","tag-florentino-perez","tag-futbol","tag-headlines","tag-javier-tebas","tag-laliga","tag-latest-news","tag-latestnews","tag-mundial","tag-news","tag-noticias","tag-noticias-destacadas","tag-noticiasdestacadas","tag-real-madrid","tag-spain","tag-titulares","tag-ultimas-noticias","tag-ultimasnoticias"],"share_on_mastodon":{"url":"https:\/\/pubeurope.com\/@es\/117029292220306313","error":""},"_links":{"self":[{"href":"https:\/\/www.europesays.com\/es\/wp-json\/wp\/v2\/posts\/691307","targetHints":{"allow":["GET"]}}],"collection":[{"href":"https:\/\/www.europesays.com\/es\/wp-json\/wp\/v2\/posts"}],"about":[{"href":"https:\/\/www.europesays.com\/es\/wp-json\/wp\/v2\/types\/post"}],"author":[{"embeddable":true,"href":"https:\/\/www.europesays.com\/es\/wp-json\/wp\/v2\/users\/2"}],"replies":[{"embeddable":true,"href":"https:\/\/www.europesays.com\/es\/wp-json\/wp\/v2\/comments?post=691307"}],"version-history":[{"count":0,"href":"https:\/\/www.europesays.com\/es\/wp-json\/wp\/v2\/posts\/691307\/revisions"}],"wp:featuredmedia":[{"embeddable":true,"href":"https:\/\/www.europesays.com\/es\/wp-json\/wp\/v2\/media\/691308"}],"wp:attachment":[{"href":"https:\/\/www.europesays.com\/es\/wp-json\/wp\/v2\/media?parent=691307"}],"wp:term":[{"taxonomy":"category","embeddable":true,"href":"https:\/\/www.europesays.com\/es\/wp-json\/wp\/v2\/categories?post=691307"},{"taxonomy":"post_tag","embeddable":true,"href":"https:\/\/www.europesays.com\/es\/wp-json\/wp\/v2\/tags?post=691307"}],"curies":[{"name":"wp","href":"https:\/\/api.w.org\/{rel}","templated":true}]}}