{"id":691421,"date":"2026-08-03T04:29:25","date_gmt":"2026-08-03T04:29:25","guid":{"rendered":"https:\/\/www.europesays.com\/es\/691421\/"},"modified":"2026-08-03T04:29:25","modified_gmt":"2026-08-03T04:29:25","slug":"loureiro-y-angelino-un-reencuentro-en-el-deportivo-macerado-durante-22-anos-eran-un-equipazo","status":"publish","type":"post","link":"https:\/\/www.europesays.com\/es\/691421\/","title":{"rendered":"Loureiro y Angeli\u00f1o, un reencuentro en el Deportivo macerado durante 22 a\u00f1os: \u00abEran un equipazo\u00bb"},"content":{"rendered":"<p class=\"ft-text\"><a class=\"ft-link ft-link--decoration\" href=\"https:\/\/www.laopinioncoruna.es\/deportivo\/2026\/07\/30\/deportivo-prepara-acuerdo-potro-silvan-132962037.html\" rel=\"nofollow noopener\" target=\"_blank\">Si nada se tuerce<\/a>, cuando <strong>Angeli\u00f1o <\/strong>entre el primer d\u00eda en el vestuario del <strong>Deportivo<\/strong>, hay una cara que le va a resultar conocida. Y no por verla en televisi\u00f3n o por seguir al equipo de su coraz\u00f3n en la distancia, sino por haber compartido equipo con \u00e9l, cuando ambos apenas levantaban un palmo del suelo. \u00abEran benjamines, pero la verdad es que ten\u00eda un equipazo, no me pod\u00eda quejar. <strong>Angeli\u00f1o, Miguel Loureiro, Santi Canedo (ex del Berganti\u00f1os y ahora entrenador de porteros del D\u00e9por Abanca)&#8230;<\/strong> Mira d\u00f3nde han llegado\u00bb, apunta entre risas y echando la vista atr\u00e1s <strong>Agust\u00edn Elduayen, <\/strong>exguardameta del club coru\u00f1\u00e9s. En la temporada 2004-05 era el entrenador del equipo m\u00e1s joven de las <strong>Escolas Luis Calvo de Carballo, <\/strong>ese sue\u00f1o de la <strong>familia Calvo, Jos\u00e9 Ram\u00f3n Torres Pichel y Luis Cend\u00e1n, <\/strong>que naci\u00f3 en 2001 y que tuvo hasta sus \u00faltimos d\u00edas de vida a<strong> Jos\u00e9 Luis Vara<\/strong> como buque insignia y coordinador. De hecho, el hist\u00f3rico futbolista blanquiazul llevaba personalmente algunos de los equipos alevines, a pesar de que estaba haciendo carrera en el f\u00fatbol s\u00e9nior. Por entonces, mostraba siempre un especial af\u00e1n por ense\u00f1arle a <strong>Angeli\u00f1o <\/strong>c\u00f3mo pegarle a la pelota y c\u00f3mo sacarle partido a esas condiciones innatas que siempre le han acompa\u00f1ado.<\/p>\n<p class=\"ft-text\">\u00abCasi todos estaban en edad benjam\u00edn. Entonces, era el equipo m\u00e1s peque\u00f1o de la escuela, ahora empiezan antes\u00bb, puntualiza <strong>Elduayen<\/strong>. \u00abEl \u00fanico que pillamos antes de la edad permitida fue a <strong>Angeli\u00f1o<\/strong>, que era uno menor (de 1997). Si se ven las fotos, se nota la diferencia de estatura y de cuerpo. Ten\u00edan todos mucho potencial. Hab\u00eda que corregirlos bastante al principio, lo normal cuando son peque\u00f1os, pero aprend\u00edan r\u00e1pido, eran inteligentes\u00bb. Mostraban aptitud y actitud en unas edades en las que son muy receptivos, pero el lateral de <strong>Coristanco <\/strong>iba casi siempre un paso por delante: \u00abEra el m\u00e1s listo de todos. Con siete, ocho o nueve a\u00f1os muchas veces, cuando llegan ante el portero, tiran al bulto o a lo que salga, pero \u00e9l nunca. O por arriba o a un lado. Lo ten\u00eda clar\u00edsimo\u00bb, cuenta de un futbolista que aunaba calidad y arrojo: no se amedrentaba ante nada ni ante nadie: \u00abJugamos un d\u00eda un partido ante el<strong> Brexo Lema<\/strong> y ten\u00edan un jugador muy f\u00edsico, muy grande para su edad. La verdad es que iban todos asustados a ese partido, menos <strong>Angeli\u00f1o<\/strong>\u00ab, recuerda con una sonrisa: \u00abFue a por \u00e9l, le iba a todos los duelos y, al final, hasta lo acabaron expulsando, siendo un benjam\u00edn. Ten\u00eda siempre ese car\u00e1cter, era muy competitivo\u00bb. <\/p>\n<p><img decoding=\"async\" src=\"https:\/\/www.europesays.com\/es\/wp-content\/uploads\/2026\/08\/0b53e9c7-50f5-4966-b135-4c9183bf5486_alta-libre-aspect-ratio_default_0_x220y164.jpg\" width=\"1200\" height=\"1342\" alt=\"Loureiro y Angeli\u00f1o, en la temporada 2004-04 en las Escolas Luis Calvo\" class=\"ft-helper-img-rd\" loading=\"lazy\" fetchpriority=\"auto\"\/><\/p>\n<p class=\"ft-helper-fontColor-quaternary ft-helper-fontSize-body-S ft-helper-spacer-t-xxs\">Loureiro y Angeli\u00f1o, en la temporada 2004-04 en las Escolas Luis Calvo  \/ CEDIDA<\/p>\n<p class=\"ft-text\"><strong>Angeli\u00f1o y Miguel Loureiro<\/strong> formaron parte de ese benjam\u00edn de la temporada 2004-05. Era por entonces una estructura reducida la que ten\u00eda las <strong>Escolas Luis Calvo, <\/strong>dependiente del <strong>Berganti\u00f1os<\/strong>. Tan solo cuatro equipos: dos benjamines y dos alevines. Entrenaban los martes y los viernes, donde dieron sus primeras patadas serias a un bal\u00f3n <strong>Miguel Loureiro y Jos\u00e9 \u00c1ngel Esmoris Tasende,<\/strong> <strong>Angeli\u00f1o<\/strong>. Fue un grupo que dio alegr\u00edas en forma de trofeos a ese experimento formativo de <strong>Carballo<\/strong>, ahora consolidado, aunque poco a poco algunos de esos jugadores buscaron nuevos horizontes.<\/p>\n<p class=\"ft-text\"><strong>Santi Canedo <\/strong>har\u00eda carrera en la base del <strong>Atl\u00e9tico de Madrid<\/strong> y del <strong>Sevilla <\/strong>antes de volver <strong>As Eiroas. <\/strong>El <strong>Deportivo <\/strong>reclut\u00f3 r\u00e1pido a <strong>Angeli\u00f1o <\/strong>y a<strong> Miguel Loureiro, <\/strong>aunque<strong> el lateral de Cerceda <\/strong>se tuvo que marchar del club blanquiazul por una enfermedad que le tuvo dos a\u00f1os parado, sin jugar. Rehizo su carrera en <strong>el Berganti\u00f1os, el Pontevedra o el C\u00f3rdoba, <\/strong>entre otros equipos, antes de volver regresar hace un a\u00f1o a<strong> A Coru\u00f1a.<\/strong> El zurdo de <strong>Silv\u00e1n <\/strong>estuvo m\u00e1s tiempo en <strong>Abegondo, <\/strong>hasta que en 2012 se lo llev\u00f3 el <strong>Manchester City. <\/strong>Ha jugado en algunos de los mejores equipos del <strong>viejo continente<\/strong> y lleg\u00f3 a disputar una semifinal de <strong>Champions<\/strong>, siendo uno de los mayores activos de aquel<strong> Red Bull Leipzig<\/strong>. A pesar de pisar los m\u00e1s renombrados tapetes de <strong>Europa<\/strong>, siempre quiso volver a casa. Parece que las realidades del<strong> Deportivo, Angeli\u00f1o y Miguel Loureiro <\/strong>se han alineado, pero todo comenz\u00f3 hace m\u00e1s de dos d\u00e9cadas en <strong>Carballo<\/strong>, bajo la atenta mirada de una leyenda como <strong>Jos\u00e9 Luis Vara<\/strong>.<\/p>\n","protected":false},"excerpt":{"rendered":"Si nada se tuerce, cuando Angeli\u00f1o entre el primer d\u00eda en el vestuario del Deportivo, hay una cara&hellip;\n","protected":false},"author":2,"featured_media":691422,"comment_status":"","ping_status":"","sticky":false,"template":"","format":"standard","meta":{"footnotes":""},"categories":[268],"tags":[40370,168,412,25,24,280,282,125124,125125,20070,281,23,167],"class_list":["post-691421","post","type-post","status-publish","format-standard","has-post-thumbnail","category-futbol","tag-angelino","tag-deportes","tag-deportivo","tag-es","tag-espana","tag-football","tag-futbol","tag-loureiro","tag-macerado","tag-reencuentro","tag-soccer","tag-spain","tag-sports"],"share_on_mastodon":{"url":"https:\/\/pubeurope.com\/@es\/117029698213764414","error":""},"_links":{"self":[{"href":"https:\/\/www.europesays.com\/es\/wp-json\/wp\/v2\/posts\/691421","targetHints":{"allow":["GET"]}}],"collection":[{"href":"https:\/\/www.europesays.com\/es\/wp-json\/wp\/v2\/posts"}],"about":[{"href":"https:\/\/www.europesays.com\/es\/wp-json\/wp\/v2\/types\/post"}],"author":[{"embeddable":true,"href":"https:\/\/www.europesays.com\/es\/wp-json\/wp\/v2\/users\/2"}],"replies":[{"embeddable":true,"href":"https:\/\/www.europesays.com\/es\/wp-json\/wp\/v2\/comments?post=691421"}],"version-history":[{"count":0,"href":"https:\/\/www.europesays.com\/es\/wp-json\/wp\/v2\/posts\/691421\/revisions"}],"wp:featuredmedia":[{"embeddable":true,"href":"https:\/\/www.europesays.com\/es\/wp-json\/wp\/v2\/media\/691422"}],"wp:attachment":[{"href":"https:\/\/www.europesays.com\/es\/wp-json\/wp\/v2\/media?parent=691421"}],"wp:term":[{"taxonomy":"category","embeddable":true,"href":"https:\/\/www.europesays.com\/es\/wp-json\/wp\/v2\/categories?post=691421"},{"taxonomy":"post_tag","embeddable":true,"href":"https:\/\/www.europesays.com\/es\/wp-json\/wp\/v2\/tags?post=691421"}],"curies":[{"name":"wp","href":"https:\/\/api.w.org\/{rel}","templated":true}]}}