{"id":691429,"date":"2026-08-03T04:36:12","date_gmt":"2026-08-03T04:36:12","guid":{"rendered":"https:\/\/www.europesays.com\/es\/691429\/"},"modified":"2026-08-03T04:36:12","modified_gmt":"2026-08-03T04:36:12","slug":"chris-froome-ganador-de-cuatro-tours-las-historias-de-dopaje-me-impactaron-sentia-decepcion-y-me-decia-donde-me-he-metido-ciclismo-deportes","status":"publish","type":"post","link":"https:\/\/www.europesays.com\/es\/691429\/","title":{"rendered":"Chris Froome, ganador de cuatro Tours: \u201cLas historias de dopaje me impactaron. Sent\u00eda decepci\u00f3n y me dec\u00eda: \u00bfD\u00f3nde me he metido?\u201d | Ciclismo | Deportes"},"content":{"rendered":"<p class=\"\">Nada m\u00e1s anunciar que colgaba la bicicleta, y cuatro a\u00f1os despu\u00e9s de su \u00faltimo Tour de Francia como ciclista, Chris Froome regres\u00f3 hace unas semanas a las carreteras de la Grande Boucle como embajador de la marca de coches Skoda. <a href=\"https:\/\/elpais.com\/diario\/2008\/07\/08\/deportes\/1215468005_850215.html\" target=\"_self\" rel=\"nofollow noopener\" title=\"https:\/\/elpais.com\/diario\/2008\/07\/08\/deportes\/1215468005_850215.html\">Cada ma\u00f1ana, el ya exciclista brit\u00e1nico nacido en Nairobi (Kenia), <\/a>sali\u00f3 a rodar con algunos invitados a partir de las 6:30, luego los llevaba a la zona de salida y viv\u00eda la etapa de la ronda francesa con ellos desde un veh\u00edculo. A sus 41 a\u00f1os, el brit\u00e1nico descubri\u00f3 otra faceta de la carrera que le dio todo, con cuatro victorias (2013, 2015, 2016, 2017), y fue testigo directo de la gesta del esloveno Tadej Pogacar y sus hist\u00f3ricos cinco Tours. Uno de esos d\u00edas, charla de su vida y de ciclismo con otro ex del pelot\u00f3n profesional,<a href=\"https:\/\/elpais.com\/deportes\/2009\/07\/03\/actualidad\/1246640400_1246645877.html\" target=\"_self\" rel=\"nofollow noopener\" title=\"https:\/\/elpais.com\/deportes\/2009\/07\/03\/actualidad\/1246640400_1246645877.html\"> el espa\u00f1ol Pedro Horrillo,<\/a> tambi\u00e9n embajador de la misma empresa.<\/p>\n<p class=\"\"><b>Pedro Horrillo.<\/b> Me gustar\u00eda empezar por tu primer recuerdo relacionado con la bicicleta. \u00bfC\u00f3mo fue la primera vez que montaste en una? Supongo que empezaste a pedalear cuando eras ni\u00f1o, \u00bfverdad?<\/p>\n<p class=\"\"><b>Chris Froome.<\/b> Mi primer recuerdo es de una bicicleta peque\u00f1a, parecida a las de BMX, tendr\u00eda cinco o seis a\u00f1os y estaba todo el d\u00eda por mi barrio en Nairobi haciendo saltos. \u00c1rboles, troncos ca\u00eddos\u2026 Feliz. Sol\u00eda \u200b\u200bsalir por los alrededores de mi casa para explorar. Conoc\u00eda gente y conversaba con ellos en suajili. Descubr\u00ed el mundo en bicicleta.<\/p>\n<p class=\"\"><b>P. H.<\/b> \u00bfTen\u00edas amigos negros y blancos, o solo estabas con los de tu raza? <\/p>\n<p class=\"\"><b>C. F.<\/b> S\u00ed, s\u00ed, negros y blancos; era un ambiente muy mezclado y la convivencia era buena en aquella \u00e9poca. No ve\u00edamos el color en Kenia; todo el mundo era simplemente una persona, pero a los 14 a\u00f1os, mis padres se divorciaron y fui con mi padre a Sud\u00e1frica. All\u00ed fue donde sent\u00ed por primera vez la sensaci\u00f3n real de la divisi\u00f3n entre negros y blancos, la diferencia y la tensi\u00f3n. Para m\u00ed, viniendo de Kenia, fue muy extra\u00f1o, porque all\u00ed conviv\u00eda con muchas personas negras y nunca hab\u00eda tenido esa sensaci\u00f3n. Pero al llegar a Sud\u00e1frica, sent\u00ed algo&#8230; algo que me incomodaba. Sent\u00eda que la gente me miraba como si ya les cayera mal, aunque no me conocieran de nada; era por el color de mi piel, y eso resultaba una sensaci\u00f3n extra\u00f1a. <\/p>\n<p class=\"\"><b>P. H.<\/b> Resulta curioso, porque al pensar en un pa\u00eds africano de poblaci\u00f3n negra, no s\u00e9 por qu\u00e9 tenemos la idea de que esto es algo com\u00fan en toda \u00c1frica.<\/p>\n<p class=\"\"><b>C. F.<\/b> En Kenia era al rev\u00e9s, ve\u00eda que los ni\u00f1os sent\u00edan miedo al verme. Ni\u00f1os muy peque\u00f1os con los ojos muy abiertos, quiz\u00e1 porque en algunos lugares nunca hab\u00edan visto a una persona blanca antes. Y se avisaban unos a otros gritando mzungu, mzungu, que significa algo as\u00ed como persona blanca.<\/p>\n<p class=\"\"><b>P. H.<\/b> Me pas\u00f3 lo mismo cuando entrenaba en Etiop\u00eda antes de La Vuelta. Entrenaba en una zona que no era tur\u00edstica. As\u00ed que, en los pueblos peque\u00f1os, los ni\u00f1os nunca hab\u00edan visto a una persona blanca. Y se quedaban impresionados. Me gritaban: Faranji, faranji. Y luego, no s\u00e9 si te pas\u00f3 lo mismo, pero a m\u00ed me ocurr\u00eda a menudo: si paraba en un sitio peque\u00f1o a comprar una Coca-Cola o algo as\u00ed, a veces se me acercaban ni\u00f1os y me tocaban el pelo. Nunca hab\u00edan visto ese tipo de pelo antes.<\/p>\n<p class=\"\"><b>P. H. <\/b>\u00bfEmpezaste con el ciclismo de competici\u00f3n en Sud\u00e1frica?<\/p>\n<p class=\"\"><b>C. F.<\/b> Cuando iba a la escuela en Sud\u00e1frica, vi que el ciclismo era m\u00e1s que simplemente gente montando en bici; que pod\u00edas coger tu bicicleta y participar en un evento, excursiones en bicicleta de hasta 1.000 personas. Eran por carretera, pero yo solo ten\u00eda una bici de monta\u00f1a, y as\u00ed y todo terminaba la carrera a la par de mucha gente que llevaba bicicletas de carretera estupendas, y eso me motiv\u00f3 much\u00edsimo. Fue tambi\u00e9n por esa \u00e9poca \u2014tendr\u00eda unos 15 o 16 a\u00f1os\u2014 cuando vi el Tour de Francia por primera vez&#8230;<\/p>\n<p class=\"\"><b>P. H.<\/b> Era la \u00e9poca de Armstrong. Cuando yo corr\u00eda tambi\u00e9n, all\u00e1 por 1999\u2026<\/p>\n<p class=\"\"><b>C. F.<\/b> Creo que vi un a\u00f1o con Ullrich y al siguiente fue con Basso. Y Beloki\u2026<a href=\"https:\/\/elpais.com\/deportes\/2003\/07\/14\/actualidad\/1058167312_850215.html\" target=\"_self\" rel=\"nofollow noopener\" title=\"https:\/\/elpais.com\/deportes\/2003\/07\/14\/actualidad\/1058167312_850215.html\"> Estaba vi\u00e9ndolo en directo cuando Beloki sufri\u00f3 aquella ca\u00edda\u2026<\/a><\/p>\n<p class=\"\"><b>P. H.<\/b> En aquel entonces, si alguien te hubiera dicho que ganar\u00edas esta carrera cuatro veces en tu vida&#8230;<\/p>\n<p class=\"\"><b>C. F.<\/b> Jam\u00e1s, jam\u00e1s, jam\u00e1s, jam\u00e1s, jam\u00e1s\u2026 Cuando vi el Tour, pens\u00e9: \u201cHar\u00eda cualquier cosa ahora, todo lo que est\u00e9 a mi alcance, para llegar a esta carrera. Quiero estar all\u00ed\u201d. Al ver las monta\u00f1as, toda la gente, todo aquello&#8230; Pensaba: \u201cQuiero hacer esto\u201d. Ah\u00ed fue realmente donde naci\u00f3 el sue\u00f1o para m\u00ed. Pero cuando logr\u00e9 pasar a profesionales a los 24 o 25 a\u00f1os con el equipo Barloworld, mi sue\u00f1o era ganar una etapa de monta\u00f1a en el Tour&#8230; <\/p>\n<p class=\"\"><b>P. H.<\/b> Ya sab\u00edas que eras bueno escalando.<\/p>\n<p class=\"\"><b>C. F.<\/b> Ten\u00eda un ritmo constante, como un motor di\u00e9sel, pero nada de sprint. As\u00ed que, desde el momento en que empec\u00e9 a ver el Tour, pens\u00e9: \u201cSi alg\u00fan d\u00eda logro llegar all\u00ed, ser\u00eda incre\u00edble\u201d. Pero luego, al hacerme profesional, me dije: \u201cVale, ahora quiero correr el Tour alg\u00fan d\u00eda y ganar una etapa de monta\u00f1a\u201d. Ese pod\u00eda ser mi objetivo profesional. Pero, por supuesto, eso cambi\u00f3. Cuando me un\u00ed al Team Sky en 2010 o 2011, me asignaron la tarea de cuidar a Wiggins en la monta\u00f1a, de estar a su lado. Y, mientras cumpl\u00eda esa labor, en un momento dado mir\u00e9 hacia atr\u00e1s y vi que quedaban menos de diez corredores en cabeza. Empiezo a pensar de forma natural, empiezo a pensar: \u201cAh, si aqu\u00ed solo hay diez corredores, hay muchos l\u00edderes que se han quedado atr\u00e1s, y quiz\u00e1 tambi\u00e9n pueda disputar la clasificaci\u00f3n general, ya que soy fuerte tanto en la contrarreloj como en la monta\u00f1a\u201d. As\u00ed que pens\u00e9: \u00abTal vez, tal vez, tal vez sea posible\u201d. Y fue entonces cuando empec\u00e9 a plantearme el objetivo de luchar por la clasificaci\u00f3n general.<\/p>\n<p class=\"\"><b>P. H.<\/b> Pero antes descubriste el ciclismo profesional en el Barloworld y aunque nunca nos dimos cuenta, hemos corrido juntos en varias ocasiones.<\/p>\n<p class=\"\"><b>C. F.<\/b> <a href=\"https:\/\/elpais.com\/diario\/2009\/05\/17\/deportes\/1242511212_850215.html\" target=\"_self\" rel=\"nofollow noopener\" title=\"https:\/\/elpais.com\/diario\/2009\/05\/17\/deportes\/1242511212_850215.html\">Ahora recuerdo tu ca\u00edda en el Giro de 2009.<\/a> Pas\u00e9 por donde estaba tu bicicleta cuando estaba all\u00ed, al borde de la carretera. No te conoc\u00eda y no sab\u00eda qu\u00e9 pasaba, pero recuerdo haber visto la bicicleta y a gente all\u00ed de pie, pero ning\u00fan ciclista. No sab\u00eda lo que hab\u00eda pasado.<\/p>\n<p class=\"\"><b>P. H.<\/b> Yo no lo sab\u00eda porque estaba tirado en el fondo del barranco. Luego me contaron que el primer veh\u00edculo que lleg\u00f3 a la curva fue la moto de Graham Watson. Se detuvo justo para apartar la bicicleta del medio de la carretera porque ven\u00edan muchos grupos de ciclistas. La primera persona que se dio cuenta de lo que me hab\u00eda pasado era un masajista que estaba abajo, al pie del puerto, con las bolsas de avituallamiento. Pasaron todos y vio que a\u00fan le quedaba una bolsa. Se qued\u00f3 extra\u00f1ado y pregunt\u00f3: \u201c\u00bfQui\u00e9n falta por llegar?\u201c. Y llam\u00f3 al director. \u201dOye, \u00bfqu\u00e9 pas\u00f3 con Pedro?\u201c. \u201dJoder, lo estamos buscando\u00bb. No recordaba que estuvieras all\u00ed. \u00bfAs\u00ed que esa fue tu primera gran vuelta?<\/p>\n<p class=\"\"><b>C. F.<\/b><a href=\"https:\/\/elpais.com\/diario\/2008\/07\/28\/portada\/1217196008_850215.html\" target=\"_self\" rel=\"nofollow noopener\" title=\"https:\/\/elpais.com\/diario\/2008\/07\/28\/portada\/1217196008_850215.html\"> No, hab\u00eda hecho el Tour de 2008, el que gan\u00f3 Carlos Sastre.<\/a> Fue un a\u00f1o muy dif\u00edcil para m\u00ed. Estaba corriendo la Vuelta a Asturias en mayo cuando muri\u00f3 mi madre. Ten\u00eda c\u00e1ncer y estaba recibiendo quimioterapia, y simplemente se le par\u00f3 el coraz\u00f3n. As\u00ed que abandon\u00e9 la carrera y volv\u00ed a Kenia para estar con mi familia unos 10 d\u00edas. All\u00ed me llam\u00f3 el director del equipo, Claudio Corti. \u201cAh, Chris, s\u00ed&#8230;\u201d, b\u00e1sicamente para ver c\u00f3mo estaba y todo eso. Y al final de la llamada me dijo: \u00abVale, tenemos buenas noticias para ti\u00bb. Queremos que vayas al Tour de Francia. Yo estaba en plan: \u201cGuau, Claudio, yo&#8230;\u201d. Llevaba casi dos semanas sin tocar la bici, pero en cuanto me lo dijo, recuerdo que ten\u00eda seis d\u00edas para entrenar. Hice seis horas diarias durante seis d\u00edas. Y el s\u00e9ptimo d\u00eda vol\u00e9 hacia el inicio del Tour.<\/p>\n<p class=\"\"><b>P. H.<\/b> Pero quer\u00edas hacerlo, \u00bfno?<\/p>\n<p class=\"\"><b>C. F.<\/b> Era mi sue\u00f1o. Ahora, a\u00f1os despu\u00e9s, me digo: \u201cJoder, en qu\u00e9 condiciones fui al Tour\u201d, pero realmente quer\u00eda hacerlo en memoria de mi madre; que ella estuviera orgullosa de que aprovechara esa oportunidad y diera el m\u00e1ximo. Fue un Tour realmente loco, porque fue el de Saunier Duval y Riccardo Ricc\u00f2, y todas las operaciones de dopaje. Recuerdo una subida en particular. Ataqu\u00e9 al pie de la subida, iba en cabeza\u2026 creo que era la subida final de la etapa. Y recuerdo un momento en el que Ricc\u00f2 me adelant\u00f3 con el plato grande; hab\u00eda atacado desde el pelot\u00f3n y pas\u00f3 volando a mi lado como un cohete&#8230; Me qued\u00e9 pensando: \u201cGuau, esto es otra velocidad, otro nivel\u201d. Y luego la carrera sigui\u00f3, sigui\u00f3 y sigui\u00f3. Y entonces, en un momento dado, sacaron<a href=\"https:\/\/elpais.com\/diario\/2008\/07\/19\/deportes\/1216418401_850215.html\" target=\"_self\" rel=\"nofollow noopener\" title=\"https:\/\/elpais.com\/diario\/2008\/07\/19\/deportes\/1216418401_850215.html\"> a mi compa\u00f1ero Due\u00f1as del equipo y lo enviaron a casa. <\/a>Una ma\u00f1ana nos despertamos en el hotel, fuimos a desayunar y hab\u00eda&#8230; no s\u00e9, quiz\u00e1 30 polic\u00edas dentro del hotel, por todas partes. Hab\u00eda polic\u00eda por todos lados durante el desayuno. Yo pensaba: \u201c\u00bfQu\u00e9 est\u00e1 pasando?\u201c. Y poco despu\u00e9s vi a Due\u00f1as esposado. Y yo estaba en plan: \u201d\u00bfQu\u00e9 carajo&#8230;?\u201c. Era una locura. \u201d\u00bfEn qu\u00e9 deporte me he metido?\u201c. Esto fue despu\u00e9s de la \u00e9poca de Armstrong, y pens\u00e9: \u201d\u00bfY ahora esto?\u201c. Pensaba que esa etapa ya hab\u00eda terminado. Yo ven\u00eda de Kenia sin saber casi nada y llegu\u00e9 directamente al Tour de Francia. Y todas esas grandes historias de dopaje fueron un verdadero impacto para m\u00ed. Me sent\u00eda casi decepcionado. \u201d\u00bfQu\u00e9 deporte he elegido?\u201c.<\/p>\n<p class=\"\"><b>P. H.<\/b> Es muy interesante lo que me cuentas sobre llegar a un mundo que para ti es un sue\u00f1o. Las cosas ocultas que no quieres ver, que no quieres seguir. A veces me siento muy mal cuando alguien viene a hablar conmigo y me pregunta cosas sobre el dopaje. Cuando s\u00e9 tanto sobre ciclismo, tantas cosas interesantes, y tengo tantas experiencias interesantes, porque las tengo. As\u00ed que el tema del dopaje no es algo de lo que hable en mi vida cotidiana, como quien habla de astrof\u00edsica, \u00bfno?<\/p>\n<p class=\"\"><b>C. F.<\/b> Bueno, una cosa era Saunier Duval, Rico, Bernhard Kohl, Schumacher\u2026, todos esos tipos. Pero fue a\u00fan m\u00e1s impactante ver a mi compa\u00f1ero de equipo, que era un buen tipo; siempre hab\u00eda sido un buen tipo. Y no me cab\u00eda en la cabeza que alguien as\u00ed pudiera hacer algo semejante. Me daba vueltas la cabeza; era muy extra\u00f1o. No lograba entender c\u00f3mo era posible. Era el tipo que se sentaba justo a mi lado en el autob\u00fas, un buen tipo. Y no lo entend\u00eda: \u00bfc\u00f3mo puede un buen tipo hacer trampas? Fue algo realmente dif\u00edcil para m\u00ed.<\/p>\n<p class=\"\"><b>P. H.<\/b> D\u00e9jame volver a tus inicios. Despu\u00e9s de esa experiencia que me contaste en el Team Sky, empezaste a creer m\u00e1s en ti mismo y a confiar en tus propias capacidades, y te encontraste con Wiggins.<\/p>\n<p class=\"\"><b>C. F.<\/b> Fue un momento realmente dif\u00edcil porque, en esa Vuelta de 2011, cuando me pidieron que trabajara para Bradley, me di cuenta de que yo estaba m\u00e1s fuerte que \u00e9l. <a href=\"https:\/\/elpais.com\/deportes\/2011\/09\/05\/actualidad\/1315207325_850215.html\" target=\"_self\" rel=\"nofollow noopener\" title=\"https:\/\/elpais.com\/deportes\/2011\/09\/05\/actualidad\/1315207325_850215.html\">En la contrarreloj de Salamanca me puse el maillot rojo.<\/a> Al d\u00eda siguiente, el equipo me dijo: \u201cVale, has hecho un gran trabajo, ahora llevas el rojo, pero en el final de hoy tienes que volver a tirar para Bradley\u201d. Hice lo que me pidieron: tir\u00e9, tir\u00e9 y tir\u00e9 durante casi 10 kil\u00f3metros, creo. Era el l\u00edder de la carrera y estuve tirando para Bradley durante mucho tiempo. Y al final, estaba fundido. As\u00ed que \u00e9l se qued\u00f3 con el maillot rojo. Lo mantuvo unos d\u00edas, pero yo estaba muy cerca, a 20 segundos o algo as\u00ed, y en el Angliru, Cobo atac\u00f3; iba tercero en la general. Atac\u00f3 en la parte baja y yo iba escuchando las diferencias: 20 segundos, 30 segundos, 40 segundos&#8230; Bradley me ped\u00eda que me quedara con \u00e9l, que siguiera a su ritmo, pero Cobo estaba arrebat\u00e1ndole el maillot rojo. En un momento dado dije: \u201cVale, no puedo; ya no hay nada que pueda hacer. La subida es demasiado empinada, ya no puedo marcar el ritmo para Bradley. Es el momento\u201d. As\u00ed que arranqu\u00e9 para intentar alcanzar a Cobo. No logr\u00e9 atraparlo, pero recort\u00e9 la diferencia y llegamos a Madrid: Cobo primero con 14 segundos de ventaja, yo segundo y Bradley tercero. Sin embargo, en el Angliru, Bradley revent\u00f3 en la subida empinada. Pero nueve a\u00f1os despu\u00e9s \u2014estaba en el hospital tras mi ca\u00edda de 2019\u2014 me llamaron y me dijeron: \u201cQueremos comunicarte que has ganado la Vuelta, porque Cobo tuvo problemas con su pasaporte biol\u00f3gico de 2011 y le han retirado la victoria\u201d. Fue una experiencia realmente extra\u00f1a. Estaba en el hospital, con la pierna completamente rota y todo eso, y de repente te llaman y te dicen: \u201cEnhorabuena, acabas de ganar la Vuelta\u201d. Fue un momento muy peculiar.<\/p>\n<p class=\"\"><b>P. H.<\/b> S\u00ed, qu\u00e9 sensaci\u00f3n.<\/p>\n<p class=\"\"><b>C. F.<\/b> Aquella Vuelta fue lo que realmente me dio la confianza para hablar con el equipo. Era mi \u00faltimo a\u00f1o con Sky y no ten\u00eda ning\u00fan compromiso por su parte de renovarme. Despu\u00e9s de la Vuelta, 15 equipos me quer\u00edan fichar, pero el Team Sky, al ser un equipo brit\u00e1nico, me convenci\u00f3: \u201cVale, si te quedas aqu\u00ed, tendr\u00e1s la oportunidad de ser l\u00edder en el Tour de Francia\u201d. Y esa fue la raz\u00f3n. De hecho, en 2012 tuve problemas con Bradley en el Tour porque el equipo me hab\u00eda dicho: \u201cS\u00ed, tienes la oportunidad de ser l\u00edder\u201d. Pero al llegar al Tour, Bradley era el \u00fanico l\u00edder. As\u00ed que yo buscaba momentos en los que pudiera intentar marcar el ritmo de la carrera tambi\u00e9n. Pero al final, acept\u00e9 esperar un a\u00f1o m\u00e1s, hasta 2013, para tener mi propia oportunidad. As\u00ed que en 2012 hice el trabajo que quer\u00edan que hiciera. Qued\u00e9 segundo en el Tour; Bradley fue primero y yo segundo. Y luego, en 2013, tuve mi propia oportunidad de correr.<\/p>\n<p class=\"\"><b>P. H.<\/b> Recuerdo ese a\u00f1o vi\u00e9ndote trabajar para Brad y notando que estabas m\u00e1s fuerte que \u00e9l. Pero erais tipos de ciclistas diferentes, con capacidades distintas.<\/p>\n<p class=\"\"><b>C. F.<\/b> Yo era mucho m\u00e1s fuerte en las subidas; \u00e9l, en las contrarrelojes. Pero en las subidas me quedaba con \u00e9l. No atacaba; simplemente rodaba a su ritmo. Cuando \u00e9l me dec\u00eda \u201cvale, suave\u201d, yo bajaba el ritmo, me quedaba con \u00e9l y cumpl\u00eda mi labor hasta la meta. Siempre lleg\u00e1bamos juntos a la meta. Pero sent\u00eda que, sin duda, podr\u00eda haber apretado mucho m\u00e1s en las subidas. Creo que todav\u00eda era joven. Me dije: \u201cVale, har\u00e9 el trabajo ahora, pero el a\u00f1o que viene quiero tener libertad para correr\u201d.<\/p>\n<p class=\"\"><b>P. H.<\/b> Siento que ahora, si eres capaz de alcanzar ciertos vatios por kilo, ya es suficiente. Te conviertes en el l\u00edder; asumes ese papel de l\u00edder, aunque solo tengas 19 a\u00f1os, como Seixas. Pero yo nunca controlaba los vatios por kilo, as\u00ed que no s\u00e9 nada al respecto. <\/p>\n<p class=\"\"><b>C. F.<\/b> Com\u00edamos cuando ten\u00edamos hambre y beb\u00edamos cuando ten\u00edamos sed, y ya est\u00e1. Pero en el Giro de 2018 empezamos a contar de verdad cu\u00e1nto com\u00edamos, los carbohidratos y todo eso. <\/p>\n<p class=\"\"><b>P. H.<\/b> En mi \u00e9poca todo se basaba en las sensaciones. As\u00ed que sab\u00eda de qu\u00e9 era capaz, pero luego reventaba a mitad de camino. <\/p>\n<p class=\"\"><b>C. F.<\/b> Ser\u00e9 sincero contigo, Pedro. Creo que mucha gente pensaba que siempre estaba mirando el ciclocomputador, pero es simplemente mi postura. Creo que mi espalda tiende a esa posici\u00f3n de forma natural; as\u00ed que, aunque el aparato no estuviera ah\u00ed, mantendr\u00eda la misma postura. Llevo la mirada baja. Y creo que la gente pensaba: \u201cAh, est\u00e1 mirando el ciclocomputador\u201d. Pero, sinceramente, corr\u00eda m\u00e1s gui\u00e1ndome por las sensaciones que por los vatios.<\/p>\n<p class=\"\"><b>P. H.<\/b> Te retiras sin haber conseguido finalmente ganar el quinto Tour\u2026 <\/p>\n<p class=\"\"><b>C. F.<\/b> <a href=\"https:\/\/elpais.com\/deportes\/2019\/06\/12\/actualidad\/1560341670_103510.html\" target=\"_self\" rel=\"nofollow noopener\" title=\"https:\/\/elpais.com\/deportes\/2019\/06\/12\/actualidad\/1560341670_103510.html\">Me ca\u00ed reconociendo la contrarreloj de la Dauphin\u00e9 de 2019. <\/a>Sinceramente, estaba en mi mejor forma en a\u00f1os. Me sent\u00eda genial\u2026 Pero seguramente podr\u00eda haber ganado el quinto el a\u00f1o anterior si no hubiera participado en el Giro, pero entonces no habr\u00eda ganado el Giro. As\u00ed son las cosas. <\/p>\n<p class=\"\"><b>P. H.<\/b> Y te despides casi an\u00f3nimamente, sin anuncio oficial ni nada\u2026<\/p>\n<p class=\"\"><b>C. F.<\/b> Esperaba poder correr una \u00faltima carrera y despedirme, pero en agosto me dio un golpe un coche. Estuve entrando y saliendo del hospital hasta mediados de enero. E incluso cuando volv\u00ed a casa, despu\u00e9s de cinco meses de operaciones y hospitalizaciones, tard\u00e9 hasta abril o mayo en recuperarme del todo y dejar la medicaci\u00f3n. Estaba centrado en mi recuperaci\u00f3n y en pasar tiempo con mi familia. Hab\u00eda aceptado participar en el Tour con Skoda, y ni siquiera hice ning\u00fan anuncio. Cuando sucede algo as\u00ed, y te explican la gravedad, que podr\u00eda haber terminado de cualquier manera\u2026 Tengo suerte de estar vivo. <\/p>\n","protected":false},"excerpt":{"rendered":"Nada m\u00e1s anunciar que colgaba la bicicleta, y cuatro a\u00f1os despu\u00e9s de su \u00faltimo Tour de Francia como&hellip;\n","protected":false},"author":2,"featured_media":691430,"comment_status":"","ping_status":"","sticky":false,"template":"","format":"standard","meta":{"footnotes":""},"categories":[93],"tags":[50680,2839,123245,313,2838,1540,168,927,16580,25,24,89998,23,167,2322],"class_list":["post-691429","post","type-post","status-publish","format-standard","has-post-thumbnail","category-deportes","tag-bradley-wiggins","tag-carreras-ciclistas","tag-christopher-froome","tag-ciclismo","tag-ciclistas","tag-competiciones","tag-deportes","tag-deportistas","tag-dopaje","tag-es","tag-espana","tag-pedro-horrillo","tag-spain","tag-sports","tag-tour-francia"],"share_on_mastodon":{"url":"","error":""},"_links":{"self":[{"href":"https:\/\/www.europesays.com\/es\/wp-json\/wp\/v2\/posts\/691429","targetHints":{"allow":["GET"]}}],"collection":[{"href":"https:\/\/www.europesays.com\/es\/wp-json\/wp\/v2\/posts"}],"about":[{"href":"https:\/\/www.europesays.com\/es\/wp-json\/wp\/v2\/types\/post"}],"author":[{"embeddable":true,"href":"https:\/\/www.europesays.com\/es\/wp-json\/wp\/v2\/users\/2"}],"replies":[{"embeddable":true,"href":"https:\/\/www.europesays.com\/es\/wp-json\/wp\/v2\/comments?post=691429"}],"version-history":[{"count":0,"href":"https:\/\/www.europesays.com\/es\/wp-json\/wp\/v2\/posts\/691429\/revisions"}],"wp:featuredmedia":[{"embeddable":true,"href":"https:\/\/www.europesays.com\/es\/wp-json\/wp\/v2\/media\/691430"}],"wp:attachment":[{"href":"https:\/\/www.europesays.com\/es\/wp-json\/wp\/v2\/media?parent=691429"}],"wp:term":[{"taxonomy":"category","embeddable":true,"href":"https:\/\/www.europesays.com\/es\/wp-json\/wp\/v2\/categories?post=691429"},{"taxonomy":"post_tag","embeddable":true,"href":"https:\/\/www.europesays.com\/es\/wp-json\/wp\/v2\/tags?post=691429"}],"curies":[{"name":"wp","href":"https:\/\/api.w.org\/{rel}","templated":true}]}}