{"id":691469,"date":"2026-08-03T05:08:11","date_gmt":"2026-08-03T05:08:11","guid":{"rendered":"https:\/\/www.europesays.com\/es\/691469\/"},"modified":"2026-08-03T05:08:11","modified_gmt":"2026-08-03T05:08:11","slug":"un-curso-politico-accidentado-para-ayuso-desde-el-viaje-a-mexico-hasta-el-atico-pasando-por-las-facturas-a-quiron-de-su-novio-noticias-de-madrid","status":"publish","type":"post","link":"https:\/\/www.europesays.com\/es\/691469\/","title":{"rendered":"Un curso pol\u00edtico accidentado para Ayuso: desde el viaje a M\u00e9xico hasta el \u00e1tico, pasando por las facturas a Quir\u00f3n de su novio | Noticias de Madrid"},"content":{"rendered":"<p class=\"\">Isabel D\u00edaz Ayuso ha desperdiciado este domingo una nueva oportunidad para explicar los motivos que llevaron a su Gobierno a comprar <a href=\"https:\/\/elpais.com\/espana\/madrid\/2026-06-18\/miguel-angel-rodriguez-lanza-un-nuevo-bulo-en-defensa-de-ayuso-y-su-pareja.html\" target=\"_self\" rel=\"nofollow noopener\" title=\"https:\/\/elpais.com\/espana\/madrid\/2026-06-18\/miguel-angel-rodriguez-lanza-un-nuevo-bulo-en-defensa-de-ayuso-y-su-pareja.html\">un \u00e1tico de lujo en el barrio de Chamber\u00ed<\/a> para instalar all\u00ed su oficina dentro de unos meses, cuando se llevar\u00e1n a cabo unas obras de remodelaci\u00f3n en la sede de Sol. El problema, entre otros, es que ese edificio no admite ese uso. La operaci\u00f3n ha estado rodeado de una enorme opacidad al no conocerse el expediente en el que debe figurar el precio de compra, el uso previsto y la justificaci\u00f3n de por qu\u00e9 se eligi\u00f3 precisamente esa propiedad.<\/p>\n<p class=\"\">El esc\u00e1ndalo, revelado por EL PA\u00cdS, ha puesto en apuros a Ayuso y a su equipo, que cuatro d\u00edas despu\u00e9s contin\u00faan sin dar explicaciones de un asunto que ha descolodado a todos, desde la oposici\u00f3n a su propio partido. Por primera vez desde que est\u00e1 en el poder, la presidenta parece haber perdido la iniciativa en <a href=\"https:\/\/elpais.com\/espana\/madrid\/2026-07-31\/la-pareja-de-ayuso-tambien-ha-puesto-en-venta-su-atico-en-chamberi-por-16-millones-de-euros.html\" target=\"_self\" rel=\"nofollow noopener\" title=\"https:\/\/elpais.com\/espana\/madrid\/2026-07-31\/la-pareja-de-ayuso-tambien-ha-puesto-en-venta-su-atico-en-chamberi-por-16-millones-de-euros.html\">una crisis reputacional<\/a>. Este domingo ha ido a Pelayos de la Presa, uno de los municipios m\u00e1s perjudicados por los incendios, y all\u00ed le ha dicho a los periodistas que el \u00e1tico est\u00e1 en venta, junto a otros tres inmuebles en Gran V\u00eda, y que con el dinero que se recaude, que ha cifrado entre 20 y 22 millones, se va a reforzar \u201cla reconstrucci\u00f3n en la sierra Oeste\u201d. <\/p>\n<p class=\"\">La presidenta ha venido a repetir lo mismo que el mi\u00e9rcoles, cuando compareci\u00f3 despu\u00e9s de un consejo de Gobierno y tuvo que enfrentarse al hecho de que ya se supiera que su Gobierno hab\u00eda comprado un \u00e1tico a trav\u00e9s de una empresa p\u00fablica y sin haberlo anunciado ni explicado a los ciudadanos. Ahora, vuelve a referirse al asunto, pero sin entrar en detalles. Se escuda en que est\u00e1 atendiendo los incendios que devastado miles de hect\u00e1reas en Madrid, pero la realidad tambi\u00e9n es que cedi\u00f3 el mando de ese operativo al Gobierno central. <\/p>\n<p class=\"\">Ayuso ha preferido hablar de Ceuta, donde en d\u00edas atr\u00e1s 50.000 personas procedentes de Marruecos entraron a la fuerza. Ha sido muy cr\u00edtica con Pedro S\u00e1nchez, el presidente, al que ha criticado por el manejo de esta crisis.\u201cNo s\u00e9 si podemos contar con ayuda exterior, porque cada vez Espa\u00f1a est\u00e1 m\u00e1s aislada y nos hemos enemistado con todos los pa\u00edses occidentales que tienen pulso\u201d, ha lamentado. A continuaci\u00f3n, ha pedido explicaciones a S\u00e1nchez, auque ella misma no las haya dado: \u201cQuisiera saber por qu\u00e9 el presidente del Gobierno la da las gracias a Marruecos. Ya lo que nos faltaba\u201d. <\/p>\n<p class=\"\">Llueven chuzos de punta sobre la presidenta, atrapada en este asunto del \u00e1tico. Y bien lo saben el Sol, la sede. Miguel \u00c1ngel Rodr\u00edguez, su jefe de Gabinete, su principal asesor y escudero, el que se ocupa de las crisis de este tipo, ha escrito hoy en X: \u201cTodos esos que gritan por un \u00e1tico est\u00e1n de vacaciones. No les veo recorrer como D\u00edaz Ayuso los pueblos devastados. La Comunidad de Madrid trabaja en la reconstrucci\u00f3n y los que gritan desean la destrucci\u00f3n. Ella recorre los pueblos; S\u00e1nchez no puede salir de su palacio blindado\u201d.<\/p>\n<p class=\"\">No ha sido un buen medio a\u00f1o para la presidenta. El degaste de la Moncloa por los casos de corrupci\u00f3n que han rodeado al PSOE y a alguno de sus ministros deber\u00eda haber despejado el camino para Ayuso, que durante estos a\u00f1os ha ejercido de principal figura de la oposici\u00f3n, incluso por delante de su jefe de partido, Alberto N\u00fa\u00f1ez Feij\u00f3o. Pero se ha enredado en una serie de asuntos que la han dejado mal parada en t\u00e9rminos de imagen. En algunos de esos problemas se ha metido ella sola, como el viaje a M\u00e9xico.<\/p>\n<p class=\"\">Ayuso realiz\u00f3 un viaje institucional a M\u00e9xico en mayo. All\u00ed demostr\u00f3 un profundo desconocimiento de la historia de ese pa\u00eds y su sensibilidad particular. Fue enormemente criticada, dentro y fuera, a izquierda y derecha, y regres\u00f3 a Espa\u00f1a de forma abrupta aludiendo a unos problemas de seguridad que no resultaban creibles. En junio, este peri\u00f3dico sac\u00f3 a la luz <a href=\"https:\/\/elpais.com\/espana\/madrid\/2026-06-18\/miguel-angel-rodriguez-lanza-un-nuevo-bulo-en-defensa-de-ayuso-y-su-pareja.html\" target=\"_self\" rel=\"nofollow noopener\" title=\"https:\/\/elpais.com\/espana\/madrid\/2026-06-18\/miguel-angel-rodriguez-lanza-un-nuevo-bulo-en-defensa-de-ayuso-y-su-pareja.html\">un informe de Hacienda que detallaba<\/a> los m\u00e1s de cuatro millones que factur\u00f3 su novio a Quir\u00f3n, uno de los principales contratistas del Gobierno regional, durante sus primeros a\u00f1os de noviazgo. <\/p>\n<p class=\"\">Esta revelaci\u00f3n se produjo por una investigaci\u00f3n judicial que hay en marcha contra Amador. En t\u00e9rminos pol\u00edticos y comunicativos no puede considerarse un error directo de Ayuso, que no ten\u00eda c\u00f3mo evitarli. Sin embargo, el de que su Gobierno haya comprado un \u00e1tico sin explicaci\u00f3n alguna s\u00ed es atribuible directamente a ella y su gente. Y que lo haya hecho en Chamber\u00ed, precisamente en su barrio, resulta incomprensible. <\/p>\n<p class=\"\">Si una pol\u00e9mica ha perseguido a la presidenta es que viviese en viviendas de lujo en esta zona de la ciudad con Amador despu\u00e9s de que se conociese el presunto fraude fiscal por 300.000 euros por el que va a ser juzgado cuando los tribunales pongan fecha. M\u00e1s Madrid y PSOE, y hasta Vox, han utilizado recurrentemente este argumento para desacreditarla. Sorprente mucho que el consejero de Presidencia, Miguel \u00c1ngel Garc\u00eda Mart\u00edn, encargado de Planifica Madrid y un astuto pol\u00edtico hasta la fecha, no hubiera ca\u00eddo en la inconveniencia de realizar la compra. En el PP hay desconcierto. La ciudadan\u00eda tampoco termina de comprenderlo. Y Ayuso este domingo no ha despejado las incognitas, pese a tener la oportunidad. <\/p>\n","protected":false},"excerpt":{"rendered":"Isabel D\u00edaz Ayuso ha desperdiciado este domingo una nueva oportunidad para explicar los motivos que llevaron a su&hellip;\n","protected":false},"author":2,"featured_media":691470,"comment_status":"","ping_status":"","sticky":false,"template":"","format":"standard","meta":{"footnotes":""},"categories":[8],"tags":[8812,17,18,4486,1467,25,24,13,14,11,4342,3515,19,20,205,4485,8811,9,10,15,16,644,23,12,21,22,2965],"class_list":["post-691469","post","type-post","status-publish","format-standard","has-post-thumbnail","category-espana","tag-alberto-gonzalez-amador","tag-breaking-news","tag-breakingnews","tag-ceuta","tag-comunidad-de-madrid","tag-es","tag-espana","tag-featured-news","tag-featurednews","tag-headlines","tag-incendios","tag-isabel-diaz-ayuso","tag-latest-news","tag-latestnews","tag-madrid","tag-marruecos","tag-miguel-angel-rodriguez","tag-news","tag-noticias","tag-noticias-destacadas","tag-noticiasdestacadas","tag-polemicas","tag-spain","tag-titulares","tag-ultimas-noticias","tag-ultimasnoticias","tag-urbanismo"],"share_on_mastodon":{"url":"","error":"Validation failed: Text character limit of 500 exceeded"},"_links":{"self":[{"href":"https:\/\/www.europesays.com\/es\/wp-json\/wp\/v2\/posts\/691469","targetHints":{"allow":["GET"]}}],"collection":[{"href":"https:\/\/www.europesays.com\/es\/wp-json\/wp\/v2\/posts"}],"about":[{"href":"https:\/\/www.europesays.com\/es\/wp-json\/wp\/v2\/types\/post"}],"author":[{"embeddable":true,"href":"https:\/\/www.europesays.com\/es\/wp-json\/wp\/v2\/users\/2"}],"replies":[{"embeddable":true,"href":"https:\/\/www.europesays.com\/es\/wp-json\/wp\/v2\/comments?post=691469"}],"version-history":[{"count":0,"href":"https:\/\/www.europesays.com\/es\/wp-json\/wp\/v2\/posts\/691469\/revisions"}],"wp:featuredmedia":[{"embeddable":true,"href":"https:\/\/www.europesays.com\/es\/wp-json\/wp\/v2\/media\/691470"}],"wp:attachment":[{"href":"https:\/\/www.europesays.com\/es\/wp-json\/wp\/v2\/media?parent=691469"}],"wp:term":[{"taxonomy":"category","embeddable":true,"href":"https:\/\/www.europesays.com\/es\/wp-json\/wp\/v2\/categories?post=691469"},{"taxonomy":"post_tag","embeddable":true,"href":"https:\/\/www.europesays.com\/es\/wp-json\/wp\/v2\/tags?post=691469"}],"curies":[{"name":"wp","href":"https:\/\/api.w.org\/{rel}","templated":true}]}}