{"id":691771,"date":"2026-08-03T09:03:26","date_gmt":"2026-08-03T09:03:26","guid":{"rendered":"https:\/\/www.europesays.com\/es\/691771\/"},"modified":"2026-08-03T09:03:26","modified_gmt":"2026-08-03T09:03:26","slug":"el-cabildo-impulsa-una-incubadora-para-nuevas-marcas-de-moda-de-la-palma","status":"publish","type":"post","link":"https:\/\/www.europesays.com\/es\/691771\/","title":{"rendered":"El Cabildo impulsa una incubadora para nuevas marcas de moda de La Palma"},"content":{"rendered":"<p>\t\tEl Cabildo impulsa una incubadora para nuevas marcas de moda de La Palma\t<\/p>\n<dl class=\"article-info\">\n<dt class=\"article-info-term\">Detalles<\/dt>\n<dd class=\"category-name\">\n\t\t\t\tCategor\u00eda: <a href=\"https:\/\/www.eltime.es\/isla-bonita.html\" rel=\"nofollow noopener\" target=\"_blank\">Isla Bonita<\/a>\t\t<\/dd>\n<dd class=\"create\">\n\tCreado en Lunes, 03 Agosto 2026\t<\/dd>\n<dd class=\"createdby\">\n<p>\t\t\tEscrito por El Time\t\t<\/dd>\n<\/dl>\n<p>\t<a href=\"https:\/\/eltime.es\/isla-bonita\/59549-el-cabildo-impulsa-una-incubadora-para-nuevas-marcas-de-moda-de-la-palma.html\/whatsapp:\/\/send?text=https%3A%2F%2Feltime.es%2Fisla-bonita%2F59549-el-cabildo-impulsa-una-incubadora-para-nuevas-marcas-de-moda-de-la-palma.html\" data-action=\"share\/whatsapp\/share\" rel=\"nofollow noopener\" target=\"_blank\"> <img decoding=\"async\" src=\"https:\/\/www.europesays.com\/es\/wp-content\/uploads\/2026\/08\/whatsapp.png\" alt=\"Compartir entrada en WhatsApp\" style=\"width: auto; height:20px !important; padding: 0px !important; border-radius:3px !important; float: left !important; margin-right:5px !important\" \/> <\/a>\t\t\t\t\t\t\t\t\t\t\t\t<\/p>\n<p>\t\t\t\t\t\t<a href=\"https:\/\/www.pinterest.com\/pin\/create\/button\/\" data-pin-do=\"buttonBookmark\" data-pin-color=\"red\" rel=\"nofollow noopener\" target=\"_blank\"><img decoding=\"async\" src=\"https:\/\/www.europesays.com\/es\/wp-content\/uploads\/2026\/08\/pinit_fg_en_rect_red_20.png\" \/><\/a><\/p>\n<p>&#13;<br \/>\n\t<img loading=\"lazy\" decoding=\"async\" alt=\"\" height=\"667\" src=\"https:\/\/www.europesays.com\/es\/wp-content\/uploads\/2026\/08\/030826 Foto Cabildo Palma 8824026dc8-review-safe.jpg\" width=\"999\" \/><\/p>\n<p>&#13;<br \/>\n\tEl Cabildo de La Palma, a trav\u00e9s de la Sociedad de Promoci\u00f3n y Desarrollo Econ\u00f3mico y Social de La Palma (Sodepal), ha presentado Isla Bonita Fashion Lab, una nueva l\u00ednea de Isla Bonita Moda destinada a acompa\u00f1ar a dise\u00f1adores y emprendedores en la creaci\u00f3n de proyectos empresariales vinculados a la moda y las industrias creativas.<\/p>\n<p>&#13;<br \/>\n\tLa iniciativa funcionar\u00e1 como una incubadora de marcas emergentes y un espacio de innovaci\u00f3n abierta. Su objetivo es detectar talento con potencial comercial y facilitar la transformaci\u00f3n de ideas creativas en empresas viables, sostenibles y con capacidad de crecimiento.<\/p>\n<p>&#13;<br \/>\n\tEl proyecto ampl\u00eda el \u00e1mbito de actuaci\u00f3n de Isla Bonita Moda con una herramienta espec\u00edfica para identificar, acompa\u00f1ar y consolidar nuevos proyectos empresariales. El Cabildo plantea esta l\u00ednea como parte de su estrategia para reforzar el sector de la moda y contribuir a la diversificaci\u00f3n econ\u00f3mica de La Palma.<\/p>\n<p>&#13;<br \/>\n\tLas marcas seleccionadas acceder\u00e1n a un itinerario adaptado a las primeras fases de un proyecto empresarial. Este incluir\u00e1 mentor\u00edas estrat\u00e9gicas personalizadas, formaci\u00f3n especializada impartida por profesionales del sector, espacios colaborativos de trabajo, asesoramiento para definir el modelo de negocio y acceso a una red de expertos y colaboradores.<\/p>\n<p>&#13;<br \/>\n\tEntre los objetivos de Fashion Lab figuran la detecci\u00f3n de talento creativo en la isla, la reducci\u00f3n del riesgo empresarial durante las primeras etapas de las marcas y la creaci\u00f3n de proyectos sostenibles. Tambi\u00e9n prev\u00e9 trasladar a los participantes el conocimiento adquirido por Isla Bonita Moda e impulsar una nueva cantera de empresas creativas.<\/p>\n<p>&#13;<br \/>\n\tEl programa est\u00e1 dirigido a dise\u00f1adores y marcas de reciente creaci\u00f3n, empresas emergentes y proyectos emprendedores relacionados con la moda y las industrias creativas. Tambi\u00e9n podr\u00e1n participar, entre otros perfiles que acrediten potencial de crecimiento, participantes y ganadores de la categor\u00eda Nuevo Talento desarrollada junto a la Escuela de Arte Manolo Blahnik.<\/p>\n<p>&#13;<br \/>\n\tLa nueva l\u00ednea busca favorecer el relevo generacional y el emprendimiento creativo mediante la experiencia, el conocimiento y la red profesional generada por Isla Bonita Moda. El modelo de acompa\u00f1amiento combinar\u00e1 creatividad, estrategia empresarial e innovaci\u00f3n para apoyar el desarrollo de las iniciativas seleccionadas.<\/p>\n<p>&#13;<br \/>\n\tLa consejera de Promoci\u00f3n Econ\u00f3mica del Cabildo de La Palma, Miriam Perestelo, se\u00f1al\u00f3 que el programa pretende ofrecer herramientas, conocimiento y respaldo a quienes comienzan su actividad en el sector. \u201cCon esta nueva l\u00ednea estrat\u00e9gica queremos acompa\u00f1ar a quienes est\u00e1n dando sus primeros pasos en el sector, ofreci\u00e9ndoles las herramientas, el conocimiento y el respaldo necesarios para convertir una buena idea en un proyecto empresarial s\u00f3lido y con capacidad de crecimiento\u201d, afirm\u00f3.<\/p>\n","protected":false},"excerpt":{"rendered":"El Cabildo impulsa una incubadora para nuevas marcas de moda de La Palma Detalles Categor\u00eda: Isla Bonita Creado&hellip;\n","protected":false},"author":2,"featured_media":691772,"comment_status":"","ping_status":"","sticky":false,"template":"","format":"standard","meta":{"footnotes":""},"categories":[80],"tags":[82,125162,95,94,26359,25,24,125165,125164,1023,125163,23,125166],"class_list":["post-691771","post","type-post","status-publish","format-standard","has-post-thumbnail","category-economia","tag-business","tag-cabildo-de-la-palma","tag-economia","tag-economy","tag-emprendimiento","tag-es","tag-espana","tag-isla-bonita-fashion-lab","tag-isla-bonita-moda","tag-moda","tag-sodepal","tag-spain","tag-talento-emergente"],"share_on_mastodon":{"url":"https:\/\/pubeurope.com\/@es\/117030775834943609","error":""},"_links":{"self":[{"href":"https:\/\/www.europesays.com\/es\/wp-json\/wp\/v2\/posts\/691771","targetHints":{"allow":["GET"]}}],"collection":[{"href":"https:\/\/www.europesays.com\/es\/wp-json\/wp\/v2\/posts"}],"about":[{"href":"https:\/\/www.europesays.com\/es\/wp-json\/wp\/v2\/types\/post"}],"author":[{"embeddable":true,"href":"https:\/\/www.europesays.com\/es\/wp-json\/wp\/v2\/users\/2"}],"replies":[{"embeddable":true,"href":"https:\/\/www.europesays.com\/es\/wp-json\/wp\/v2\/comments?post=691771"}],"version-history":[{"count":0,"href":"https:\/\/www.europesays.com\/es\/wp-json\/wp\/v2\/posts\/691771\/revisions"}],"wp:featuredmedia":[{"embeddable":true,"href":"https:\/\/www.europesays.com\/es\/wp-json\/wp\/v2\/media\/691772"}],"wp:attachment":[{"href":"https:\/\/www.europesays.com\/es\/wp-json\/wp\/v2\/media?parent=691771"}],"wp:term":[{"taxonomy":"category","embeddable":true,"href":"https:\/\/www.europesays.com\/es\/wp-json\/wp\/v2\/categories?post=691771"},{"taxonomy":"post_tag","embeddable":true,"href":"https:\/\/www.europesays.com\/es\/wp-json\/wp\/v2\/tags?post=691771"}],"curies":[{"name":"wp","href":"https:\/\/api.w.org\/{rel}","templated":true}]}}