{"id":691999,"date":"2026-08-03T12:01:15","date_gmt":"2026-08-03T12:01:15","guid":{"rendered":"https:\/\/www.europesays.com\/es\/691999\/"},"modified":"2026-08-03T12:01:15","modified_gmt":"2026-08-03T12:01:15","slug":"paula-echevarria-tras-la-muerte-de-su-padre-tengo-el-corazon-roto-intentare-recomponerlo-pegando-cada-trozo-pero-se-que-no-quedara-igual-el-mundo","status":"publish","type":"post","link":"https:\/\/www.europesays.com\/es\/691999\/","title":{"rendered":"Paula Echevarr\u00eda, tras la muerte de su padre: &quot;Tengo el coraz\u00f3n roto. Intentar\u00e9 recomponerlo pegando cada trozo, pero s\u00e9 que no quedar\u00e1 igual&quot; &#8211; El Mundo"},"content":{"rendered":"<ol>\n<li><a href=\"https:\/\/news.google.com\/rss\/articles\/CBMigAFBVV95cUxPVkxPaVlLMk0xNDJtUk1EdWRudzFxTkxRb2NOZ1V1SmFnUHhqa3BmNmtlTTktcEQ1SzZEaFRkVUZEbzRwQ2FtM1ZxTTVvVmdKS0x0WHVRLW1tZlV6SV9nSmJZTGFfaWVBX0NOUGk4Y0U4Yms4THhBM1IwbE9sQkloWNIBgAFBVV95cUxQVGhzdHNib3Z5Tk1RNEt2MGMzMUNjWVh3U1p2eWRhQzdaMGo2RXR3MlZNWmpBcnZJQWphenQzckhEaDRKcFg5cHZIWHNxVnlyNzV6U3U3c3phckFtZzJhYkRRNHczd2ZYenhVYkl6VlVkTEo3Ykd6cjhfV1E3OE12dQ?oc=5\" target=\"_blank\" rel=\"nofollow noopener\">Paula Echevarr\u00eda, tras la muerte de su padre: \u00abTengo el coraz\u00f3n roto. Intentar\u00e9 recomponerlo pegando cada trozo, pero s\u00e9 que no quedar\u00e1 igual\u00bb<\/a>&nbsp;&nbsp;El Mundo<\/li>\n<li><a href=\"https:\/\/news.google.com\/rss\/articles\/CBMiqAFBVV95cUxQenVMN3V5UzU3Ny1Oa01GbklDWXBWVVV1RFVadU00bzY1UjRydjJ0S3dBbVhiM1BJMXBRd3BrMnhqWnJmbnFUOTVZMXNRNTlFd2VMSUpaOGowQXpYNnI5WllmWVViZ3gxQ3A2UmI0VkpmOThZekwwRFJLNlJsUEtibXVJOVdJQXNXSUd0Zk1Ea2Q3OVVMODZVaWZBcDlIQmtaRzhKLWRSTVk?oc=5\" target=\"_blank\" rel=\"nofollow noopener\">Las palabras de Sara Carbonero a Paula Echevarr\u00eda tras la muerte de su padre: \u00abSiempre hay un despu\u00e9s, aunque no volvamos a ser las mismas\u00bb<\/a>&nbsp;&nbsp;HOLA<\/li>\n<li><a href=\"https:\/\/news.google.com\/rss\/articles\/CBMi1wFBVV95cUxNNTRGOWJSQXNjSmNIVDctN3JlbEJROXNXNVVleG5Bejc2VVdpVzFldEQyUklURGdDQl92NVV0dDNtQzdSX01Cb3JaQlJDNE5LVjlScmZ0a2d0eVU3X1lVU1FPdF9yTVlzdHdsWTZNanF3RGZjcEo1WHBqdWE0bm5qWmFwZlBEU1NGcU1Wa3ZlOUxnTVNYNnY3TWc4a05FNzd0aFpDZkFvWkg5NEdIMjcwRnVrbnNaeHZLVmlSUENmYlYxMXFPWXowaks4ZVZEbUc2ank4VG9vWQ?oc=5\" target=\"_blank\" rel=\"nofollow noopener\">Paula Echevarr\u00eda comparte el homenaje m\u00e1s emotivo a su padre tras su muerte: \u00abNo me sueltes nunca, pap\u00e1\u00bb<\/a>&nbsp;&nbsp;Vanitatis<\/li>\n<li><a href=\"https:\/\/news.google.com\/rss\/articles\/CBMi7gFBVV95cUxPVmllWGZwNGJXRFU1emhBYWJSdGtaM2Fsa1djNXlNVHlKNGptN0lpTWVGY3V6Nm1hN0x0Y000aGZYUmkxSEJqWmhCUGdyVUdfNWRRTE1YNTRra1IzU0ltdHRxenpRYVFiUUdweW9xUFhLWS11UUNPdmd5N2JtS3lhQVlzaktnY3R0VTAzVUJMR1hGanllVVZaZnJmY0tIYms4YXBWSWwzUnZTamJPWFVTdk9BVmJFUzhMSG13MmhJcjVTY2VZWUNsZlN0VUdMaEtjU19MWVBnYnM4LXM5UUFzVlVXYVhoeTlUUDBJbFZ3?oc=5\" target=\"_blank\" rel=\"nofollow noopener\">Paula Echevarr\u00eda, abrumada tras la muerte de su padre: \u201cGracias de todo coraz\u00f3n a toda la gente que cuid\u00f3 de mi padre en este largo y duro proceso. Y a todos los que cuidasteis de mi madre, que tanto os necesitaba\u00bb<\/a>&nbsp;&nbsp;Lecturas<\/li>\n<li><a href=\"https:\/\/news.google.com\/rss\/articles\/CBMilAJBVV95cUxQMmoyYjBfdTRKRFJGSy1HYnl5QmRmenBDajBGVk8yamxwUUdiVE44UUlzcjJySXZwWjl4dUl2UzRkSVVwOUk0ZTBhc2FiYUtrd2VVSWxKWWRxVVg3VThybWdsMl9nb0Q0T0stdnp0bVJNMU5ZbVMtQnBVcjh3UjNFYjg3YmZTT2drTEc1TDdJTC14RHZOZTNRR1VOOVB3UUI3TjR1OENZTDJxRXZMU3ZXWTVlOGlSeGhvakp2VHJVVHhQeGZtRkh4N0tmNENrZHdVNHNNOXoxaUsxUGViazJyQ3NHTHVoNEZLQl9rM3MtQndod3VyWE00X05vY2E5anh1bVloTFNuOVJHWV9RTU9uVkUyWFTSAf8BQVVfeXFMTWJ4VVVXRjF4LWFfejNPMWVKQWxBM1I0Y1dCRHg4aWxjTlpjYlVIMkFNWjFBTm1rM2VzdDlxTUFkTzRpYUJBLXdOeVlKYUNVck0wcVJOSFdoZDZ0WDFqNWdoSGNQcUZjWkQ0R01zR0hHbFRJQXZpNnBDendkVG4yNU03dUIzTHBIeTA4SXFsOThZdTNkcW03QmdoUmQ5VmtKT29CX0R2eEZZUU0tcVQtSlU0YUk2M2NQQmFxb05BRW1taHVrZnJnZHNhZXNBSGprYXZzSHA1OTI2ckQ3cF9iRlo5MTR1SmJWaWQ3RnZVcWp0YXJRbHJDU0pMeV9wcm0w?oc=5\" target=\"_blank\" rel=\"nofollow noopener\">Las l\u00e1grimas de Paula Echevarr\u00eda junto a su madre, hija y Miguel Torres en el \u00faltimo adi\u00f3s a su padre en Cand\u00e1s<\/a>&nbsp;&nbsp;El Economista<\/li>\n<\/ol>\n","protected":false},"excerpt":{"rendered":"Paula Echevarr\u00eda, tras la muerte de su padre: \u00abTengo el coraz\u00f3n roto. Intentar\u00e9 recomponerlo pegando cada trozo, pero&hellip;\n","protected":false},"author":2,"featured_media":692000,"comment_status":"","ping_status":"","sticky":false,"template":"","format":"standard","meta":{"footnotes":""},"categories":[174],"tags":[255,146,147,25,24,256,720,15640,23,94957],"class_list":["post-691999","post","type-post","status-publish","format-standard","has-post-thumbnail","category-famosos","tag-celebrities","tag-entertainment","tag-entretenimiento","tag-es","tag-espana","tag-famosos","tag-loc-famosos","tag-paula-echevarria","tag-spain","tag-tnds"],"share_on_mastodon":{"url":"https:\/\/pubeurope.com\/@es\/117031474421353540","error":""},"_links":{"self":[{"href":"https:\/\/www.europesays.com\/es\/wp-json\/wp\/v2\/posts\/691999","targetHints":{"allow":["GET"]}}],"collection":[{"href":"https:\/\/www.europesays.com\/es\/wp-json\/wp\/v2\/posts"}],"about":[{"href":"https:\/\/www.europesays.com\/es\/wp-json\/wp\/v2\/types\/post"}],"author":[{"embeddable":true,"href":"https:\/\/www.europesays.com\/es\/wp-json\/wp\/v2\/users\/2"}],"replies":[{"embeddable":true,"href":"https:\/\/www.europesays.com\/es\/wp-json\/wp\/v2\/comments?post=691999"}],"version-history":[{"count":0,"href":"https:\/\/www.europesays.com\/es\/wp-json\/wp\/v2\/posts\/691999\/revisions"}],"wp:featuredmedia":[{"embeddable":true,"href":"https:\/\/www.europesays.com\/es\/wp-json\/wp\/v2\/media\/692000"}],"wp:attachment":[{"href":"https:\/\/www.europesays.com\/es\/wp-json\/wp\/v2\/media?parent=691999"}],"wp:term":[{"taxonomy":"category","embeddable":true,"href":"https:\/\/www.europesays.com\/es\/wp-json\/wp\/v2\/categories?post=691999"},{"taxonomy":"post_tag","embeddable":true,"href":"https:\/\/www.europesays.com\/es\/wp-json\/wp\/v2\/tags?post=691999"}],"curies":[{"name":"wp","href":"https:\/\/api.w.org\/{rel}","templated":true}]}}