{"id":692045,"date":"2026-08-03T12:35:11","date_gmt":"2026-08-03T12:35:11","guid":{"rendered":"https:\/\/www.europesays.com\/es\/692045\/"},"modified":"2026-08-03T12:35:11","modified_gmt":"2026-08-03T12:35:11","slug":"la-princesa-isabella-de-dinamarca-una-recluta-mas-en-la-nueva-mili-obligatoria-la-voz-de-galicia","status":"publish","type":"post","link":"https:\/\/www.europesays.com\/es\/692045\/","title":{"rendered":"La princesa Isabella de Dinamarca, una recluta m\u00e1s en la nueva mili obligatoria &#8211; La Voz de Galicia"},"content":{"rendered":"<ol>\n<li><a href=\"https:\/\/news.google.com\/rss\/articles\/CBMi2AFBVV95cUxPUW5DWHNEQUljc2d2YmRUOE9tMlk2YVBFZlUzVzI5UHJXZTFGc25RVS1EWnYwM1czLUNGTFhGamJ1X3ZaSlcyX2RBMF8yV1RMMHBEZE02X3ZTSWRmdkI2MzJDVENwejY3Unk0WkpiWHUtMW95NnBDTnVZeEkzM2pqR0NWQkx4eUNXOWpnZmp6cm1oSXI5M2EwQXR4V1hXaE9uVkRBNlM5RDJ4dkxCRDYydXphZkR6LWd1WGRzWXNtTkxHQlFDWURRa3A5TlNPa1MyUGRqNTFLbnDSAfQBQVVfeXFMUHFXeHY1M19oTXQ0LW1STzFmM3Z1aGhuZmRQalRjUGJ4OXJyMWc1TWs5R0JCUlRWQ2xGRDVORGF4NFJCZjh6Zi03dmN3S25xeTlTTzZTeHhJUTVOUVA4NkdNems3UjEyTkNZTXhyTG5ZT0FPeENhekJ3T2k1TVNMSUptWlRpekx0OFdOcFRjSVNHRThiSEJRN1ZhY0V5VTdVdVRmN01NWUFTSXcxa2lvSmNDUnpuTDlWcnhRdVR6bFZGYmdodVNfZlg2X0RIOUlPbTBXcHNpUTV3MExMUzExaEF5ZTVncjJQSXNaMHpoLUhIX2NiVA?oc=5\" target=\"_blank\" rel=\"nofollow noopener\">La princesa Isabella de Dinamarca, una recluta m\u00e1s en la nueva mili obligatoria<\/a>&nbsp;&nbsp;La Voz de Galicia<\/li>\n<li><a href=\"https:\/\/news.google.com\/rss\/articles\/CBMi2gFBVV95cUxQTW1wekVxa08ySEFMNTlTcDNsR1NYUUotc3dUSm5VT3RIbDlEVHAyajlqRXF1RXgzX2VrU2E5Q1dXQ0hCZHZaRkNHb2Y1aUx1aVpyWnhKMWhMcGFNNWNNWjBjM3cxNEpTY0NCcVZUMVB6ZHJJRkVaUERacktpMHptdzFmT3RmU19QUmxPMGYxQkd2dG9aSjhOa240WjNVYk1zaG5rdEt6ajlXdlM3a25DdTVVRjBUSjZseW9hSllEcTRPZVRvMnVtaEtuRWxkdXZfMEdfUFBuVjl4Zw?oc=5\" target=\"_blank\" rel=\"nofollow noopener\">Isabella de Dinamarca, princesa independiente: su llegada en solitario a Antvorskov para comenzar su vida militar<\/a>&nbsp;&nbsp;Vanitatis<\/li>\n<li><a href=\"https:\/\/news.google.com\/rss\/articles\/CBMi2gFBVV95cUxQWktRSk9YZ1VTWnRLNzFUbzVXWFRRVGkyQnlkSkJyYU9obzJndjByWGp5NTB6M2dweXBtSE1uc2JMb0FmVDZZVEhDeVZ1NkFZdW5OdGJCMUtmSlNTSmFuQXp3WHNzbHZIWmlxWWZTMmtoYjNaSnkyVWJlWmRaVzk2X1gySnRFUHBVTFlhMlpfUjdJUEdwNldmV3laSk8ybXluV1hoN0VQV0FVNmJFZlZsSzhVT2Nxb3lmQ0VOS0VFem5QVVB0cURwaGdHTTJaa2h4UmVSZUdNVzZwQdIB3wFBVV95cUxPTWg0dnFtc0ZHQ3FjVGU2NkZUT0UwbzdITV8wSmpLdHVfWlZ0WlBCbkVrczlaZFBTNUozRk53dExzSmdWS3hjZ2hhUzRHdzRxblk4Y3JMOGFHak1va2d0TzFzSzVKOVRfYVBiLW8wWngxd0JoSjlvNlI1anFxNzZRYXlnUnluajM4LXhOWEdDcDNqX3E0U2JCY2g2ZmdCTXhPSS1tdE9LU0FVUkdNU21nVGlGQlRlX2U3VWtHN2hHWkVtdk1xal9sX01lT2hnRG50M2FDb3dvRThMWlZUR05Z?oc=5\" target=\"_blank\" rel=\"nofollow noopener\">Leonor no es la \u00fanica, Isabela de Dinamarca toma una impactante decisi\u00f3n econ\u00f3mica: \u00abHa rechazado tanto el salario como las dietas de las Fuerzas Armadas durante su pr\u00f3ximo servicio militar\u00bb<\/a>&nbsp;&nbsp;Woman Madame Figaro<\/li>\n<li><a href=\"https:\/\/news.google.com\/rss\/articles\/CBMinAFBVV95cUxOa2VZWUctemlvYnNEZ09HNXB6T19PMGxfOFczaEtwVDNOVm5pU0F6ZmZTRERWOWtQN1RIbXJnYmQxMHRCakRCWkJaaTF6d1Z0eksxc0loQmY3MGFMS1h1bVpUdFpsOXpfOHcxaXVWSlJrMFZqU01mZE41aWprZHgzbEg4aFc0ZS1EeDlfMWhMQ19nTjFlVE5YaWtvNC0?oc=5\" target=\"_blank\" rel=\"nofollow noopener\">La Casa Real de Dinamarca lo confirma: la princesa Isabella se queda sin sueldo y seguir\u00e1 dependiendo de los reyes Federico y Mary<\/a>&nbsp;&nbsp;HOLA<\/li>\n<li><a href=\"https:\/\/news.google.com\/rss\/articles\/CBMi6wFBVV95cUxQVTg1M3RRZW9Sc0JOeHJGdmV0MVRkaEgtaU5wZUZrUV9Yd0t3bmZTQXY3S2VfRlVKblNiTVpOTEYydnVHNGk5M2xIczRsOEhEWHliTmFFMjRWQ3lNT2I2R01nMUktUjRyMTJzd1lGRDg4X09RYXNrck1IRlp6MFBfeFZzTWhfRVQ0dklrQzZoNnA4WmRGdWhoUzhudzdmOUhNVkU0TE5GbkxnM0xlenMtTjN6YXVXTlF2d3FxX1dQVENNdVB2Vl9WNTRldXJFRGh0a3QwQkI2NmV6YnZUVjltNXd4TTZwekM2czBv?oc=5\" target=\"_blank\" rel=\"nofollow noopener\">Las claves de la formaci\u00f3n militar de la princesa Isabella de Dinamarca: servicio ampliado de once meses, compromiso de defensa y estancia en cuartel<\/a>&nbsp;&nbsp;Semana<\/li>\n<\/ol>\n","protected":false},"excerpt":{"rendered":"La princesa Isabella de Dinamarca, una recluta m\u00e1s en la nueva mili obligatoria&nbsp;&nbsp;La Voz de Galicia Isabella de&hellip;\n","protected":false},"author":2,"featured_media":692046,"comment_status":"","ping_status":"","sticky":false,"template":"","format":"standard","meta":{"footnotes":""},"categories":[42],"tags":[17,18,2496,13,14,11,61,62,63,64,19,20,9,10,15,16,12,21,22,65,66,67],"class_list":["post-692045","post","type-post","status-publish","format-standard","has-post-thumbnail","category-internacional","tag-breaking-news","tag-breakingnews","tag-dinamarca","tag-featured-news","tag-featurednews","tag-headlines","tag-internacional","tag-international","tag-international-news","tag-internationalnews","tag-latest-news","tag-latestnews","tag-news","tag-noticias","tag-noticias-destacadas","tag-noticiasdestacadas","tag-titulares","tag-ultimas-noticias","tag-ultimasnoticias","tag-world","tag-world-news","tag-worldnews"],"share_on_mastodon":{"url":"https:\/\/pubeurope.com\/@es\/117031608363346902","error":""},"_links":{"self":[{"href":"https:\/\/www.europesays.com\/es\/wp-json\/wp\/v2\/posts\/692045","targetHints":{"allow":["GET"]}}],"collection":[{"href":"https:\/\/www.europesays.com\/es\/wp-json\/wp\/v2\/posts"}],"about":[{"href":"https:\/\/www.europesays.com\/es\/wp-json\/wp\/v2\/types\/post"}],"author":[{"embeddable":true,"href":"https:\/\/www.europesays.com\/es\/wp-json\/wp\/v2\/users\/2"}],"replies":[{"embeddable":true,"href":"https:\/\/www.europesays.com\/es\/wp-json\/wp\/v2\/comments?post=692045"}],"version-history":[{"count":0,"href":"https:\/\/www.europesays.com\/es\/wp-json\/wp\/v2\/posts\/692045\/revisions"}],"wp:featuredmedia":[{"embeddable":true,"href":"https:\/\/www.europesays.com\/es\/wp-json\/wp\/v2\/media\/692046"}],"wp:attachment":[{"href":"https:\/\/www.europesays.com\/es\/wp-json\/wp\/v2\/media?parent=692045"}],"wp:term":[{"taxonomy":"category","embeddable":true,"href":"https:\/\/www.europesays.com\/es\/wp-json\/wp\/v2\/categories?post=692045"},{"taxonomy":"post_tag","embeddable":true,"href":"https:\/\/www.europesays.com\/es\/wp-json\/wp\/v2\/tags?post=692045"}],"curies":[{"name":"wp","href":"https:\/\/api.w.org\/{rel}","templated":true}]}}