{"id":692059,"date":"2026-08-03T12:47:23","date_gmt":"2026-08-03T12:47:23","guid":{"rendered":"https:\/\/www.europesays.com\/es\/692059\/"},"modified":"2026-08-03T12:47:23","modified_gmt":"2026-08-03T12:47:23","slug":"lidia-bedman-mujer-de-abascal-preocupa-con-una-imagen-desde-el-hospital-en-tres-dias-tres-ninos-ingresados-uno-detras-de-otro","status":"publish","type":"post","link":"https:\/\/www.europesays.com\/es\/692059\/","title":{"rendered":"Lidia Bedman, mujer de Abascal, preocupa con una imagen desde el hospital: \u00abEn tres d\u00edas, tres ni\u00f1os ingresados; uno detr\u00e1s de otro\u00bb"},"content":{"rendered":"<p><strong><a href=\"https:\/\/theobjective.com\/gente\/2026-03-18\/lidia-bedman-mas-que-la-mujer-de-abascal-su-empresa-de-comunicacion-y-sus-hijos-en-comun\/\" rel=\"nofollow noopener\" target=\"_blank\">Lidia Bedman<\/a><\/strong> est\u00e1 especialmente <strong>preocupada<\/strong>. La mujer de Abascal, y creadora de contenido, ha compartido, a trav\u00e9s de sus redes sociales, que ha tenido que vivir, en las \u00faltimas horas, el <strong>ingreso<\/strong> de sus tres hijos en el hospital. \u00abA veces los planes no son c\u00f3mo uno los imagina. Santi en Ceuta y, por aqu\u00ed, en tres d\u00edas, tres ni\u00f1os hospitalizados, uno detr\u00e1s de otro\u00bb, ha comenzado escribiendo, junto a una imagen en la que se puede observar a uno de sus peque\u00f1os con una v\u00eda puesta. \u00ab<strong>Cansada, s\u00ed, pero infinitamente agradecida de que todo vaya saliendo bien<\/strong>\u00bb, ha apostillado. <\/p>\n<p>Lidia Bedman y Santiago Abascal comenzaron su relaci\u00f3n hace m\u00e1s de una d\u00e9cada. Celebraron su boda en junio de 2018 en la parroquia de <strong>San Vicente Ferrer en San Vicente del Raspeig<\/strong> (Alicante), en la tierra de ella, en un enlace de car\u00e1cter discreto y familiar. Desde el salto de Abascal a la primera l\u00ednea pol\u00edtica, la pareja ha optado por mantener un perfil marcadamente diferenciado en sus esferas p\u00fablicas. Bedman apenas hace referencias a la actividad pol\u00edtica de su marido en sus redes sociales, enfocando sus perfiles exclusivamente al contenido de estilo de vida, acuerdos comerciales y vida cotidiana.<\/p>\n<p>La imagen que ha compartido Lidia Bedman desde el hospital <\/p>\n<p><img fetchpriority=\"high\" decoding=\"async\" width=\"578\" height=\"1024\" src=\"https:\/\/www.europesays.com\/es\/wp-content\/uploads\/2026\/08\/lidia-bedman-hospi-578x1024.png\" alt=\"\" class=\"wp-image-4264136\"  \/>El \u2018stories\u2019 que ha subido Lidia Bedman. <\/p>\n<p>Aunque s\u00ed que es cierto que s\u00ed se suele <strong>pronunciar<\/strong> sobre distintos aspectos de la vida pol\u00edtica. Ambos intentan preservar su privacidad familiar, limitando la exposici\u00f3n medi\u00e1tica directa de su \u00e1mbito \u00edntimo a pesar de la constante atenci\u00f3n informativa sobre Abascal. Juntos, adem\u00e1s, tuvieron dos hijos, que se suman a los de Abascal de su anterior matrimonio. Su primera hija en com\u00fan, <strong>Jimena<\/strong>, vino al mundo en 2013, mientras que <strong>Santi<\/strong> naci\u00f3 dos a\u00f1os m\u00e1s tarde y <strong>Hern\u00e1n<\/strong> se ha convertido en la alegr\u00eda de la familia desde el verano de 2024. Como dec\u00edamos, adem\u00e1s, Santiago Abascal aporta a la estructura familiar otros\u00a0<strong>dos hijos mayores<\/strong>\u00a0\u2014nacidos en 2004 y 2006\u2014 fruto de su primer matrimonio con Ana Bel\u00e9n S\u00e1nchez, de quien se divorci\u00f3 en 2010.<\/p>\n<p>Lidia Bedman comparte de manera peri\u00f3dica pinceladas de su rol como madre en redes sociales \u2014mostrando detalles de la crianza, la organizaci\u00f3n del hogar o viajes en familia\u2014, aunque por lo general evita mostrar los rostros de los menores de forma clara para proteger su identidad e intimidad. La familia vive en una zona residencial a las afueras de Madrid, manteniendo una rutina diaria enfocada en la discreci\u00f3n y el \u00e1mbito dom\u00e9stico. Lidia naci\u00f3 en la provincia de Alicante en 1985. A diferencia de lo que se suele pensar, su presencia en el entorno digital precedi\u00f3 a la relevancia pol\u00edtica de su marido. Bedman es\u00a0<strong>licenciada en Publicidad y Relaciones P\u00fablicas<\/strong>\u00a0por la Universidad CEU Cardenal Herrera de Elche y cuenta con un m\u00e1ster en Direcci\u00f3n de Comunicaci\u00f3n y Moda.<\/p>\n<p>\u00abCansada, s\u00ed, pero infinitamente agradecida de que todo vaya saliendo bien\u00bb<\/p>\n<p><img loading=\"lazy\" decoding=\"async\" width=\"1024\" height=\"576\" src=\"https:\/\/www.europesays.com\/es\/wp-content\/uploads\/2026\/08\/lidia-bedman-abascal-celebracion-1-1024x576.jpg\" alt=\"\" class=\"wp-image-3521656\"  \/>Santiago Abascal y Lidia Bedman. | RRSS<\/p>\n<p>A principios de la d\u00e9cada de 2010 comenz\u00f3 a hacerse un hueco en el sector digital a trav\u00e9s de su <strong>blog personal<\/strong> y su perfil de Instagram, donde se consolid\u00f3 como creadora de contenido enfocado en moda y belleza, a trav\u00e9s de recomendaciones sobre estilismos, tendencias y cuidado personal. Tambi\u00e9n, se hace eco de consejos sobre crianza, decoraci\u00f3n infantil y organizaci\u00f3n del hogar. De la misma forma, realiza rese\u00f1as sobre lugares gastron\u00f3micos, espacios para los m\u00e1s peque\u00f1os y destinos dentro de nuestro territorio. Como ella misma muestra en sus redes sociales, adem\u00e1s, Lidia tambi\u00e9n est\u00e1 muy unida a su familia pol\u00edtica, especialmente a la tienda que la madre de Abascal posee en el Pa\u00eds Vasco y que la propia creadora de contenido publicita ense\u00f1ando sus looks. <\/p>\n<p>Como dec\u00edamos, ambos est\u00e1n pasando por un momento especialmente complicado tras la hospitalizaci\u00f3n de sus hijos. Adem\u00e1s, el l\u00edder de Vox se encuentra en la ciudad de Ceuta para conocer, de primera mano, todo lo que est\u00e1 sucediendo con la llegada de inmigrantes a la ciudad espa\u00f1ola. Mientras tanto, su pareja se ha quedado en Madrid, donde residen y donde, tambi\u00e9n, se ha encontrado con este peque\u00f1o contratiempo. Fue el pasado 2 de agosto cuando Abascal recal\u00f3 en Ceuta. All\u00ed, el l\u00edder de Vox ha exigido el <strong>despliegue inmediato de las Fuerzas Armadas<\/strong> para blindar y militarizar el paso fronterizo con Marruecos. Adem\u00e1s, tambi\u00e9n ha denunciado la situaci\u00f3n como \u00abuna invasi\u00f3n\u00bb y un \u00abataque a la soberan\u00eda nacional\u00bb.<\/p>\n<p>Sus vacaciones por Asturias <\/p>\n<p><img loading=\"lazy\" decoding=\"async\" width=\"682\" height=\"1024\" src=\"https:\/\/www.europesays.com\/es\/wp-content\/uploads\/2026\/08\/boda-hija-jaime-mayor-oreja-4-682x1024.jpg\" alt=\"Santiago Abascal y Lidia Bedman\" class=\"wp-image-2525625\"  \/>Santiago Abascal y Lidia Bedman en la boda de Carla Mayor Bastida y Jaime Bernaola. | Gtres<\/p>\n<p>Adem\u00e1s, tambi\u00e9n ha culpado directamente al presidente del Gobierno y a Marruecos de la gesti\u00f3n del cruce fronterizo, afirmando que S\u00e1nchez deber\u00eda \u00ab<strong>estar en el banquillo<\/strong>\u00bb por su pol\u00edtica migratoria. Y, de la misma forma, ha demandado la expulsi\u00f3n inmediata de los migrantes en la ciudad, el cierre del paso fronterizo y la suspensi\u00f3n de acuerdos de la Uni\u00f3n Europea con Marruecos. Lo hace, adem\u00e1s, tal y como ha compartido su mujer en su perfil de Instagram, despu\u00e9s de unas vacaciones por Espa\u00f1a, en las que han pasado por Asturias, en un viaje familiar en el que han pasado por los Picos de Europa o la Cueva de Covadonga. \u00abTraer a mis hijos aqu\u00ed, para ver como se elabora el aut\u00e9ntico queso Gamon\u00e9u del Puerto y poder contarles que su <strong>bisabuelo<\/strong> tambi\u00e9n fue pastor de ovejas y que su bisabuela hac\u00eda queso a mano, de la misma manera, ha sido uno de esos momentos que no se olvidan\u00bb, ha escrito, junto a un carrusel de im\u00e1genes. <\/p>\n","protected":false},"excerpt":{"rendered":"Lidia Bedman est\u00e1 especialmente preocupada. La mujer de Abascal, y creadora de contenido, ha compartido, a trav\u00e9s de&hellip;\n","protected":false},"author":2,"featured_media":692060,"comment_status":"","ping_status":"","sticky":false,"template":"","format":"standard","meta":{"footnotes":""},"categories":[174],"tags":[255,146,147,25,24,256,563,6138,8924,6914,23],"class_list":["post-692059","post","type-post","status-publish","format-standard","has-post-thumbnail","category-famosos","tag-celebrities","tag-entertainment","tag-entretenimiento","tag-es","tag-espana","tag-famosos","tag-hijos","tag-hospitales","tag-hospitalizados","tag-santiago-abascal","tag-spain"],"share_on_mastodon":{"url":"https:\/\/pubeurope.com\/@es\/117031655968964563","error":""},"_links":{"self":[{"href":"https:\/\/www.europesays.com\/es\/wp-json\/wp\/v2\/posts\/692059","targetHints":{"allow":["GET"]}}],"collection":[{"href":"https:\/\/www.europesays.com\/es\/wp-json\/wp\/v2\/posts"}],"about":[{"href":"https:\/\/www.europesays.com\/es\/wp-json\/wp\/v2\/types\/post"}],"author":[{"embeddable":true,"href":"https:\/\/www.europesays.com\/es\/wp-json\/wp\/v2\/users\/2"}],"replies":[{"embeddable":true,"href":"https:\/\/www.europesays.com\/es\/wp-json\/wp\/v2\/comments?post=692059"}],"version-history":[{"count":0,"href":"https:\/\/www.europesays.com\/es\/wp-json\/wp\/v2\/posts\/692059\/revisions"}],"wp:featuredmedia":[{"embeddable":true,"href":"https:\/\/www.europesays.com\/es\/wp-json\/wp\/v2\/media\/692060"}],"wp:attachment":[{"href":"https:\/\/www.europesays.com\/es\/wp-json\/wp\/v2\/media?parent=692059"}],"wp:term":[{"taxonomy":"category","embeddable":true,"href":"https:\/\/www.europesays.com\/es\/wp-json\/wp\/v2\/categories?post=692059"},{"taxonomy":"post_tag","embeddable":true,"href":"https:\/\/www.europesays.com\/es\/wp-json\/wp\/v2\/tags?post=692059"}],"curies":[{"name":"wp","href":"https:\/\/api.w.org\/{rel}","templated":true}]}}