{"id":692185,"date":"2026-08-03T14:14:18","date_gmt":"2026-08-03T14:14:18","guid":{"rendered":"https:\/\/www.europesays.com\/es\/692185\/"},"modified":"2026-08-03T14:14:18","modified_gmt":"2026-08-03T14:14:18","slug":"maguire-julia-lopez-nadaud-y-rhodes-las-cuatro-elecciones-de-nordqvist-solheim-2026","status":"publish","type":"post","link":"https:\/\/www.europesays.com\/es\/692185\/","title":{"rendered":"Maguire, Julia L\u00f3pez, Nadaud y Rhodes: las cuatro elecciones de Nordqvist Solheim 2026"},"content":{"rendered":"<p>&#13;<br \/>\n        &#13;<br \/>\n&#13;<br \/>\n        &#13;<\/p>\n<p>            <a href=\"https:\/\/www.europesays.com\/es\/wp-content\/uploads\/2026\/08\/juliaopendomingo26solheim.jpg\" data-caption=\"Julia L\u00f3pez, en el AIG Women's Open 2026.\"><img decoding=\"async\" loading=\"lazy\" width=\"2500\" height=\"1666\" class=\"entry-thumb td-modal-image\" src=\"https:\/\/www.europesays.com\/es\/wp-content\/uploads\/2026\/08\/juliaopendomingo26solheim.jpg\" alt=\"Julia L\u00f3pez, en el AIG Women's Open 2026.\" title=\"Julia L\u00f3pez, en el AIG Women's Open 2026.\"\/><\/a>Julia L\u00f3pez, en el AIG Women&#8217;s Open 2026.<\/p>\n<p>            Ten Golf adelanta las invitaciones que anunciar\u00e1 este lunes la capitana europea. La segunda plaza de Esther Henseleit en el AIG Women\u2019s Open alter\u00f3 el puzle, dej\u00f3 fuera a Chiara Tamburlini y permiti\u00f3 entrar a Nadaud y Rhodes.<\/p>\n<p>Anna Nordqvist anunciar\u00e1 este lunes, a <\/p>\n<p>Para seguir leyendo, Suscr\u00edbete<\/p>\n<p>    Subscription OptionsMENSUAL<\/p>\n<p>Unlimited  Entradas<\/p>\n<p>Unlimited  Galer\u00edas<\/p>\n<p>Unlimited  \u00c1lbumes<\/p>\n<p>Unlimited  P\u00e1ginas<\/p>\n<p>ANUAL + LIBRO<\/p>\n<p>Unlimited  Entradas<\/p>\n<p>Unlimited  Galer\u00edas<\/p>\n<p>Unlimited  \u00c1lbumes<\/p>\n<p>Unlimited  P\u00e1ginas<\/p>\n<p>ANUAL<\/p>\n<p>Unlimited  Entradas<\/p>\n<p>Unlimited  Galer\u00edas<\/p>\n<p>Unlimited  \u00c1lbumes<\/p>\n<p>Unlimited  P\u00e1ginas<\/p>\n<p>    Recibe 30 mulligans para gastar en <a href=\"https:\/\/thegame.ten-golf.com\" target=\"_blank\" rel=\"nofollow noopener\">TheGame<\/a> junto a tu suscripci\u00f3n anual (al final de la temporada se quitar\u00e1n los mulligans no gastados)<\/p>\n<p>    Pincha <a href=\"https:\/\/ten-golf.com\/tengolf-pone-en-marcha-el-muro-de-pago-y-crea-el-club-tengolf\" target=\"_blank\" rel=\"nofollow noopener\">aqu\u00ed<\/a> para saber m\u00e1s sobre las distintas suscripciones<\/p>\n<p>        &#13;<br \/>\n&#13;<br \/>\n        &#13;<br \/>\n            &#13;<br \/>\n            &#13;<br \/>\n&#13;<\/p>\n<p class=\"join-telegram\"><img decoding=\"async\" class=\"loading\" src=\"https:\/\/www.europesays.com\/es\/wp-content\/uploads\/2026\/08\/1785766458_835_telegram-icon.png\" alt=\"\"\/> S\u00edguenos tambi\u00e9n en <a href=\"https:\/\/telegram.org\/\" target=\"_blank\" style=\"font-weight: normal;\" rel=\"nofollow noopener\">Telegram<\/a> en el canal <a href=\"https:\/\/t.me\/tengolf\" target=\"_blank\" rel=\"nofollow\">@tengolf<\/a><\/p>\n<p>        &#13;<br \/>\n        <a class=\"will-load\" name=\"end-article\" data-id=\"post-224330\"\/>&#13;<\/p>\n","protected":false},"excerpt":{"rendered":"&#13; &#13; &#13; &#13; Julia L\u00f3pez, en el AIG Women&#8217;s Open 2026. Ten Golf adelanta las invitaciones que&hellip;\n","protected":false},"author":2,"featured_media":692186,"comment_status":"","ping_status":"","sticky":false,"template":"","format":"standard","meta":{"footnotes":""},"categories":[275],"tags":[119888,118057,168,25,24,329,6105,125234,65496,125235,336,339,340,1909,1910,61266,23,167],"class_list":["post-692185","post","type-post","status-publish","format-standard","has-post-thumbnail","category-golf","tag-anna-nordqvist","tag-bernardus-golf","tag-deportes","tag-es","tag-espana","tag-golf","tag-julia-lopez","tag-leona-maguire","tag-mimi-rhodes","tag-nastasia-nadaud","tag-notificacion","tag-portada-america","tag-portada-global","tag-portada-top","tag-portada-top-america","tag-solheim-cup","tag-spain","tag-sports"],"share_on_mastodon":{"url":"https:\/\/pubeurope.com\/@es\/117031998720485234","error":""},"_links":{"self":[{"href":"https:\/\/www.europesays.com\/es\/wp-json\/wp\/v2\/posts\/692185","targetHints":{"allow":["GET"]}}],"collection":[{"href":"https:\/\/www.europesays.com\/es\/wp-json\/wp\/v2\/posts"}],"about":[{"href":"https:\/\/www.europesays.com\/es\/wp-json\/wp\/v2\/types\/post"}],"author":[{"embeddable":true,"href":"https:\/\/www.europesays.com\/es\/wp-json\/wp\/v2\/users\/2"}],"replies":[{"embeddable":true,"href":"https:\/\/www.europesays.com\/es\/wp-json\/wp\/v2\/comments?post=692185"}],"version-history":[{"count":0,"href":"https:\/\/www.europesays.com\/es\/wp-json\/wp\/v2\/posts\/692185\/revisions"}],"wp:featuredmedia":[{"embeddable":true,"href":"https:\/\/www.europesays.com\/es\/wp-json\/wp\/v2\/media\/692186"}],"wp:attachment":[{"href":"https:\/\/www.europesays.com\/es\/wp-json\/wp\/v2\/media?parent=692185"}],"wp:term":[{"taxonomy":"category","embeddable":true,"href":"https:\/\/www.europesays.com\/es\/wp-json\/wp\/v2\/categories?post=692185"},{"taxonomy":"post_tag","embeddable":true,"href":"https:\/\/www.europesays.com\/es\/wp-json\/wp\/v2\/tags?post=692185"}],"curies":[{"name":"wp","href":"https:\/\/api.w.org\/{rel}","templated":true}]}}