{"id":692265,"date":"2026-08-03T15:19:22","date_gmt":"2026-08-03T15:19:22","guid":{"rendered":"https:\/\/www.europesays.com\/es\/692265\/"},"modified":"2026-08-03T15:19:22","modified_gmt":"2026-08-03T15:19:22","slug":"el-precio-de-las-consolas-xbox-sube-200-euros-de-golpe-en-europa-la-voz-de-galicia","status":"publish","type":"post","link":"https:\/\/www.europesays.com\/es\/692265\/","title":{"rendered":"El precio de las consolas Xbox sube 200 euros de golpe en Europa &#8211; La Voz de Galicia"},"content":{"rendered":"<ol>\n<li><a href=\"https:\/\/news.google.com\/rss\/articles\/CBMizgFBVV95cUxOVWJZSm9aU1ZfQmM1X3JlV01oeU9VYk5CbllXMkxoMVVOd2FtYnctSVhOTE5sbkpMemFXQ0YwQmJhYVFNX2t2Q3U1ckZGMGxNZzdnWUcxT3ZtNVRFQ1BMZ3lsRjJBWmQ4NjdBUFZCUW1uQkR3d1BzX2dnVTdPQ3c3T2wtZ3E0QW5HTkExbHB5ZFZoYlpMOXRaYi1UYlBPZ2RLb3kyekNvYkhqNjl6SGxEUDZwdHpta184c2R2RXVXUlB5TVZmUnpDNkhmbGg2d9IB6gFBVV95cUxNMy1mVGUxV1Zsd2tPWEczYk4zM1pZVm1ydG5SMDNmNEl6VkVfMkRFbzR3M3YzcS1zTW9YMkVZRUJfdnk2aFFwV0FCY0MyYlpLU0tDTWIxRldVdXFHY0Fwa1NlMlNOVnloaFNfblJCb212ak1PRkhzc1JpOWRrRVBjTXVna2ZFZ3Y5RVlGVkUxd0Z0ODlHRXJqSDB3SE1uUVpOOTE5ZzIwWWJHTURQMDhDUExBbGE5dW9vSjZzckRjUHF0eGkxZW5iX3MxTTFyODNkV2Z1b2JPaXlLRjczUmFRODlhLVN0YS16RHc?oc=5\" target=\"_blank\" rel=\"nofollow noopener\">El precio de las consolas Xbox sube 200 euros de golpe en Europa<\/a>&nbsp;&nbsp;La Voz de Galicia<\/li>\n<li><a href=\"https:\/\/news.google.com\/rss\/articles\/CBMi0AFBVV95cUxOc0V6QnFZMVJMWFhhZkFXVDNLaWJacG9OOXFRc0tyeTJ3MUJJTTFIcTJCN0VrcUktSHRaOVlyS3ZkcWNYS2xheU9ubWtaRXVheWNYdHJtLS03eGJ0NEFxVFpOdGI3aFZmTTZOeC01TGJJMmJCSUhRX1A1V200ODBGaXJsMXFoM1NYaUpiYl9xZ1dVUVhCbTgyLWNGSWxLYWJrUEhHeUpHZTJlUHV3SW5fOENvNmdkNVlvQVlZU1V0NEhndzktdFZDcVVRN2wtaG9H0gHkAUFVX3lxTE1QdktVTWdiYXdSdHlUcXFOS0xUYWJIM1NGMDVDNlZSczNNelhidFduclRGZmMwMmN4cS1CcThNMTdXMnNGZy1CVkhZdnBycG9VaHU4T1luRnd6azVrV3Z6NkRjNndwVllVaGtKem9Yb1EzWjY5RzdFSzlHYm5XcFhEUG9CazlyUlZ1cEFuajRQejVCS3NTX0JOUDQ5WFB2VGJuZV9FMlM0ejdIelNPSWhwYTlZMzlqMEZGWkpubDloRE55REN2VGRqUUNfdDJRV3RTN0VVNF9RbkxzdnhsLUE1c1VRMw?oc=5\" target=\"_blank\" rel=\"nofollow noopener\">As\u00ed queda el nuevo precio de Xbox en Europa: esto costar\u00e1n ahora los modelos de Microsoft<\/a>&nbsp;&nbsp;Diario AS<\/li>\n<li><a href=\"https:\/\/news.google.com\/rss\/articles\/CBMi2wFBVV95cUxONUFKZGl5SGhnWmNPbjZsUlJwbXp1QjJsYU5tLVFFaXZRN1pZRzNvZ3ZOcTI5UjhRbUNoLUNPazBpV2RIVFRFZXB1UVpFVnRNcUhIbUJod3g4anZVVzFIaENtZ1dOQjN6X3p1TGZ1X01MUHNKNld4MlhKN2plNkRMRnU0X3BZZFpGVmdfdC1nZGd0N2JPNDRvTTRRSW5xcTdsUF95cjExUmI3ZVlfOTg2dVFUWllPRDB5TDlaMmNHX0hHUlR0YWFWeTRXMWNIX3gtQW04R3BRUXN4dXfSAeABQVVfeXFMTU8wZklLVDRHZmZHVDRkMVBfQmZ6Nm5Lbk9uZGpTMXphODRObTByaUtCTWtGNzNKVWVQdGVEUmZweW5sYlRaemlXVzZrNHgwa2I5Ry1mcnhobFVlQzhTOFFoWmV4ZFNyX0c3c1BYSXFiNkhMVkN0RDJxWVVacngyWWNra3p4YnlEU1RfQ2JRYkdqVkpESmp4cEdObkRNY0NPR25YaXhyLWNsaVJtaVRDSnBncTVUT2Vla2tGdEhseTVNanMtQWg0Vy1UbC00QjNKUW5sb3A0NW10UU03TkFqYTQ?oc=5\" target=\"_blank\" rel=\"nofollow noopener\">Xbox sube de precio en Espa\u00f1a: comprar una Series X ahora cuesta 300 euros m\u00e1s que en su lanzamiento hace 6 a\u00f1os<\/a>&nbsp;&nbsp;Vandal<\/li>\n<li><a href=\"https:\/\/news.google.com\/rss\/articles\/CBMi5wFBVV95cUxPUGhlZllIRjNVMlpvN0VrSlFXaGFQTF9UenNZVEszZEVzZGNBX2hJcWNCZVJDMlBoMWkzNU9QOXN3S3BieWhHSTR5Q3dmcVFrLUVSdG50MzdHVWF2bTh5dE04dERkMEs1cS0zU2ZEdHZhOFUtYXl6RTZ5OWJzeXR0U3pvbXhLSEJWSTRLZFNLdGdJVVpQcWd6c3ZOS1Baek1QeWNTVlZGX05JZlhHQ0ttV2VRUEZaczNqaS11TE12dk1FRFZ5djB3dk5QVWxPMmg2TGYwTDZCaG1IcmVqb2lWQXdHVDVzaUE?oc=5\" target=\"_blank\" rel=\"nofollow noopener\">As\u00ed quedan los nuevos precios de Xbox Series frente a Nintendo Switch 2 tras la reciente subida en Europa<\/a>&nbsp;&nbsp;Nintenderos<\/li>\n<li><a href=\"https:\/\/news.google.com\/rss\/articles\/CBMi4wFBVV95cUxQbUlPSlZrYmVqUzBoc08zdFpfSzEtNFdWN2N6OFdEOUt5WXQ4cFNCeDFrZ1QyRFMxOFVHTWFXZEpETmZaZkJFSzJwb2wwZWxaVXV1cGVHVmFlNlYwS0hsTlF4WGVKTHVtbW5ySzM3d2RfMkw4dFl4MkswUjZCQ29GVzlMQ1EwX3JIODNIeUdBeW4zOWQzanNDNVVuVHYyQUNIazN4aDMtWllubHlURmhMT1d0dmVDaGFNbzZpbXVWUG1PVVowSHQzdGFjbDVlNzRLc3ZhU0c0TmlGbmpRQ1FMa1ZLQQ?oc=5\" target=\"_blank\" rel=\"nofollow noopener\">El precio de Xbox se dispara en Europa: esto es lo que tendr\u00e1s que pagar ahora por las consolas de Microsoft<\/a>&nbsp;&nbsp;20Minutos<\/li>\n<\/ol>\n","protected":false},"excerpt":{"rendered":"El precio de las consolas Xbox sube 200 euros de golpe en Europa&nbsp;&nbsp;La Voz de Galicia As\u00ed queda&hellip;\n","protected":false},"author":2,"featured_media":692266,"comment_status":"","ping_status":"","sticky":false,"template":"","format":"standard","meta":{"footnotes":""},"categories":[81],"tags":[119,123,124,25,24,10070,117,121,122,1032,23,118,120],"class_list":["post-692265","post","type-post","status-publish","format-standard","has-post-thumbnail","category-ciencia-y-tecnologia","tag-ciencia","tag-ciencia-y-tecnologia","tag-cienciaytecnologia","tag-es","tag-espana","tag-microsoft","tag-science","tag-science-and-technology","tag-scienceandtechnology","tag-sony","tag-spain","tag-technology","tag-tecnologia"],"share_on_mastodon":{"url":"https:\/\/pubeurope.com\/@es\/117032253504444490","error":""},"_links":{"self":[{"href":"https:\/\/www.europesays.com\/es\/wp-json\/wp\/v2\/posts\/692265","targetHints":{"allow":["GET"]}}],"collection":[{"href":"https:\/\/www.europesays.com\/es\/wp-json\/wp\/v2\/posts"}],"about":[{"href":"https:\/\/www.europesays.com\/es\/wp-json\/wp\/v2\/types\/post"}],"author":[{"embeddable":true,"href":"https:\/\/www.europesays.com\/es\/wp-json\/wp\/v2\/users\/2"}],"replies":[{"embeddable":true,"href":"https:\/\/www.europesays.com\/es\/wp-json\/wp\/v2\/comments?post=692265"}],"version-history":[{"count":0,"href":"https:\/\/www.europesays.com\/es\/wp-json\/wp\/v2\/posts\/692265\/revisions"}],"wp:featuredmedia":[{"embeddable":true,"href":"https:\/\/www.europesays.com\/es\/wp-json\/wp\/v2\/media\/692266"}],"wp:attachment":[{"href":"https:\/\/www.europesays.com\/es\/wp-json\/wp\/v2\/media?parent=692265"}],"wp:term":[{"taxonomy":"category","embeddable":true,"href":"https:\/\/www.europesays.com\/es\/wp-json\/wp\/v2\/categories?post=692265"},{"taxonomy":"post_tag","embeddable":true,"href":"https:\/\/www.europesays.com\/es\/wp-json\/wp\/v2\/tags?post=692265"}],"curies":[{"name":"wp","href":"https:\/\/api.w.org\/{rel}","templated":true}]}}