{"id":692275,"date":"2026-08-03T15:28:14","date_gmt":"2026-08-03T15:28:14","guid":{"rendered":"https:\/\/www.europesays.com\/es\/692275\/"},"modified":"2026-08-03T15:28:14","modified_gmt":"2026-08-03T15:28:14","slug":"jodar-fritz-horario-y-donde-ver-la-final-aplazada-del-atp-de-washington-tenis-deportes","status":"publish","type":"post","link":"https:\/\/www.europesays.com\/es\/692275\/","title":{"rendered":"J\u00f3dar &#8211; Fritz: horario y d\u00f3nde ver la final aplazada del ATP de Washington | Tenis | Deportes"},"content":{"rendered":"<p class=\"a_st\">El madrile\u00f1o de diecinueve a\u00f1os busca su segundo t\u00edtulo ante el estadounidense, n\u00famero 9 del mundo<\/p>\n<p><img alt=\"\" decoding=\"auto\" class=\"_re  a_m-h\" height=\"293\"  width=\"414\"  src=\"https:\/\/www.europesays.com\/es\/wp-content\/uploads\/2026\/08\/Y5QVUQQNFBJXBNG5RJLXTPXMCM.jpg\" loading=\"eager\" fetchpriority=\"low\"\/>Rafael J\u00f3dar, durante las semifinales del torneo.Marcin Cholewinski \/ Zuma Press  (Marcin Cholewinski \/ Zuma Press )<img alt=\"El Pa\u00eds\" decoding=\"auto\" class=\"_re lazyload a_m-h\" height=\"100\" width=\"100\" src=\"https:\/\/www.europesays.com\/es\/wp-content\/uploads\/2026\/08\/https:\/\/s3.amazonaws.com\/arc-authors\/prisa\/0b9a52b8-006a-4382-938a-05e3d58f07cf.png\" loading=\"lazy\" fetchpriority=\"low\"\/>Actualizado: 03 ago 2026 &#8211; 12:30CEST<\/p>\n<p class=\"\">Rafa J\u00f3dar y Taylor Fritz vivieron un domingo de interminable espera. La lluvia fue la gran protagonista en Washington y oblig\u00f3 a retrasar una y otra vez el inicio de la final del ATP 500. Finalmente, la organizaci\u00f3n decidi\u00f3 aplazar el encuentro de forma definitiva, por lo que el duelo por el t\u00edtulo se disputar\u00e1 este lunes 3 de agosto. <\/p>\n<p class=\"\"><a href=\"https:\/\/elpais.com\/deportes\/tenis\/2026-08-02\/rafa-jodar-alcanza-con-una-nueva-remontada-la-final-en-washington-donde-le-espera-taylor-fritz.html\" target=\"_self\" rel=\"nofollow noopener\" title=\"https:\/\/elpais.com\/deportes\/tenis\/2026-08-02\/rafa-jodar-alcanza-con-una-nueva-remontada-la-final-en-washington-donde-le-espera-taylor-fritz.html\">El madrile\u00f1o buscar\u00e1 conquistar el segundo t\u00edtulo de su carrera como profesional<\/a>, despu\u00e9s del logrado hace apenas unos meses en Marrakech. Enfrente tendr\u00e1 al siempre combativo Fritz, con quien ya se enfrent\u00f3 el pasado mes de febrero en Delray Beach, donde cay\u00f3 por 7-6(4) y 6-4.<\/p>\n<blockquote class=\"twitter-tweet\">\n<p lang=\"es\" dir=\"ltr\">\ud83d\udd34 Rafa J\u00f3dar buscar\u00e1 su segundo t\u00edtulo finalmente este lunes<\/p>\n<p>La final en Washington ante Fritz, aplazada por culpa de la lluvia \u2614 <a href=\"https:\/\/t.co\/oFjg6B9KSf\" rel=\"nofollow\">pic.twitter.com\/oFjg6B9KSf<\/a><\/p>\n<p>\u2014 Eurosport.es (@Eurosport_ES) <a href=\"https:\/\/x.com\/Eurosport_ES\/status\/2084157589990883344?ref_src=twsrc%5Etfw\" rel=\"nofollow\">August 3, 2026<\/a><\/p><\/blockquote>\n<p>Horario y d\u00f3nde ver la final de Washington<\/p>\n<p class=\"\">La final se podr\u00e1 seguir a trav\u00e9s de Movistar Plus no antes de las 19:00 hora peninsular.<\/p>\n<p><a class=\"a_com_l\" href=\"https:\/\/elpais.com\/info\/normas-de-participacion\/\" rel=\"nofollow noopener\" target=\"_blank\">Normas \u203a<\/a>M\u00e1s informaci\u00f3nArchivado EnSi est\u00e1 interesado en licenciar este contenido, pinche <a class=\"a_tp_si_l\" href=\"https:\/\/profesional.elpais.com\/soluciones-sindicacion\/?utm_medium=interno&amp;utm_source=crosslinking&amp;utm_campaign=sindicacion_ep_pie_articulos\" target=\"_blank\" rel=\"noopener noreferrer nofollow\">aqu\u00ed<\/a><script async src=\"https:\/\/platform.twitter.com\/widgets.js\" charset=\"utf-8\"><\/script><\/p>\n","protected":false},"excerpt":{"rendered":"El madrile\u00f1o de diecinueve a\u00f1os busca su segundo t\u00edtulo ante el estadounidense, n\u00famero 9 del mundo Rafael J\u00f3dar,&hellip;\n","protected":false},"author":2,"featured_media":692276,"comment_status":"","ping_status":"","sticky":false,"template":"","format":"standard","meta":{"footnotes":""},"categories":[274],"tags":[17145,1540,168,25,24,629,69993,23,167,327,11759,326,2558],"class_list":["post-692275","post","type-post","status-publish","format-standard","has-post-thumbnail","category-tenis","tag-atp-tour","tag-competiciones","tag-deportes","tag-es","tag-espana","tag-estados-unidos","tag-rafa-jodar","tag-spain","tag-sports","tag-tenis","tag-tenistas","tag-tennis","tag-washington-d-c"],"share_on_mastodon":{"url":"https:\/\/pubeurope.com\/@es\/117032290303749780","error":""},"_links":{"self":[{"href":"https:\/\/www.europesays.com\/es\/wp-json\/wp\/v2\/posts\/692275","targetHints":{"allow":["GET"]}}],"collection":[{"href":"https:\/\/www.europesays.com\/es\/wp-json\/wp\/v2\/posts"}],"about":[{"href":"https:\/\/www.europesays.com\/es\/wp-json\/wp\/v2\/types\/post"}],"author":[{"embeddable":true,"href":"https:\/\/www.europesays.com\/es\/wp-json\/wp\/v2\/users\/2"}],"replies":[{"embeddable":true,"href":"https:\/\/www.europesays.com\/es\/wp-json\/wp\/v2\/comments?post=692275"}],"version-history":[{"count":0,"href":"https:\/\/www.europesays.com\/es\/wp-json\/wp\/v2\/posts\/692275\/revisions"}],"wp:featuredmedia":[{"embeddable":true,"href":"https:\/\/www.europesays.com\/es\/wp-json\/wp\/v2\/media\/692276"}],"wp:attachment":[{"href":"https:\/\/www.europesays.com\/es\/wp-json\/wp\/v2\/media?parent=692275"}],"wp:term":[{"taxonomy":"category","embeddable":true,"href":"https:\/\/www.europesays.com\/es\/wp-json\/wp\/v2\/categories?post=692275"},{"taxonomy":"post_tag","embeddable":true,"href":"https:\/\/www.europesays.com\/es\/wp-json\/wp\/v2\/tags?post=692275"}],"curies":[{"name":"wp","href":"https:\/\/api.w.org\/{rel}","templated":true}]}}