{"id":692289,"date":"2026-08-03T15:39:21","date_gmt":"2026-08-03T15:39:21","guid":{"rendered":"https:\/\/www.europesays.com\/es\/692289\/"},"modified":"2026-08-03T15:39:21","modified_gmt":"2026-08-03T15:39:21","slug":"el-rayo-se-compromete-con-la-comunidad-de-madrid-a-facilitar-el-acceso-de-los-tecnicos-para-comprobar-la-situacion-del-estadio-de-vallecas-futbol-deportes","status":"publish","type":"post","link":"https:\/\/www.europesays.com\/es\/692289\/","title":{"rendered":"El Rayo se compromete con la Comunidad de Madrid a facilitar el acceso de los t\u00e9cnicos para comprobar la situaci\u00f3n del Estadio de Vallecas | F\u00fatbol | Deportes"},"content":{"rendered":"<p class=\"\">El consejero de Cultura, Turismo y Deporte, Mariano de Paco, <a href=\"https:\/\/elpais.com\/deportes\/futbol\/2026-08-01\/el-rayo-elige-el-estadio-del-burgos-como-alternativa-a-vallecas-si-no-puede-iniciar-la-liga-en-casa.html\" target=\"_self\" rel=\"nofollow noopener\" title=\"https:\/\/elpais.com\/deportes\/futbol\/2026-08-01\/el-rayo-elige-el-estadio-del-burgos-como-alternativa-a-vallecas-si-no-puede-iniciar-la-liga-en-casa.html\">ha confirmado este lunes que el Rayo Vallecano abrir\u00e1 ma\u00f1ana martes<\/a> sus puertas para que la Comunidad de Madrid pueda realizar una inspecci\u00f3n para iniciar las obras de urgencia previstas despu\u00e9s de que el club le haya impedido la entrada dos d\u00edas consecutivos. \u201cEsto no es un enfrentamiento entre el club y la Comunidad, sino una reclamaci\u00f3n de responsabilidad hac\u00eda el propio club, que ha dicho que se compromete a cumplir sus obligaciones\u201d, ha asegurado el consejero en declaraciones a los medios tras una reuni\u00f3n con la directiva del Rayo y una representaci\u00f3n de la plantilla. <\/p>\n<p><img alt=\"\" decoding=\"auto\" class=\"_re lazyload a_m-h\" height=\"277\"  width=\"414\"  src=\"https:\/\/www.europesays.com\/es\/wp-content\/uploads\/2026\/08\/B3GHP7FHNRBJHBMQZM6IBEZJDI.jpg\" loading=\"lazy\" fetchpriority=\"low\"\/>Estado del interior del terreno de juego y de las gradas del Estadio de Vallecas, este lunes.<br \/>\nINMA FLORES<\/p>\n<p class=\"\">El estadio abrir\u00e1 as\u00ed sus puertas despu\u00e9s de que la pasada semana se intensificara el enfrentamiento entre el Gobierno regional y el Rayo Vallecano, al impedir la entrada en dos ocasiones a los t\u00e9cnicos enviados por la Comunidad para iniciar las obras previstas. Los t\u00e9cnicos de la Comunidad de Madrid, junto con las empresas contratadas, inspeccionar\u00e1n los elementos \u201cfundamentales\u201d que ata\u00f1en a los problemas de seguridad que relata la auditor\u00eda y, una vez comprobados, se realizar\u00e1 un informe t\u00e9cnico, ha dicho De Paco. Para el consejero, no permitirles la entada es \u201cel modus operandi del club\u00bb que, en sus palabras, retrasa las actuaciones y deja cumplir los plazos para que el tiempo \u201cdespiste\u201d o \u201cnos desv\u00ede del objetivo\u201d de que el Rayo \u201cpueda jugar en su estadio, pero en condiciones\u201d.<\/p>\n<p class=\"\">\u201cEntendemos que el estadio no est\u00e1 en condiciones para representar a un club como el Rayo Vallecano\u201d, ha apuntado. En esta misma l\u00ednea, <a href=\"https:\/\/elpais.com\/deportes\/futbol\/2026-08-01\/el-rayo-elige-el-estadio-del-burgos-como-alternativa-a-vallecas-si-no-puede-iniciar-la-liga-en-casa.html\" target=\"_self\" rel=\"nofollow noopener\" title=\"https:\/\/elpais.com\/deportes\/futbol\/2026-08-01\/el-rayo-elige-el-estadio-del-burgos-como-alternativa-a-vallecas-si-no-puede-iniciar-la-liga-en-casa.html\">el consejero se ha mostrado partidario de que el equipo juegue en Madrid<\/a>, aunque ha advertido de que, \u201clo normal\u201d es que el primer partido de la temporada no se pueda jugar en el estadio si se confirma alguno de los par\u00e1metros de la auditor\u00eda. \u201cEl club tiene que hacer todo lo posible porque juegue en Madrid\u201d, ha reiterado De Paco, quien ha sugerido adem\u00e1s un posible \u201capoyo\u201d econ\u00f3mico para que el equipo pueda jugar su primer partido en Legan\u00e9s, en lugar de trasladarse a Burgos, ante la \u201cmuy dif\u00edcil posibilidad de jugar en Vallecas en su estreno como local ante el Alav\u00e9s el 20 de agosto. As\u00ed, el consejero ha afeado al club una actitud de \u201cfalta de respeto\u201d y de \u201cresponsabilidad\u201d con los aficionados, que plantean la posible devoluci\u00f3n de los abonos si el Rayo juega fuera de Vallecas, una situaci\u00f3n de \u201cincertidumbre\u201d sobre la que ha apelado a la \u201cresponsabilidad moral\u201d del club con la instituci\u00f3n.<\/p>\n","protected":false},"excerpt":{"rendered":"El consejero de Cultura, Turismo y Deporte, Mariano de Paco, ha confirmado este lunes que el Rayo Vallecano&hellip;\n","protected":false},"author":2,"featured_media":692290,"comment_status":"","ping_status":"","sticky":false,"template":"","format":"standard","meta":{"footnotes":""},"categories":[93],"tags":[1540,1467,168,1539,25,24,282,1538,83820,14382,23,167],"class_list":["post-692289","post","type-post","status-publish","format-standard","has-post-thumbnail","category-deportes","tag-competiciones","tag-comunidad-de-madrid","tag-deportes","tag-entrenadores","tag-es","tag-espana","tag-futbol","tag-futbolistas","tag-martin-presa","tag-rayo-vallecano","tag-spain","tag-sports"],"share_on_mastodon":{"url":"https:\/\/pubeurope.com\/@es\/117032333055999380","error":""},"_links":{"self":[{"href":"https:\/\/www.europesays.com\/es\/wp-json\/wp\/v2\/posts\/692289","targetHints":{"allow":["GET"]}}],"collection":[{"href":"https:\/\/www.europesays.com\/es\/wp-json\/wp\/v2\/posts"}],"about":[{"href":"https:\/\/www.europesays.com\/es\/wp-json\/wp\/v2\/types\/post"}],"author":[{"embeddable":true,"href":"https:\/\/www.europesays.com\/es\/wp-json\/wp\/v2\/users\/2"}],"replies":[{"embeddable":true,"href":"https:\/\/www.europesays.com\/es\/wp-json\/wp\/v2\/comments?post=692289"}],"version-history":[{"count":0,"href":"https:\/\/www.europesays.com\/es\/wp-json\/wp\/v2\/posts\/692289\/revisions"}],"wp:featuredmedia":[{"embeddable":true,"href":"https:\/\/www.europesays.com\/es\/wp-json\/wp\/v2\/media\/692290"}],"wp:attachment":[{"href":"https:\/\/www.europesays.com\/es\/wp-json\/wp\/v2\/media?parent=692289"}],"wp:term":[{"taxonomy":"category","embeddable":true,"href":"https:\/\/www.europesays.com\/es\/wp-json\/wp\/v2\/categories?post=692289"},{"taxonomy":"post_tag","embeddable":true,"href":"https:\/\/www.europesays.com\/es\/wp-json\/wp\/v2\/tags?post=692289"}],"curies":[{"name":"wp","href":"https:\/\/api.w.org\/{rel}","templated":true}]}}