{"id":692327,"date":"2026-08-03T16:04:23","date_gmt":"2026-08-03T16:04:23","guid":{"rendered":"https:\/\/www.europesays.com\/es\/692327\/"},"modified":"2026-08-03T16:04:23","modified_gmt":"2026-08-03T16:04:23","slug":"la-escalofriante-cogida-de-manuel-escribano-pareja-de-laura-sanchez-la-aficion-esta-por-encima-de-cualquier-dolor","status":"publish","type":"post","link":"https:\/\/www.europesays.com\/es\/692327\/","title":{"rendered":"La escalofriante cogida de Manuel Escribano, pareja de Laura S\u00e1nchez: \u00abLa afici\u00f3n est\u00e1 por encima de cualquier dolor\u00bb"},"content":{"rendered":"<p class=\"c-paragraph\">Manuel Escribano ha protagonizado este fin de semana una de las im\u00e1genes del verano. El torero sevillano, que era<b> una de las figuras de la Feria de las Colombinas <\/b>de Huelva, <a href=\"https:\/\/www.heraldo.es\/noticias\/ocio-y-cultura\/2026\/08\/03\/morante-puebla-roca-rey-firman-paz-plaza-2041958.html\" title=\"Morante de la Puebla y Andr\u00e9s Roca Rey firman la paz en la plaza: Del &quot;maestro f\u00famate un purito&quot; a un emocionante brindis\" rel=\"nofollow noopener\" target=\"_blank\">sufri\u00f3 un percance en la corrida celebrada el pasado viernes en la plaza onubense.\u00a0<\/a><\/p>\n<p class=\"c-paragraph\">Todo sucedi\u00f3 cuando el diestro, pareja de la modelo y presentadora Laura S\u00e1nchez, se dispon\u00eda a clavar el segundo par de banderillas al primer Miura de la tarde. Sin embargo,<b> perdi\u00f3 el equilibrio y fue arrollado por el toro <\/b>en el suelo, propin\u00e1ndole un desgarro en el l\u00f3bulo de la oreja izquierda. Tras pasar por enfermer\u00eda, regres\u00f3 al ruedo para continuar con su cometido.\u00a0<\/p>\n<p class=\"c-paragraph\">El parte m\u00e9dico emitido por los galenos del coso onubense apunta: \u00abHerida por asta de toro en pabell\u00f3n auricular izquierdo, con desgarro del mismo y arrancamiento parcial de la porci\u00f3n superior del l\u00f3bulo auricular. Se realiza limpieza quir\u00fargica de la herida, hemostasia, reconstrucci\u00f3n pl\u00e1stica del pabell\u00f3n auricular<b> y sutura mediante aproximadamente veinte puntos.<\/b> Pron\u00f3stico: menos grave, salvo complicaciones\u00bb.<\/p>\n<p class=\"c-paragraph\">Manuel Escribano ha compartido un mensaje en sus redes sociales en el que muestra varias fotograf\u00edas de la fat\u00eddica corrida, acompa\u00f1adas por un texto reflexivo: <b>\u00abHay tardes duras y a la vez bonitas. <\/b>Tardes en las que el cuerpo dice una cosa y uno tiene que hacer otra. Pero me debo a mi afici\u00f3n, a la gente que llena esa plaza esperando algo de m\u00ed, y eso est\u00e1 por encima de cualquier dolor. Salir de nuevo con todo. Gracias de coraz\u00f3n por el cari\u00f1o que recibo siempre\u00bb.<\/p>\n<p class=\"c-paragraph\">Y es que una de las cualidades que acompa\u00f1a<b> a Manuel Escribano es la bravura. <\/b>Lo volvi\u00f3 a demostrar en Huelva, cuando retorn\u00f3 al ruedo para corresponder a la afici\u00f3n.\u00a0<\/p>\n","protected":false},"excerpt":{"rendered":"Manuel Escribano ha protagonizado este fin de semana una de las im\u00e1genes del verano. El torero sevillano, que&hellip;\n","protected":false},"author":2,"featured_media":692328,"comment_status":"","ping_status":"","sticky":false,"template":"","format":"standard","meta":{"footnotes":""},"categories":[91],"tags":[11859,146,147,25,24,4397,20132,23],"class_list":["post-692327","post","type-post","status-publish","format-standard","has-post-thumbnail","category-entretenimiento","tag-cogida","tag-entertainment","tag-entretenimiento","tag-es","tag-espana","tag-huelva","tag-manuel-escribano","tag-spain"],"share_on_mastodon":{"url":"https:\/\/pubeurope.com\/@es\/117032430457822599","error":""},"_links":{"self":[{"href":"https:\/\/www.europesays.com\/es\/wp-json\/wp\/v2\/posts\/692327","targetHints":{"allow":["GET"]}}],"collection":[{"href":"https:\/\/www.europesays.com\/es\/wp-json\/wp\/v2\/posts"}],"about":[{"href":"https:\/\/www.europesays.com\/es\/wp-json\/wp\/v2\/types\/post"}],"author":[{"embeddable":true,"href":"https:\/\/www.europesays.com\/es\/wp-json\/wp\/v2\/users\/2"}],"replies":[{"embeddable":true,"href":"https:\/\/www.europesays.com\/es\/wp-json\/wp\/v2\/comments?post=692327"}],"version-history":[{"count":0,"href":"https:\/\/www.europesays.com\/es\/wp-json\/wp\/v2\/posts\/692327\/revisions"}],"wp:featuredmedia":[{"embeddable":true,"href":"https:\/\/www.europesays.com\/es\/wp-json\/wp\/v2\/media\/692328"}],"wp:attachment":[{"href":"https:\/\/www.europesays.com\/es\/wp-json\/wp\/v2\/media?parent=692327"}],"wp:term":[{"taxonomy":"category","embeddable":true,"href":"https:\/\/www.europesays.com\/es\/wp-json\/wp\/v2\/categories?post=692327"},{"taxonomy":"post_tag","embeddable":true,"href":"https:\/\/www.europesays.com\/es\/wp-json\/wp\/v2\/tags?post=692327"}],"curies":[{"name":"wp","href":"https:\/\/api.w.org\/{rel}","templated":true}]}}