{"id":692549,"date":"2026-08-03T18:51:11","date_gmt":"2026-08-03T18:51:11","guid":{"rendered":"https:\/\/www.europesays.com\/es\/692549\/"},"modified":"2026-08-03T18:51:11","modified_gmt":"2026-08-03T18:51:11","slug":"cuba-restaura-la-electricidad-tras-apagon-nacional-pero-persisten-los-cortes","status":"publish","type":"post","link":"https:\/\/www.europesays.com\/es\/692549\/","title":{"rendered":"Cuba restaura la electricidad tras apag\u00f3n nacional pero persisten los cortes"},"content":{"rendered":"<p>    <img src=\"https:\/\/www.europesays.com\/es\/wp-content\/uploads\/2026\/08\/2026-08-03T153A063A22Z-91840195.jpg\" width=\"1024\" height=\"682\" alt=\"\" loading=\"eager\" decoding=\"sync\" fetchpriority=\"high\"\/><\/p>\n<p>            afp_tickers        <\/p>\n<p>        Este contenido fue publicado en    <\/p>\n<p>        03 agosto 2026 &#8211; 20:01\n<\/p>\n<p>Cuba comenz\u00f3 este lunes a restablecer el servicio el\u00e9ctrico tras un nuevo apag\u00f3n nacional la noche anterior, el sexto en lo que va de a\u00f1o, mientras amplias zonas del pa\u00eds siguen sin suministro en medio de una severa crisis energ\u00e9tica y presiones de Estados Unidos.<\/p>\n<p>La isla de 9,4 millones de habitantes sufre constantes cortes de electricidad de varias horas por d\u00eda debido al envejecimiento de sus plantas termoel\u00e9ctricas. La situaci\u00f3n se ha agravado desde enero con el boqueo petrolero de Estados Unidos.<\/p>\n<p>La estatal Uni\u00f3n El\u00e9ctrica de Cuba (UNE) inform\u00f3 que en la noche del domingo \u00abuna oscilaci\u00f3n de frecuencia\u00bb dej\u00f3 fuera de servicio una termoel\u00e9ctrica en el oriente del pa\u00eds y \u00abel sistema colaps\u00f3 en su totalidad\u00bb.<\/p>\n<p>Se trata del sexto apag\u00f3n generalizado en lo que va del a\u00f1o y el und\u00e9cimo desde finales de 2024. Apenas 24 horas antes de este \u00faltimo corte total, cinco de las 15 provincias del pa\u00eds, incluida la capital, se hab\u00edan quedado a oscuras por un fallo en la red.<\/p>\n<p>Al mediod\u00eda de este lunes, siete provincias del occidente y centro de la isla estaban conectadas a la red nacional, pero persist\u00edan \u00abafectaciones elevadas y prolongadas\u00bb por d\u00e9ficit de generaci\u00f3n, lo que continuaba provocando apagones en todo el pa\u00eds, seg\u00fan inform\u00f3 la televisi\u00f3n estatal.\u00a0<\/p>\n<p>Hasta ese momento, solo el 27,6% de La Habana contaba con servicio el\u00e9ctrico.<\/p>\n<p>Los cubanos manifiestan su cansancio e impotencia ante los apagones que durante las \u00faltimas semanas han superado las 30 horas consecutivas en la capital. En el interior del pa\u00eds pueden prolongarse por varias jornadas.<\/p>\n<p>\u00abDesde el viernes solo he tenido una hora y media de electricidad, no hay agua, no hay nada, lo que estamos viviendo los cubanos no es vida\u00bb, dijo a la AFP Mayra Rodr\u00edguez, una contable de 43 a\u00f1os.<\/p>\n<p>Con sus dos hijos peque\u00f1os, duerme en el balc\u00f3n de su apartamento para sobrellevar el calor de las noches de verano.<\/p>\n<p>\u2013 \u00abInsostenible\u00bb \u2013<\/p>\n<p>Los habitantes de las zonas m\u00e1s afectadas expresan su rabia prendiendo fuego a la basura o golpeando cacerolas.<\/p>\n<p>Carlos Due\u00f1as, un mec\u00e1nico de 62 a\u00f1os, dijo sentirse agotado por una coyuntura \u00abinsostenible\u00bb.<\/p>\n<p>\u00abNadie dice cu\u00e1ndo podr\u00eda mejorar la situaci\u00f3n. Mientras tanto nos toca resistir, todo el mundo no tiene el dinero para comprar paneles\u00bb, dijo.\u00a0<\/p>\n<p>La Habana acusa a Washington de ser responsable de la cr\u00edtica situaci\u00f3n del sistema el\u00e9ctrico, mientras que Estados Unidos considera que se debe a una mala gesti\u00f3n econ\u00f3mica interna.<\/p>\n<p>Las siete plantas termoel\u00e9ctricas que constituyen la columna vertebral de la red nacional cubana tienen m\u00e1s de cuatro d\u00e9cadas de explotaci\u00f3n y sufren aver\u00edas frecuentemente.<\/p>\n<p>El bloqueo petrolero impuesto por Washington dificulta el suministro de combustible a estas plantas y a los generadores de respaldo, que suelen funcionar con di\u00e9sel importado.<\/p>\n<p>Seg\u00fan el gobierno cubano, en los \u00faltimos siete meses Washington solo ha permitido la llegada de un tanquero ruso con 100.000 toneladas de crudo.<\/p>\n<p>Adem\u00e1s, la administraci\u00f3n de Donald Trump ha intensificado las sanciones contra empresas estatales cubanas, lo que ha llevado a muchas compa\u00f1\u00edas extranjeras a suspender sus operaciones en el pa\u00eds, lo cual reduce la entrada de divisas.<\/p>\n<p>A finales de junio, el canciller cubano Bruno Rodr\u00edguez afirm\u00f3 que las conversaciones con Estados Unidos \u00abno muestran progresos\u00bb.\u00a0<\/p>\n<p>Mientras tanto, La Habana puso en marcha en junio una serie de reformas de libre mercado para darle un impulso a la econom\u00eda.<\/p>\n<p>lis\/ad<\/p>\n","protected":false},"excerpt":{"rendered":"afp_tickers Este contenido fue publicado en 03 agosto 2026 &#8211; 20:01 Cuba comenz\u00f3 este lunes a restablecer el&hellip;\n","protected":false},"author":2,"featured_media":692550,"comment_status":"","ping_status":"","sticky":false,"template":"","format":"standard","meta":{"footnotes":""},"categories":[42],"tags":[17,18,82,83,30394,84,77154,14686,13,14,8861,11,61,62,63,86,64,19,20,9,10,15,16,88,90,12,21,22,65,66,67],"class_list":["post-692549","post","type-post","status-publish","format-standard","has-post-thumbnail","category-internacional","tag-breaking-news","tag-breakingnews","tag-business","tag-diplomacy","tag-economic-sanction","tag-economy-general","tag-electricity-production-and-distribution","tag-energy-and-resource","tag-featured-news","tag-featurednews","tag-foreign-aid","tag-headlines","tag-internacional","tag-international","tag-international-news","tag-international-relations","tag-internationalnews","tag-latest-news","tag-latestnews","tag-news","tag-noticias","tag-noticias-destacadas","tag-noticiasdestacadas","tag-politics","tag-ticker","tag-titulares","tag-ultimas-noticias","tag-ultimasnoticias","tag-world","tag-world-news","tag-worldnews"],"share_on_mastodon":{"url":"","error":"Validation failed: Text character limit of 500 exceeded"},"_links":{"self":[{"href":"https:\/\/www.europesays.com\/es\/wp-json\/wp\/v2\/posts\/692549","targetHints":{"allow":["GET"]}}],"collection":[{"href":"https:\/\/www.europesays.com\/es\/wp-json\/wp\/v2\/posts"}],"about":[{"href":"https:\/\/www.europesays.com\/es\/wp-json\/wp\/v2\/types\/post"}],"author":[{"embeddable":true,"href":"https:\/\/www.europesays.com\/es\/wp-json\/wp\/v2\/users\/2"}],"replies":[{"embeddable":true,"href":"https:\/\/www.europesays.com\/es\/wp-json\/wp\/v2\/comments?post=692549"}],"version-history":[{"count":0,"href":"https:\/\/www.europesays.com\/es\/wp-json\/wp\/v2\/posts\/692549\/revisions"}],"wp:featuredmedia":[{"embeddable":true,"href":"https:\/\/www.europesays.com\/es\/wp-json\/wp\/v2\/media\/692550"}],"wp:attachment":[{"href":"https:\/\/www.europesays.com\/es\/wp-json\/wp\/v2\/media?parent=692549"}],"wp:term":[{"taxonomy":"category","embeddable":true,"href":"https:\/\/www.europesays.com\/es\/wp-json\/wp\/v2\/categories?post=692549"},{"taxonomy":"post_tag","embeddable":true,"href":"https:\/\/www.europesays.com\/es\/wp-json\/wp\/v2\/tags?post=692549"}],"curies":[{"name":"wp","href":"https:\/\/api.w.org\/{rel}","templated":true}]}}