{"id":693039,"date":"2026-08-04T01:29:15","date_gmt":"2026-08-04T01:29:15","guid":{"rendered":"https:\/\/www.europesays.com\/es\/693039\/"},"modified":"2026-08-04T01:29:15","modified_gmt":"2026-08-04T01:29:15","slug":"el-caso-de-ceuta-reaviva-las-divisiones-en-torno-a-la-migracion-en-europa","status":"publish","type":"post","link":"https:\/\/www.europesays.com\/es\/693039\/","title":{"rendered":"El caso de Ceuta reaviva las divisiones en torno a la migraci\u00f3n en Europa"},"content":{"rendered":"<p>La afluencia sin precedentes de <a href=\"https:\/\/www.france24.com\/es\/tag\/migrantes\/\" target=\"_self\" rel=\"nofollow noopener\">migrantes<\/a> que cruzaron desde <a href=\"https:\/\/www.france24.com\/es\/tag\/marruecos\/\" target=\"_self\" rel=\"nofollow noopener\">Marruecos<\/a> hacia el enclave espa\u00f1ol de Ceuta, en el norte de <a href=\"https:\/\/www.france24.com\/es\/\u00e1frica\/\" target=\"_self\" rel=\"nofollow noopener\">\u00c1frica<\/a>, el jueves y el viernes pasados gener\u00f3 tensiones entre <a href=\"https:\/\/www.france24.com\/es\/tag\/espa\u00f1a\/\" target=\"_self\" rel=\"nofollow noopener\">Espa\u00f1a<\/a> y los socios europeos m\u00e1s cr\u00edticos de su pol\u00edtica migratoria. <a href=\"https:\/\/www.france24.com\/es\/tag\/italia\/\" target=\"_self\" rel=\"nofollow noopener\">Italia<\/a>, seguida por <a href=\"https:\/\/www.france24.com\/es\/tag\/dinamarca\/\" target=\"_self\" rel=\"nofollow noopener\">Dinamarca<\/a>, reclam\u00f3 de inmediato la <strong>suspensi\u00f3n de Espa\u00f1a del <a href=\"https:\/\/www.france24.com\/es\/tag\/espacio-schengen\/\" target=\"_self\" rel=\"nofollow noopener\">espacio Schengen<\/a><\/strong>.<\/p>\n<p>El pedido irrit\u00f3 a <a href=\"https:\/\/www.france24.com\/es\/tag\/madrid\/\" target=\"_self\" rel=\"nofollow noopener\">Madrid<\/a>, que solicit\u00f3 una reuni\u00f3n por videoconferencia de los ministros del Interior de la <a href=\"https:\/\/www.france24.com\/es\/tag\/uni\u00f3n-europea\/\" target=\"_self\" rel=\"nofollow noopener\">Uni\u00f3n Europea<\/a> (UE) para este martes 4 de agosto.<\/p>\n<p class=\"o-em-consent__content__text\">Para mostrar este contenido de YouTube, debe autorizar las cookies de medici\u00f3n de audiencia y publicidad.<\/p>\n<p>            Aceptar<\/p>\n<p>        Gestionar mis opciones                <\/p>\n<p class=\"o-em-adblock__content__text\">Una extensi\u00f3n de tu navegador parece estar bloqueando la carga del reproductor de video. Para poder ver este contenido, debes desactivarla en este sitio.<\/p>\n<p>            Reintentar<\/p>\n<p><img fetchpriority=\"high\" decoding=\"auto\" src=\"https:\/\/www.europesays.com\/es\/wp-content\/uploads\/2026\/08\/ES-20260803-110735-110942-CS.jpg\"   width=\"1024\" height=\"576\" alt=\"\" loading=\"eager\" class=\"a-img \"\/><\/p>\n<p>    Imagen de portada:                    \u00a9 France 24                            <\/p>\n<p>En los \u00faltimos meses, <a href=\"https:\/\/www.france24.com\/es\/tag\/bruselas\/\" target=\"_self\" rel=\"nofollow noopener\">Bruselas<\/a>\u00a0ha endurecido considerablemente su legislaci\u00f3n migratoria a trav\u00e9s del Nuevo Pacto sobre Migraci\u00f3n y Asilo que, entre otras medidas, permite a los Estados miembros enviar a los solicitantes de asilo rechazados a centros situados fuera de las fronteras comunitarias, los llamados <strong>\u00abcentros de retorno\u00bb<\/strong>.<\/p>\n<p>\u00abA partir de este incidente, queda claro que debemos hacer m\u00e1s para reforzar nuestras fronteras en los puntos cr\u00edticos\u00bb, escribi\u00f3 este lunes la presidenta de la <a href=\"https:\/\/www.france24.com\/es\/tag\/comisi\u00f3n-europea\/\" target=\"_self\" rel=\"nofollow noopener\">Comisi\u00f3n Europea<\/a>, <a href=\"https:\/\/www.france24.com\/es\/tag\/ursula-von-der-leyen\/\" target=\"_self\" rel=\"nofollow noopener\">Ursula von der Leyen<\/a>, en una carta al presidente del Gobierno espa\u00f1ol, <a href=\"https:\/\/www.france24.com\/es\/tag\/pedro-s\u00e1nchez\/\" target=\"_self\" rel=\"nofollow noopener\">Pedro S\u00e1nchez<\/a>, a la que tuvo acceso AFP.<\/p>\n<p>\u00abLa protecci\u00f3n de todas nuestras fronteras exteriores es una responsabilidad europea compartida\u00bb, advirti\u00f3.<\/p>\n<p class=\"o-em-consent__content__text\">Para mostrar este contenido de YouTube, debe autorizar las cookies de medici\u00f3n de audiencia y publicidad.<\/p>\n<p>            Aceptar<\/p>\n<p>        Gestionar mis opciones                <\/p>\n<p class=\"o-em-adblock__content__text\">Una extensi\u00f3n de tu navegador parece estar bloqueando la carga del reproductor de video. Para poder ver este contenido, debes desactivarla en este sitio.<\/p>\n<p>            Reintentar<\/p>\n<p><img fetchpriority=\"high\" decoding=\"auto\" src=\"https:\/\/www.europesays.com\/es\/wp-content\/uploads\/2026\/08\/ES-20260802-180607-180726-CS.jpg\"   width=\"1024\" height=\"576\" alt=\"2026-08-02 23:06 Espa\u00f1a devuelve a Marruecos la mayor\u00eda de migrantes que lograron llegar a Ceuta\" loading=\"eager\" class=\"a-img \"\/><\/p>\n<p>    Imagen de portada:            2026-08-02 23:06 Espa\u00f1a devuelve a Marruecos la mayor\u00eda de migrantes que lograron llegar a Ceuta        \u00a9 France 24                            <\/p>\n<p>Espa\u00f1a se\u00f1ala que \u00abcasi todas\u00bb las cerca de<strong> 60.000 personas<\/strong> que cruzaron la frontera de manera irregular, en su mayor\u00eda j\u00f3venes marroqu\u00edes, ya fueron devueltas a Marruecos.<\/p>\n<p>Seg\u00fan Madrid, al menos<strong> 72 migrantes murieron<\/strong> mientras intentaban llegar al enclave la semana pasada, mientras que Rabat estima 11. La Asociaci\u00f3n Marroqu\u00ed de Derechos Humanos (AMDH) habla de <strong>\u00abcerca de 130 v\u00edctimas\u00bb<\/strong> y de decenas de desaparecidos.<\/p>\n<p class=\"a-read-more\">Leer tambi\u00e9n<a href=\"https:\/\/www.france24.com\/es\/europa\/20260802-espa\u00f1a-eleva-a-72-los-muertos-en-ceuta-mientras-contin\u00faa-la-b\u00fasqueda-de-desaparecidos\" target=\"_self\" class=\"a-read-more__link\" rel=\"nofollow noopener\">Espa\u00f1a eleva a 72 los muertos en Ceuta, mientras contin\u00faa la b\u00fasqueda de desaparecidos<\/a><\/p>\n<p>Stuart Norval, de France 24, convers\u00f3 con Camille Le Coz, directora del centro de pensamiento Migration Policy Institute Europe, sobre lo ocurrido en Ceuta y sobre el futuro del eterno debate migratorio en la UE.<\/p>\n<p><strong>France 24: Circul\u00f3 mucha informaci\u00f3n incorrecta sobre este tema durante el fin de semana. \u00bfCoincide con que hubo grupos de extrema derecha intentando capitalizar esas im\u00e1genes?<\/strong><\/p>\n<p><strong>Camille Le Coz:<\/strong> Sin duda. Se trata, por supuesto, de hechos sin precedentes. Ya hubo crisis en Ceuta en el pasado, pero es la primera vez que llega tanta gente al mismo tiempo y en un lapso tan corto. Y vimos c\u00f3mo esas im\u00e1genes fueron utilizadas pol\u00edticamente, sobre todo por partidos de derecha y de <a href=\"https:\/\/www.france24.com\/es\/tag\/extrema-derecha\/\" target=\"_self\" rel=\"nofollow noopener\">extrema derecha<\/a> de toda <a href=\"https:\/\/www.france24.com\/es\/europa\/\" target=\"_self\" rel=\"nofollow noopener\">Europa<\/a>, para mostrar que Europa estaba \u00abbajo ataque\u00bb.<\/p>\n<p>Al mismo tiempo, vimos la rapidez con la que respondi\u00f3 Espa\u00f1a y c\u00f3mo la cooperaci\u00f3n con Marruecos permiti\u00f3 el retorno de la mayor\u00eda de quienes hab\u00edan llegado.<\/p>\n<p class=\"o-em-consent__content__text\">Para mostrar este contenido de YouTube, debe autorizar las cookies de medici\u00f3n de audiencia y publicidad.<\/p>\n<p>            Aceptar<\/p>\n<p>        Gestionar mis opciones                <\/p>\n<p class=\"o-em-adblock__content__text\">Una extensi\u00f3n de tu navegador parece estar bloqueando la carga del reproductor de video. Para poder ver este contenido, debes desactivarla en este sitio.<\/p>\n<p>            Reintentar<\/p>\n<p><img fetchpriority=\"high\" decoding=\"auto\" src=\"https:\/\/www.europesays.com\/es\/wp-content\/uploads\/2026\/08\/ES-20260802-080501-080715-CS.jpg\"   width=\"1024\" height=\"576\" alt=\"\" loading=\"eager\" class=\"a-img \"\/><\/p>\n<p>    Imagen de portada:                    \u00a9 France 24                            <\/p>\n<p><strong>\u00bfC\u00f3mo se contrarresta ese relato falso?<\/strong><\/p>\n<p>Ese va a ser el eje de la reuni\u00f3n de ma\u00f1ana entre todos los ministerios del Interior de Europa, porque otra cosa llamativa del fin de semana fue la divisi\u00f3n dentro de la UE.<\/p>\n<p>Mientras un Estado miembro enfrentaba esta situaci\u00f3n excepcional, otros 22 eligieron este momento para culpar a Espa\u00f1a por su pol\u00edtica de regularizaci\u00f3n y, adem\u00e1s, reclamar medidas m\u00e1s dr\u00e1sticas contra la migraci\u00f3n irregular, cuando ya hay mucho en marcha: distintos paquetes de medidas contra el tr\u00e1fico y la <a href=\"https:\/\/www.france24.com\/es\/tag\/trata-de-personas\/\" target=\"_self\" rel=\"nofollow noopener\">trata de personas<\/a> y la implementaci\u00f3n de ese marco com\u00fan europeo que es el Nuevo Pacto sobre Migraci\u00f3n y Asilo.<\/p>\n<p class=\"a-read-more\">Leer tambi\u00e9n<a href=\"https:\/\/www.france24.com\/es\/europa\/20260803-mafias-o-algo-m\u00e1s-abren-diligencias-para-investigar-llegada-masiva-de-migrantes-a-ceuta\" target=\"_self\" class=\"a-read-more__link\" rel=\"nofollow noopener\">\u00bfMafias o algo m\u00e1s?: abren diligencias para investigar crisis de migrantes en Ceuta, en medio de dudas sobre Marruecos<\/a><\/p>\n<p>As\u00ed que lo que se espera es, por un lado, a algunos de esos Estados miembros pidiendo avanzar todav\u00eda m\u00e1s hacia la externalizaci\u00f3n, con medidas como los centros de retorno y todo tipo de esquemas que se discutieron en los \u00faltimos a\u00f1os.<\/p>\n<p>Y, por otro, a Espa\u00f1a defendiendo el tipo de cooperaci\u00f3n y de asociaci\u00f3n que viene aplicando con pa\u00edses como Marruecos y que hasta ahora dio resultados en materia de gesti\u00f3n migratoria.<\/p>\n<p class=\"o-em-consent__content__text\">Para mostrar este contenido de YouTube, debe autorizar las cookies de medici\u00f3n de audiencia y publicidad.<\/p>\n<p>            Aceptar<\/p>\n<p>        Gestionar mis opciones                <\/p>\n<p class=\"o-em-adblock__content__text\">Una extensi\u00f3n de tu navegador parece estar bloqueando la carga del reproductor de video. Para poder ver este contenido, debes desactivarla en este sitio.<\/p>\n<p>            Reintentar<\/p>\n<p><img fetchpriority=\"high\" decoding=\"auto\" src=\"https:\/\/www.europesays.com\/es\/wp-content\/uploads\/2026\/08\/ES-20260801-130200-130356-CS.jpg\"   width=\"1024\" height=\"576\" alt=\"2026-08-01 18:02 Crisis migratoria en Ceuta desata enfrentamiento pol\u00edtico en Espa\u00f1a\" loading=\"eager\" class=\"a-img \"\/><\/p>\n<p>    Imagen de portada:            2026-08-01 18:02 Crisis migratoria en Ceuta desata enfrentamiento pol\u00edtico en Espa\u00f1a        \u00a9 France 24                            <\/p>\n<p><strong>Italia incluso suspendi\u00f3 temporalmente el acuerdo de Schengen con Espa\u00f1a. \u00bfVe alguna justificaci\u00f3n para eso?<\/strong><\/p>\n<p>Es puro teatro pol\u00edtico porque, como est\u00e1 bien documentado, nadie pas\u00f3 de Ceuta a la Espa\u00f1a peninsular.<\/p>\n<p>Y en un momento en que la UE intenta dejar atr\u00e1s esa vieja l\u00f3gica para construir un sistema com\u00fan, vemos a algunos Estados miembros usar la situaci\u00f3n para atacar al Gobierno espa\u00f1ol, que hoy est\u00e1 bastante aislado en la escena europea.<\/p>\n<p>Este art\u00edculo es una adaptaci\u00f3n de su <a href=\"https:\/\/www.france24.com\/en\/europe\/20260803-ceuta-migrant-influx-reignites-immigration-divisions-in-europe\" target=\"_self\" rel=\"nofollow noopener\">original en ingl\u00e9s<\/a>.<\/p>\n","protected":false},"excerpt":{"rendered":"La afluencia sin precedentes de migrantes que cruzaron desde Marruecos hacia el enclave espa\u00f1ol de Ceuta, en el&hellip;\n","protected":false},"author":2,"featured_media":693040,"comment_status":"","ping_status":"","sticky":false,"template":"","format":"standard","meta":{"footnotes":""},"categories":[8],"tags":[5404,17,18,4486,894,2496,25,24,700,13,14,11,628,19,20,4485,892,890,9,10,15,16,2959,23,12,21,22,1617,1707],"class_list":["post-693039","post","type-post","status-publish","format-standard","has-post-thumbnail","category-espana","tag-africa","tag-breaking-news","tag-breakingnews","tag-ceuta","tag-crisis-migratoria","tag-dinamarca","tag-es","tag-espana","tag-europa","tag-featured-news","tag-featurednews","tag-headlines","tag-italia","tag-latest-news","tag-latestnews","tag-marruecos","tag-migracion","tag-migrantes","tag-news","tag-noticias","tag-noticias-destacadas","tag-noticiasdestacadas","tag-pedro-sanchez","tag-spain","tag-titulares","tag-ultimas-noticias","tag-ultimasnoticias","tag-union-europea","tag-ursula-von-der-leyen"],"share_on_mastodon":{"url":"https:\/\/pubeurope.com\/@es\/117034652261698214","error":""},"_links":{"self":[{"href":"https:\/\/www.europesays.com\/es\/wp-json\/wp\/v2\/posts\/693039","targetHints":{"allow":["GET"]}}],"collection":[{"href":"https:\/\/www.europesays.com\/es\/wp-json\/wp\/v2\/posts"}],"about":[{"href":"https:\/\/www.europesays.com\/es\/wp-json\/wp\/v2\/types\/post"}],"author":[{"embeddable":true,"href":"https:\/\/www.europesays.com\/es\/wp-json\/wp\/v2\/users\/2"}],"replies":[{"embeddable":true,"href":"https:\/\/www.europesays.com\/es\/wp-json\/wp\/v2\/comments?post=693039"}],"version-history":[{"count":0,"href":"https:\/\/www.europesays.com\/es\/wp-json\/wp\/v2\/posts\/693039\/revisions"}],"wp:featuredmedia":[{"embeddable":true,"href":"https:\/\/www.europesays.com\/es\/wp-json\/wp\/v2\/media\/693040"}],"wp:attachment":[{"href":"https:\/\/www.europesays.com\/es\/wp-json\/wp\/v2\/media?parent=693039"}],"wp:term":[{"taxonomy":"category","embeddable":true,"href":"https:\/\/www.europesays.com\/es\/wp-json\/wp\/v2\/categories?post=693039"},{"taxonomy":"post_tag","embeddable":true,"href":"https:\/\/www.europesays.com\/es\/wp-json\/wp\/v2\/tags?post=693039"}],"curies":[{"name":"wp","href":"https:\/\/api.w.org\/{rel}","templated":true}]}}