{"id":693105,"date":"2026-08-04T02:41:13","date_gmt":"2026-08-04T02:41:13","guid":{"rendered":"https:\/\/www.europesays.com\/es\/693105\/"},"modified":"2026-08-04T02:41:13","modified_gmt":"2026-08-04T02:41:13","slug":"afra-blanco-muy-critica-con-la-compra-del-atico-de-ayuso-esto-es-un-robo-en-toda-regla","status":"publish","type":"post","link":"https:\/\/www.europesays.com\/es\/693105\/","title":{"rendered":"Afra Blanco, muy cr\u00edtica con la compra del \u00e1tico de Ayuso: \u00abEsto es un robo en toda regla\u00bb"},"content":{"rendered":"<p class=\"L6-news-detail__text\">Siguen las dudas en torno al \u00e1tico de <b><a title=\"Isabel D\u00edaz Ayuso\" href=\"https:\/\/www.lasexta.com\/temas\/isabel_diaz_ayuso-1\" target=\"_blank\" rel=\"nofollow noopener\">Isabel D\u00edaz Ayuso<\/a><\/b>. La presidenta ha hablado sobre la compra y la venta, pero sin poner luz a los interrogantes que han despertado estos hechos. La presidenta de la Comunidad de Madrid ha dicho que el <b>inmueble est\u00e1 en venta<\/b> junto con otros cuatro situados en Gran V\u00eda. Ayuso ha se\u00f1alado que con el dinero obtenido se reforzara la reconstrucci\u00f3n de la Sierra Oeste de Madrid, afectada por los incendios.<\/p>\n<p class=\"L6-news-detail__text\"><b><a title=\"Afra Blanco\" href=\"https:\/\/www.lasexta.com\/temas\/afra_blanco-1\" target=\"_blank\" rel=\"nofollow noopener\">Afra Blanco<\/a><\/b> afirma que no se cree que los madrile\u00f1os puedan tener ese <b>nivel de fanatismo con Ayuso<\/b> y que no se den cuenta de lo que est\u00e1 sucediendo. \u00abNi me creo que la poblaci\u00f3n est\u00e9 tan anestesiada\u00bb, a\u00f1ade.<\/p>\n<p class=\"L6-news-detail__text\">La sindicalista considera que se ha comprado un piso a la presidenta de <b>6,3 millones de euros<\/b>, \u00aby ella no ha dicho nada\u00bb. \u00ab\u00bfQui\u00e9n se lo ha comprado? Los madrile\u00f1os y las madrile\u00f1as\u00bb, a\u00f1ade. \u00ab\u00bf<b>C\u00f3mo lo llamamos<\/b>? \u00bfRobo? \u00bfCorrupci\u00f3n? \u00bfQu\u00e9 es?\u00bb, plantea.<\/p>\n<p class=\"L6-news-detail__text\">\u00abEsto es un robo en toda regla\u00bb, se\u00f1ala, tajante, Blanco, \u00ab<b>se est\u00e1 robando a los madrile\u00f1os y madrile\u00f1as<\/b>\u00ab. La sindicalista expone que deben dar explicaciones sobre lo sucedido.<\/p>\n<p class=\"L6-news-detail__text\"><b><a title=\"*A\u00f1ade laSexta como tu medio de referencia en Google y no te pierdas toda la actualidad y el mejor contenido\" href=\"https:\/\/www.google.com\/preferences\/source?q=lasexta.com\" target=\"_blank\" rel=\"nofollow noopener\">*A\u00f1ade laSexta como tu medio de referencia en Google y no te pierdas toda la actualidad y el mejor contenido<\/a><\/b><\/p>\n<p class=\"L6-support-news-video__title\">Consecuencia pol\u00edtica<\/p>\n<p> <a href=\"https:\/\/www.lasexta.com\/noticias\/nacional\/moncloa-cesa-funcionaria-seguridad-nacional-que-informo-entrada-49000-migrantes-ceuta_202608036a70dc2d71b42a0b5dd81f76.html\" class=\"L6-news__link\" rel=\"nofollow noopener\" target=\"_blank\">Moncloa cesa a la funcionaria de Seguridad Nacional que inform\u00f3 de la entrada de 49.000 migrantes en Ceuta<\/p>\n<p class=\"recirculation-video-desc\">Los detalles La funcionaria era la responsable de comunicaci\u00f3n del Departamento de Seguridad Nacional. El viernes 31 de julio public\u00f3 datos de un informe de car\u00e1cter interno del Ministerio del Interior.<\/p>\n<p> <\/a><\/p>\n","protected":false},"excerpt":{"rendered":"Siguen las dudas en torno al \u00e1tico de Isabel D\u00edaz Ayuso. La presidenta ha hablado sobre la compra&hellip;\n","protected":false},"author":2,"featured_media":693106,"comment_status":"","ping_status":"","sticky":false,"template":"","format":"standard","meta":{"footnotes":""},"categories":[8],"tags":[101326,17,18,25,24,13,14,11,3515,19,20,9,10,15,16,23,12,21,22],"class_list":["post-693105","post","type-post","status-publish","format-standard","has-post-thumbnail","category-espana","tag-afra-blanco","tag-breaking-news","tag-breakingnews","tag-es","tag-espana","tag-featured-news","tag-featurednews","tag-headlines","tag-isabel-diaz-ayuso","tag-latest-news","tag-latestnews","tag-news","tag-noticias","tag-noticias-destacadas","tag-noticiasdestacadas","tag-spain","tag-titulares","tag-ultimas-noticias","tag-ultimasnoticias"],"share_on_mastodon":{"url":"https:\/\/pubeurope.com\/@es\/117034935079058237","error":""},"_links":{"self":[{"href":"https:\/\/www.europesays.com\/es\/wp-json\/wp\/v2\/posts\/693105","targetHints":{"allow":["GET"]}}],"collection":[{"href":"https:\/\/www.europesays.com\/es\/wp-json\/wp\/v2\/posts"}],"about":[{"href":"https:\/\/www.europesays.com\/es\/wp-json\/wp\/v2\/types\/post"}],"author":[{"embeddable":true,"href":"https:\/\/www.europesays.com\/es\/wp-json\/wp\/v2\/users\/2"}],"replies":[{"embeddable":true,"href":"https:\/\/www.europesays.com\/es\/wp-json\/wp\/v2\/comments?post=693105"}],"version-history":[{"count":0,"href":"https:\/\/www.europesays.com\/es\/wp-json\/wp\/v2\/posts\/693105\/revisions"}],"wp:featuredmedia":[{"embeddable":true,"href":"https:\/\/www.europesays.com\/es\/wp-json\/wp\/v2\/media\/693106"}],"wp:attachment":[{"href":"https:\/\/www.europesays.com\/es\/wp-json\/wp\/v2\/media?parent=693105"}],"wp:term":[{"taxonomy":"category","embeddable":true,"href":"https:\/\/www.europesays.com\/es\/wp-json\/wp\/v2\/categories?post=693105"},{"taxonomy":"post_tag","embeddable":true,"href":"https:\/\/www.europesays.com\/es\/wp-json\/wp\/v2\/tags?post=693105"}],"curies":[{"name":"wp","href":"https:\/\/api.w.org\/{rel}","templated":true}]}}