{"id":693267,"date":"2026-08-04T05:28:58","date_gmt":"2026-08-04T05:28:58","guid":{"rendered":"https:\/\/www.europesays.com\/es\/693267\/"},"modified":"2026-08-04T05:28:58","modified_gmt":"2026-08-04T05:28:58","slug":"la-reina-letizia-convierte-la-recepcion-de-marivent-en-el-mejor-desfile-de-vestidos-de-verano-cuatro-looks-que-siguen-siendo-pura-inspiracion","status":"publish","type":"post","link":"https:\/\/www.europesays.com\/es\/693267\/","title":{"rendered":"La Reina Letizia convierte la recepci\u00f3n de Marivent en el mejor desfile de vestidos de verano: cuatro looks que siguen siendo pura inspiraci\u00f3n"},"content":{"rendered":"<p>La cuenta atr\u00e1s para uno de los actos m\u00e1s esperados del verano de la Familia Real ya ha comenzado. Este martes por la noche, <b>los Reyes volver\u00e1n a recibir a una representaci\u00f3n de la sociedad balear en el Palacio de Marivent<\/b>, una cita que cada a\u00f1o concentra todas las miradas no solo por su significado institucional, sino tambi\u00e9n por <a title=\"los estilismos que luce la Reina Letizia. \" href=\"https:\/\/www.larazon.es\/lifestyle\/moda\/letizia-pone-broche-oro-atlantida-mallorca-film-fest-vestido-asimetrico-burdeos-que-potencia-bronceado_202608026a6f99c3a5690f047360acb2.html\" target=\"_blank\" rel=\"nofollow noopener\">los estilismos que luce la Reina Letizia. <\/a>Antes de descubrir cu\u00e1l ser\u00e1 su elecci\u00f3n este a\u00f1o, repasamos los cuatro vestidos que han definido la evoluci\u00f3n de su estilo en esta recepci\u00f3n y que siguen siendo una fuente de inspiraci\u00f3n para cualquier invitada de verano.<\/p>\n<p>2019: el vestido rojo que convirti\u00f3 en un cl\u00e1sico de Marivent<\/p>\n<p>Antes del par\u00f3n provocado por la pandemia, <a title=\"la Reina Letizia\" href=\"https:\/\/www.larazon.es\/lifestyle\/moda\/alpargatas-que-solamente-cuestan-15-euros-que-letizia-compartiria-leonor-sofia-mallorca_202608026a6f250c71b42a0b5dd511a0.html\" target=\"_blank\" rel=\"nofollow noopener\">la Reina Letizia<\/a> protagoniz\u00f3 uno de los estilismos m\u00e1s recordados de esta recepci\u00f3n. En 2019 apost\u00f3 por un vestido rojo de corte midi, cuello halter y falda de vuelo que realzaba su figura con una elegancia sencilla y atemporal.<\/p>\n<p><img decoding=\"async\" loading=\"lazy\" src=\"https:\/\/www.europesays.com\/es\/wp-content\/uploads\/2026\/08\/letizia-mallorca_123.jpg\" alt=\"Letizia en Mallorca.\" width=\"1280\" height=\"1920\"\/><b>Letizia en Mallorca.<\/b> Gtres<\/p>\n<p>Lo complet\u00f3 con unas sandalias metalizadas de tac\u00f3n y un clutch a juego, demostrando que el rojo sigue siendo uno de los colores con los que m\u00e1s c\u00f3moda se siente en las grandes citas estivales. A d\u00eda de hoy contin\u00faa siendo uno de los looks m\u00e1s ic\u00f3nicos de Marivent y una referencia cuando se habla de sus mejores estilismos de verano.<\/p>\n<p>2022: el espectacular vestido coral de Charo Ruiz Ibiza<\/p>\n<p>Si hay un look que consigui\u00f3 acaparar titulares fue el de 2022. La Reina apost\u00f3 por un espectacular <b>dise\u00f1o de Charo Ruiz Ibiza<\/b> confeccionado en un tejido coral con estampado tropical, cuerpo engomado, escote bardot y una llamativa falda de gran volumen.<\/p>\n<p><img decoding=\"async\" loading=\"lazy\" src=\"https:\/\/www.europesays.com\/es\/wp-content\/uploads\/2026\/08\/58.jpg\" alt=\"Los Reyes de Espa\u00f1a, Felipe Vi y Letizia Ort\u00edz junto con Reina Sof\u00eda, en la recepci\u00f3n ofrecida a las autoridades de las Islas Baleares y a una representaci\u00f3n de la sociedad balear en el Palacio de Marivent\" width=\"5455\" height=\"3637\"\/><b>Los Reyes de Espa\u00f1a, Felipe Vi y Letizia Ort\u00edz junto con Reina Sof\u00eda, en la recepci\u00f3n ofrecida a las autoridades de las Islas Baleares y a una representaci\u00f3n de la sociedad balear en el Palacio de Marivent<\/b> Alberto R. Rold\u00e1n La Raz\u00f3n<\/p>\n<p>El vestido se convirti\u00f3 en uno de los m\u00e1s comentados de la temporada por su aire mediterr\u00e1neo y por reivindicar una de las firmas espa\u00f1olas m\u00e1s reconocidas del verano. Lo complet\u00f3 con unas alpargatas de cu\u00f1a, confirmando una vez m\u00e1s que este calzado es imprescindible en sus citas estivales.<\/p>\n<p>2023: el estampado azul y blanco que respiraba Mediterr\u00e1neo<\/p>\n<p>En 2023 la Reina sorprendi\u00f3 con un <b>vestido estampado de Desigual<\/b> en tonos blancos y azules que recordaba a la cer\u00e1mica mediterr\u00e1nea.<\/p>\n<p><img decoding=\"async\" loading=\"lazy\" src=\"https:\/\/www.europesays.com\/es\/wp-content\/uploads\/2026\/08\/123.jpg\" alt=\"Recepci\u00f3n de los Reyes en Palma\" width=\"1854\" height=\"2780\"\/><b>Recepci\u00f3n de los Reyes en Palma<\/b> Ballesteros Agencia EFE<\/p>\n<p>El dise\u00f1o destacaba por su escote bardot, la falda de vuelo y unas alpargatas blancas de cu\u00f1a que reforzaban ese aire relajado y veraniego. Fue uno de esos estilismos que demostraban que comodidad y sofisticaci\u00f3n pueden ir perfectamente de la mano.<\/p>\n<p>2025: el vestido ibicenco de Tony Bonet que marc\u00f3 un antes y un despu\u00e9s<\/p>\n<p>El a\u00f1o pasado la Reina sorprendi\u00f3 con una imagen completamente diferente al elegir un <b>vestido blanco de inspiraci\u00f3n adlib firmado por el dise\u00f1ador ibicenco Tony Bonet<\/b>, perteneciente a la colecci\u00f3n Arrels.<\/p>\n<p><img decoding=\"async\" loading=\"lazy\" src=\"https:\/\/www.europesays.com\/es\/wp-content\/uploads\/2026\/08\/1785821338_948_123.jpg\" alt=\"Los reyes Felipe VI y Letizia ofrecen la tradicional recepci\u00f3n a las autoridades de Baleares en Marivent\" width=\"2026\" height=\"3039\"\/><b>Los reyes Felipe VI y Letizia ofrecen la tradicional recepci\u00f3n a las autoridades de Baleares en Marivent<\/b> Ballesteros Agencia EFE<\/p>\n<p>Confeccionado en batista bordada y con una cuidada est\u00e9tica artesanal, el dise\u00f1o respiraba Mediterr\u00e1neo por los cuatro costados. Lo acompa\u00f1\u00f3 con las alpargatas doradas Marivent de Calzados Pic\u00f3n y unos pendientes de Isabel Guarch inspirados en el roset\u00f3n de la Catedral de Palma, en una clara apuesta por el talento local.<\/p>\n<p>Fue uno de los estilismos m\u00e1s aplaudidos de los \u00faltimos a\u00f1os porque resum\u00eda a la perfecci\u00f3n la evoluci\u00f3n del armario estival de la Reina: prendas c\u00f3modas, tejidos naturales, dise\u00f1o espa\u00f1ol y una elegancia mucho m\u00e1s relajada.<\/p>\n<p>\u00bfCon qu\u00e9 vestido sorprender\u00e1 ma\u00f1ana?<\/p>\n<p>La <a title=\"recepci\u00f3n de Marivent\" href=\"https:\/\/www.larazon.es\/gente\/casa-real\/marivent-casa-todos-reencuentro-que-anuncio-razon_202607296a695235a5690f047356daba.html\" target=\"_blank\" rel=\"nofollow noopener\">recepci\u00f3n de Marivent<\/a> se ha convertido en mucho m\u00e1s que un acto institucional. Tambi\u00e9n es el gran escaparate del armario de verano de la Reina Letizia, una cita en la que suele apostar por firmas espa\u00f1olas, tejidos ligeros y dise\u00f1os que conectan con el paisaje mediterr\u00e1neo de Mallorca.<\/p>\n<p>Despu\u00e9s del vestido rojo de 2019 convertido en un cl\u00e1sico, del dise\u00f1o coral de Charo Ruiz Ibiza en 2022, del estampado azul y blanco de Desigual en 2023 y del vestido adlib de Tony Bonet en 2025, la expectaci\u00f3n vuelve a ser m\u00e1xima. Todo apunta a que este martes volver\u00e1 a confiar en una <b>firma espa\u00f1ola<\/b> y en un vestido capaz de convertirse, una vez m\u00e1s, en una de las im\u00e1genes m\u00e1s comentadas del verano.<\/p>\n","protected":false},"excerpt":{"rendered":"La cuenta atr\u00e1s para uno de los actos m\u00e1s esperados del verano de la Familia Real ya ha&hellip;\n","protected":false},"author":2,"featured_media":693268,"comment_status":"","ping_status":"","sticky":false,"template":"","format":"standard","meta":{"footnotes":""},"categories":[91],"tags":[6042,111175,146,147,25,24,2457,1023,11362,23,5732],"class_list":["post-693267","post","type-post","status-publish","format-standard","has-post-thumbnail","category-entretenimiento","tag-casa-real","tag-casa-real-espanola","tag-entertainment","tag-entretenimiento","tag-es","tag-espana","tag-mallorca","tag-moda","tag-reina-letizia","tag-spain","tag-vestidos"],"share_on_mastodon":{"url":"https:\/\/pubeurope.com\/@es\/117035596755757713","error":""},"_links":{"self":[{"href":"https:\/\/www.europesays.com\/es\/wp-json\/wp\/v2\/posts\/693267","targetHints":{"allow":["GET"]}}],"collection":[{"href":"https:\/\/www.europesays.com\/es\/wp-json\/wp\/v2\/posts"}],"about":[{"href":"https:\/\/www.europesays.com\/es\/wp-json\/wp\/v2\/types\/post"}],"author":[{"embeddable":true,"href":"https:\/\/www.europesays.com\/es\/wp-json\/wp\/v2\/users\/2"}],"replies":[{"embeddable":true,"href":"https:\/\/www.europesays.com\/es\/wp-json\/wp\/v2\/comments?post=693267"}],"version-history":[{"count":0,"href":"https:\/\/www.europesays.com\/es\/wp-json\/wp\/v2\/posts\/693267\/revisions"}],"wp:featuredmedia":[{"embeddable":true,"href":"https:\/\/www.europesays.com\/es\/wp-json\/wp\/v2\/media\/693268"}],"wp:attachment":[{"href":"https:\/\/www.europesays.com\/es\/wp-json\/wp\/v2\/media?parent=693267"}],"wp:term":[{"taxonomy":"category","embeddable":true,"href":"https:\/\/www.europesays.com\/es\/wp-json\/wp\/v2\/categories?post=693267"},{"taxonomy":"post_tag","embeddable":true,"href":"https:\/\/www.europesays.com\/es\/wp-json\/wp\/v2\/tags?post=693267"}],"curies":[{"name":"wp","href":"https:\/\/api.w.org\/{rel}","templated":true}]}}