{"id":69344,"date":"2025-08-24T16:48:15","date_gmt":"2025-08-24T16:48:15","guid":{"rendered":"https:\/\/www.europesays.com\/es\/69344\/"},"modified":"2025-08-24T16:48:15","modified_gmt":"2025-08-24T16:48:15","slug":"el-tranvia-de-zaragoza-se-interrumpira-esta-semana-por-obras-en-un-tramo-de-las-vias","status":"publish","type":"post","link":"https:\/\/www.europesays.com\/es\/69344\/","title":{"rendered":"El tranv\u00eda de Zaragoza se interrumpir\u00e1 esta semana por obras en un tramo de las v\u00edas"},"content":{"rendered":"<p class=\"paragraph\"><a href=\"https:\/\/www.heraldo.es\/noticias\/aragon\/zaragoza\/2025\/08\/08\/zaragoza-obras-agosto-calles-afecciones-1845339.html\" title=\"Zaragoza se llena de obras en agosto: estas son las calles en las que hay afecciones\" rel=\"nofollow noopener\" target=\"_blank\">Afecciones por obras de mejora en el tranv\u00eda. <\/a>El Ayuntamiento de Zaragoza ha informado este domingo de unos trabajos que <b>interrumpir\u00e1n el servicio de la l\u00ednea 1 en uno de sus tramos, concretamente en el barrio del Actur. <\/b>El corte se llevar\u00e1 a cabo en horario nocturno para tratar de limitar las molestias a los usuarios, no obstante, el \u00c1rea de Movilidad y Medio Ambiente habilitar\u00e1 un servicio alternativo de autob\u00fas mientras dure la interrupci\u00f3n.\u00a0<\/p>\n<p class=\"paragraph\">En concreto, el tranv\u00eda se ver\u00e1 parcialmente interrumpido los d\u00edas 26 y 27 de agosto, martes y mi\u00e9rcoles, debido a una intervenci\u00f3n t\u00e9cnica necesaria relativa a la reparaci\u00f3n de carril en un tramo del Actur. El martes se cortar\u00e1 desde las 22.00 y hasta el fin de servicio no circular\u00e1n tranv\u00edas<b> entre\u00a0La Chimenea y Legaz Lacambra, en una de las direcciones, y Adolfo Aznar<\/b>, en la otra, con ambos sentidos afectados.<\/p>\n<p class=\"paragraph\">\u00abEste mismo tramo estar\u00e1 sin servicio el mi\u00e9rcoles 27 de agosto desde el inicio de la operaci\u00f3n comercial por la ma\u00f1ana y, <b>previsiblemente, hasta las 7.00<\/b>\u00ab, apuntan a su vez desde Tranv\u00edas de Zaragoza.\u00a0Mientras duren los trabajos, el tramo afectado estar\u00e1 cubierto en todo momento por un servicio especial de bus. Asimismo, los horarios podr\u00edan variar dependiendo de la evoluci\u00f3n de las labores.<\/p>\n","protected":false},"excerpt":{"rendered":"Afecciones por obras de mejora en el tranv\u00eda. El Ayuntamiento de Zaragoza ha informado este domingo de unos&hellip;\n","protected":false},"author":2,"featured_media":69345,"comment_status":"","ping_status":"","sticky":false,"template":"","format":"standard","meta":{"footnotes":""},"categories":[5],"tags":[17,18,11078,25,24,13,14,11,27805,19,20,9,10,15,16,773,23,12,7460,21,22,491],"class_list":{"0":"post-69344","1":"post","2":"type-post","3":"status-publish","4":"format-standard","5":"has-post-thumbnail","7":"category-titulares","8":"tag-breaking-news","9":"tag-breakingnews","10":"tag-carril","11":"tag-es","12":"tag-espana","13":"tag-featured-news","14":"tag-featurednews","15":"tag-headlines","16":"tag-interrumpira","17":"tag-latest-news","18":"tag-latestnews","19":"tag-news","20":"tag-noticias","21":"tag-noticias-destacadas","22":"tag-noticiasdestacadas","23":"tag-semana","24":"tag-spain","25":"tag-titulares","26":"tag-tranvia","27":"tag-ultimas-noticias","28":"tag-ultimasnoticias","29":"tag-zaragoza"},"share_on_mastodon":{"url":"","error":""},"_links":{"self":[{"href":"https:\/\/www.europesays.com\/es\/wp-json\/wp\/v2\/posts\/69344","targetHints":{"allow":["GET"]}}],"collection":[{"href":"https:\/\/www.europesays.com\/es\/wp-json\/wp\/v2\/posts"}],"about":[{"href":"https:\/\/www.europesays.com\/es\/wp-json\/wp\/v2\/types\/post"}],"author":[{"embeddable":true,"href":"https:\/\/www.europesays.com\/es\/wp-json\/wp\/v2\/users\/2"}],"replies":[{"embeddable":true,"href":"https:\/\/www.europesays.com\/es\/wp-json\/wp\/v2\/comments?post=69344"}],"version-history":[{"count":0,"href":"https:\/\/www.europesays.com\/es\/wp-json\/wp\/v2\/posts\/69344\/revisions"}],"wp:featuredmedia":[{"embeddable":true,"href":"https:\/\/www.europesays.com\/es\/wp-json\/wp\/v2\/media\/69345"}],"wp:attachment":[{"href":"https:\/\/www.europesays.com\/es\/wp-json\/wp\/v2\/media?parent=69344"}],"wp:term":[{"taxonomy":"category","embeddable":true,"href":"https:\/\/www.europesays.com\/es\/wp-json\/wp\/v2\/categories?post=69344"},{"taxonomy":"post_tag","embeddable":true,"href":"https:\/\/www.europesays.com\/es\/wp-json\/wp\/v2\/tags?post=69344"}],"curies":[{"name":"wp","href":"https:\/\/api.w.org\/{rel}","templated":true}]}}